{"id":157301,"date":"2020-05-17T17:39:00","date_gmt":"2020-05-17T22:39:00","guid":{"rendered":"http:\/\/vertienteglobal.com\/?p=157301"},"modified":"2020-05-17T21:41:26","modified_gmt":"2020-05-18T02:41:26","slug":"pan-pide-destitucion-de-titulares-de-sener-cfe-y-pemex","status":"publish","type":"post","link":"http:\/\/vertienteglobal.com\/?p=157301","title":{"rendered":"PAN pide destituci\u00f3n de titulares de Sener, CFE y Pemex"},"content":{"rendered":"\n<div class=\"twitterbutton\" style=\"float: right; padding-left: 5px;\"><a href=\"http:\/\/twitter.com\/share\" class=\"twitter-share-button\" data-count=\"horizontal\" data-text=\"PAN pide destituci\u00f3n de titulares de Sener, CFE y Pemex\" data-via=\"https:\/\/twitter.com\/VertienteGloba1\" data-url=\"http:\/\/vertienteglobal.com\/?p=157301\" data-lang=\"es\" data-related=\"Informaci\u00f3n general:S\u00edguenos para que est\u00e9ss informado\"><\/a><\/div>\n<figure class=\"wp-block-gallery columns-1 is-cropped wp-block-gallery-1 is-layout-flex wp-block-gallery-is-layout-flex\"><ul class=\"blocks-gallery-grid\"><li class=\"blocks-gallery-item\"><figure><img loading=\"lazy\" decoding=\"async\" width=\"1024\" height=\"683\" src=\"http:\/\/vertienteglobal.com\/wp-content\/uploads\/2020\/05\/1101495-1.jpg\" alt=\"\" data-id=\"157302\" data-full-url=\"http:\/\/vertienteglobal.com\/wp-content\/uploads\/2020\/05\/1101495-1.jpg\" data-link=\"http:\/\/vertienteglobal.com\/?attachment_id=157302\" class=\"wp-image-157302\" srcset=\"http:\/\/vertienteglobal.com\/wp-content\/uploads\/2020\/05\/1101495-1.jpg 1024w, http:\/\/vertienteglobal.com\/wp-content\/uploads\/2020\/05\/1101495-1-300x200.jpg 300w, http:\/\/vertienteglobal.com\/wp-content\/uploads\/2020\/05\/1101495-1-150x100.jpg 150w, http:\/\/vertienteglobal.com\/wp-content\/uploads\/2020\/05\/1101495-1-768x512.jpg 768w\" sizes=\"auto, (max-width: 1024px) 100vw, 1024px\" \/><\/figure><\/li><\/ul><\/figure>\n\n\n\n<p>(Redacci\u00f3n)<\/p>\n\n\n\n<p>Calific\u00f3 el Acuerdo por el que se emite la Pol\u00edtica de Confiabilidad, Seguridad, Continuidad y Calidad en el Sistema El\u00e9ctrico Nacional como la primera aut\u00e9ntica estatizaci\u00f3n del gobierno de Andr\u00e9s Manuel L\u00f3pez Obrador<\/p>\n\n\n\n<p>Ciudad de M\u00e9xico a 17 de mayo de 2020.-<br>El coordinador de los diputados federales del PAN, Juan Carlos Romero Hicks, demand\u00f3 la destituci\u00f3n inmediata del gabinete energ\u00e9tico encabezado por la secretaria de Energ\u00eda, Roc\u00edo Nahle, as\u00ed como los directores de la Comisi\u00f3n Federal de Electricidad (CFE), Manuel Bartlett, y de Petr\u00f3leos Mexicanos (Pemex), Octavio Romero Oropeza.<\/p>\n\n\n\n<p>Y es que en un comunicado, calific\u00f3 el Acuerdo por el que se emite la Pol\u00edtica de Confiabilidad, Seguridad, Continuidad y Calidad en el Sistema El\u00e9ctrico Nacional como la primera aut\u00e9ntica estatizaci\u00f3n del gobierno de Andr\u00e9s Manuel L\u00f3pez Obrador.<\/p>\n\n\n\n<p>Precis\u00f3 que m\u00e1s all\u00e1 de la cadena de irregularidades para la entrada en vigor de la medida, una de las m\u00e1s graves y directas afectaciones sobre la poblaci\u00f3n mexicana es el desplazamiento de la generaci\u00f3n limpia de electricidad para regresar al carb\u00f3n y el combust\u00f3leo, altamente contaminantes.<\/p>\n\n\n\n<p>Seg\u00fan el legislador del Partido Acci\u00f3n Nacional (PAN), una vez m\u00e1s se vuelve a atropellar el Estado de derecho y la certidumbre para los inversionistas nacionales y extranjeros que enfrentan la incongruencia de que todo lo que acuerdan en un contrato se puede venir abajo de la noche a la ma\u00f1ana.<\/p>\n\n\n\n<p>Romero Hicks se\u00f1al\u00f3 que con ello se elimina la posibilidad de instalar plantas de energ\u00edas limpias, como la e\u00f3lica y la solar, que resultan m\u00e1s baratas y sin impacto al medio ambiente, comprometiendo a M\u00e9xico en los acuerdos internacionales.<\/p>\n\n\n\n<p>Asimismo, destac\u00f3 el desaseo para obligar a que el acuerdo mencionado fuera publicado en el Diario Oficial de la Federaci\u00f3n sin cumplir con el obligado requisito de evaluar el impacto regulatorio de la Comisi\u00f3n Nacional de Mejora Regulatoria.<\/p>\n\n\n\n<p>De acuerdo con el panista, tal medida ha generado la preocupaci\u00f3n y protesta de las embajadas de Canad\u00e1 y las 19 naciones que integran la Uni\u00f3n Europea, pues advierten que se ponen en riesgo inversiones por m\u00e1s de seis mil 500 millones de d\u00f3lares de las empresas de sus pa\u00edses que est\u00e1n en M\u00e9xico.<\/p>\n\n\n\n<p>Consider\u00f3 que las prohibiciones que establece el acuerdo vigente, desde el s\u00e1bado pasado, constituyen una aut\u00e9ntica estatizaci\u00f3n, toda vez que la Secretar\u00eda de Energ\u00eda asume totalmente el control del Sistema El\u00e9ctrico Nacional y frena las inversiones en energ\u00edas limpias o renovables.<\/p>\n\n\n\n<p>De igual forma, agreg\u00f3, se imponen pruebas y limitaciones para las nuevas centrales de generaci\u00f3n de energ\u00eda a trav\u00e9s de m\u00e9todos renovables, limita la emisi\u00f3n de permisos para nuevas plantas e\u00f3licas o solares y proh\u00edbe construcciones en lugares que se consideren congestionados o con poca capacidad de transmisi\u00f3n. (Fuente: Notimex)<\/p>\n\n\n\n<figure class=\"wp-block-gallery columns-1 is-cropped wp-block-gallery-2 is-layout-flex wp-block-gallery-is-layout-flex\"><ul class=\"blocks-gallery-grid\"><li class=\"blocks-gallery-item\"><figure><img loading=\"lazy\" decoding=\"async\" width=\"799\" height=\"1024\" src=\"http:\/\/vertienteglobal.com\/wp-content\/uploads\/2020\/05\/IMG_20200517_213822-799x1024.jpg\" alt=\"\" data-id=\"157303\" data-full-url=\"http:\/\/vertienteglobal.com\/wp-content\/uploads\/2020\/05\/IMG_20200517_213822.jpg\" data-link=\"http:\/\/vertienteglobal.com\/?attachment_id=157303\" class=\"wp-image-157303\" srcset=\"http:\/\/vertienteglobal.com\/wp-content\/uploads\/2020\/05\/IMG_20200517_213822-799x1024.jpg 799w, http:\/\/vertienteglobal.com\/wp-content\/uploads\/2020\/05\/IMG_20200517_213822-234x300.jpg 234w, http:\/\/vertienteglobal.com\/wp-content\/uploads\/2020\/05\/IMG_20200517_213822-117x150.jpg 117w, http:\/\/vertienteglobal.com\/wp-content\/uploads\/2020\/05\/IMG_20200517_213822-768x984.jpg 768w, http:\/\/vertienteglobal.com\/wp-content\/uploads\/2020\/05\/IMG_20200517_213822.jpg 1019w\" sizes=\"auto, (max-width: 799px) 100vw, 799px\" \/><\/figure><\/li><\/ul><\/figure>\n\n\n\n<figure class=\"wp-block-gallery columns-1 is-cropped wp-block-gallery-3 is-layout-flex wp-block-gallery-is-layout-flex\"><ul class=\"blocks-gallery-grid\"><li class=\"blocks-gallery-item\"><figure><img loading=\"lazy\" decoding=\"async\" width=\"807\" height=\"1024\" src=\"http:\/\/vertienteglobal.com\/wp-content\/uploads\/2020\/05\/IMG_20200517_213825-807x1024.jpg\" alt=\"\" data-id=\"157304\" data-full-url=\"http:\/\/vertienteglobal.com\/wp-content\/uploads\/2020\/05\/IMG_20200517_213825.jpg\" data-link=\"http:\/\/vertienteglobal.com\/?attachment_id=157304\" class=\"wp-image-157304\" srcset=\"http:\/\/vertienteglobal.com\/wp-content\/uploads\/2020\/05\/IMG_20200517_213825-807x1024.jpg 807w, http:\/\/vertienteglobal.com\/wp-content\/uploads\/2020\/05\/IMG_20200517_213825-236x300.jpg 236w, http:\/\/vertienteglobal.com\/wp-content\/uploads\/2020\/05\/IMG_20200517_213825-118x150.jpg 118w, http:\/\/vertienteglobal.com\/wp-content\/uploads\/2020\/05\/IMG_20200517_213825-768x975.jpg 768w, http:\/\/vertienteglobal.com\/wp-content\/uploads\/2020\/05\/IMG_20200517_213825.jpg 1020w\" sizes=\"auto, (max-width: 807px) 100vw, 807px\" \/><\/figure><\/li><\/ul><\/figure>\n","protected":false},"excerpt":{"rendered":"<p>(Redacci\u00f3n) Calific\u00f3 el Acuerdo por el que se emite la Pol\u00edtica de Confiabilidad, Seguridad, Continuidad y Calidad en el Sistema El\u00e9ctrico Nacional como la primera aut\u00e9ntica estatizaci\u00f3n del gobierno de Andr\u00e9s Manuel L\u00f3pez Obrador Ciudad de M\u00e9xico a 17 de mayo de 2020.-El coordinador de los diputados federales del PAN, Juan Carlos Romero Hicks, demand\u00f3 [&hellip;]<\/p>\n","protected":false},"author":1,"featured_media":157302,"comment_status":"open","ping_status":"open","sticky":false,"template":"","format":"standard","meta":{"footnotes":""},"categories":[8],"tags":[],"class_list":["post-157301","post","type-post","status-publish","format-standard","has-post-thumbnail","hentry","category-pais","entry","has-media"],"jetpack_featured_media_url":"http:\/\/vertienteglobal.com\/wp-content\/uploads\/2020\/05\/1101495-1.jpg","_links":{"self":[{"href":"http:\/\/vertienteglobal.com\/index.php?rest_route=\/wp\/v2\/posts\/157301","targetHints":{"allow":["GET"]}}],"collection":[{"href":"http:\/\/vertienteglobal.com\/index.php?rest_route=\/wp\/v2\/posts"}],"about":[{"href":"http:\/\/vertienteglobal.com\/index.php?rest_route=\/wp\/v2\/types\/post"}],"author":[{"embeddable":true,"href":"http:\/\/vertienteglobal.com\/index.php?rest_route=\/wp\/v2\/users\/1"}],"replies":[{"embeddable":true,"href":"http:\/\/vertienteglobal.com\/index.php?rest_route=%2Fwp%2Fv2%2Fcomments&post=157301"}],"version-history":[{"count":0,"href":"http:\/\/vertienteglobal.com\/index.php?rest_route=\/wp\/v2\/posts\/157301\/revisions"}],"wp:featuredmedia":[{"embeddable":true,"href":"http:\/\/vertienteglobal.com\/index.php?rest_route=\/wp\/v2\/media\/157302"}],"wp:attachment":[{"href":"http:\/\/vertienteglobal.com\/index.php?rest_route=%2Fwp%2Fv2%2Fmedia&parent=157301"}],"wp:term":[{"taxonomy":"category","embeddable":true,"href":"http:\/\/vertienteglobal.com\/index.php?rest_route=%2Fwp%2Fv2%2Fcategories&post=157301"},{"taxonomy":"post_tag","embeddable":true,"href":"http:\/\/vertienteglobal.com\/index.php?rest_route=%2Fwp%2Fv2%2Ftags&post=157301"}],"curies":[{"name":"wp","href":"https:\/\/api.w.org\/{rel}","templated":true}]}}