{"id":157265,"date":"2020-05-17T10:47:00","date_gmt":"2020-05-17T15:47:00","guid":{"rendered":"http:\/\/vertienteglobal.com\/?p=157265"},"modified":"2020-05-17T11:49:39","modified_gmt":"2020-05-17T16:49:39","slug":"resguarda-fge-zona-de-manglar-y-humedales-aparentemente-afectados-en-mahahual","status":"publish","type":"post","link":"http:\/\/vertienteglobal.com\/?p=157265","title":{"rendered":"Resguarda FGE zona de manglar y humedales aparentemente afectados en Mahahual"},"content":{"rendered":"\n<div class=\"twitterbutton\" style=\"float: right; padding-left: 5px;\"><a href=\"http:\/\/twitter.com\/share\" class=\"twitter-share-button\" data-count=\"horizontal\" data-text=\"Resguarda FGE zona de manglar y humedales aparentemente afectados en Mahahual\" data-via=\"https:\/\/twitter.com\/VertienteGloba1\" data-url=\"http:\/\/vertienteglobal.com\/?p=157265\" data-lang=\"es\" data-related=\"Informaci\u00f3n general:S\u00edguenos para que est\u00e9ss informado\"><\/a><\/div>\n<figure class=\"wp-block-gallery columns-1 is-cropped wp-block-gallery-1 is-layout-flex wp-block-gallery-is-layout-flex\"><ul class=\"blocks-gallery-grid\"><li class=\"blocks-gallery-item\"><figure><img loading=\"lazy\" decoding=\"async\" width=\"1024\" height=\"683\" src=\"http:\/\/vertienteglobal.com\/wp-content\/uploads\/2020\/05\/IMG_20200517_113632-1024x683.jpg\" alt=\"\" data-id=\"157266\" data-full-url=\"http:\/\/vertienteglobal.com\/wp-content\/uploads\/2020\/05\/IMG_20200517_113632.jpg\" data-link=\"http:\/\/vertienteglobal.com\/?attachment_id=157266\" class=\"wp-image-157266\" srcset=\"http:\/\/vertienteglobal.com\/wp-content\/uploads\/2020\/05\/IMG_20200517_113632-1024x683.jpg 1024w, http:\/\/vertienteglobal.com\/wp-content\/uploads\/2020\/05\/IMG_20200517_113632-300x200.jpg 300w, http:\/\/vertienteglobal.com\/wp-content\/uploads\/2020\/05\/IMG_20200517_113632-150x100.jpg 150w, http:\/\/vertienteglobal.com\/wp-content\/uploads\/2020\/05\/IMG_20200517_113632-768x512.jpg 768w, http:\/\/vertienteglobal.com\/wp-content\/uploads\/2020\/05\/IMG_20200517_113632.jpg 1200w\" sizes=\"auto, (max-width: 1024px) 100vw, 1024px\" \/><\/figure><\/li><\/ul><\/figure>\n\n\n\n<p>(Antonio Rivera)<\/p>\n\n\n\n<p>Se instalaron se\u00f1alizaciones para evitar accesos no autorizados al \u00e1rea de manglar afectado<\/p>\n\n\n\n<p>Chetumal, Quintana Roo a 17 de mayo de 2020.- La Fiscal\u00eda General del Estado de Quintana Roo informa que Polic\u00edas de Investigaci\u00f3n y personal de Servicios Generales de esta instituci\u00f3n, acordonaron el per\u00edmetro e instalaron avisos en la entrada al \u00e1rea de manglar y humedales aparentemente afectados en la localidad de Mahahual al sur del estado, para resguardar el sitio de probables actos delictivos.<\/p>\n\n\n\n<p>De igual forma, peritos especializados contin\u00faan las labores para recabar evidencias y avanzar en las investigaciones de probables da\u00f1os al medio ambiente y a la fauna y con ello contribuir con las autoridades ambientales en las diligencias que se integran a la carpeta de investigaci\u00f3n que se inici\u00f3 por el probable da\u00f1o a m\u00e1s de seis mil metros cuadrados de manglares y humedales.<\/p>\n\n\n\n<p>A trav\u00e9s del trabajo coordinado con las diferentes instancias estatales y federales involucradas, se fortalecen las labores de investigaci\u00f3n para determinar el da\u00f1o al \u00e1rea de manglares y presentar a los probables participantes ante los tribunales competentes.<\/p>\n\n\n\n<figure class=\"wp-block-gallery columns-1 is-cropped wp-block-gallery-2 is-layout-flex wp-block-gallery-is-layout-flex\"><ul class=\"blocks-gallery-grid\"><li class=\"blocks-gallery-item\"><figure><img loading=\"lazy\" decoding=\"async\" width=\"1024\" height=\"683\" src=\"http:\/\/vertienteglobal.com\/wp-content\/uploads\/2020\/05\/IMG_20200517_113635-1024x683.jpg\" alt=\"\" data-id=\"157267\" data-full-url=\"http:\/\/vertienteglobal.com\/wp-content\/uploads\/2020\/05\/IMG_20200517_113635.jpg\" data-link=\"http:\/\/vertienteglobal.com\/?attachment_id=157267\" class=\"wp-image-157267\" srcset=\"http:\/\/vertienteglobal.com\/wp-content\/uploads\/2020\/05\/IMG_20200517_113635-1024x683.jpg 1024w, http:\/\/vertienteglobal.com\/wp-content\/uploads\/2020\/05\/IMG_20200517_113635-300x200.jpg 300w, http:\/\/vertienteglobal.com\/wp-content\/uploads\/2020\/05\/IMG_20200517_113635-150x100.jpg 150w, http:\/\/vertienteglobal.com\/wp-content\/uploads\/2020\/05\/IMG_20200517_113635-768x512.jpg 768w, http:\/\/vertienteglobal.com\/wp-content\/uploads\/2020\/05\/IMG_20200517_113635.jpg 1200w\" sizes=\"auto, (max-width: 1024px) 100vw, 1024px\" \/><\/figure><\/li><\/ul><\/figure>\n","protected":false},"excerpt":{"rendered":"<p>(Antonio Rivera) Se instalaron se\u00f1alizaciones para evitar accesos no autorizados al \u00e1rea de manglar afectado Chetumal, Quintana Roo a 17 de mayo de 2020.- La Fiscal\u00eda General del Estado de Quintana Roo informa que Polic\u00edas de Investigaci\u00f3n y personal de Servicios Generales de esta instituci\u00f3n, acordonaron el per\u00edmetro e instalaron avisos en la entrada al [&hellip;]<\/p>\n","protected":false},"author":1,"featured_media":157266,"comment_status":"open","ping_status":"open","sticky":false,"template":"","format":"standard","meta":{"footnotes":""},"categories":[3],"tags":[],"class_list":["post-157265","post","type-post","status-publish","format-standard","has-post-thumbnail","hentry","category-quintana-roo","entry","has-media"],"jetpack_featured_media_url":"http:\/\/vertienteglobal.com\/wp-content\/uploads\/2020\/05\/IMG_20200517_113632.jpg","_links":{"self":[{"href":"http:\/\/vertienteglobal.com\/index.php?rest_route=\/wp\/v2\/posts\/157265","targetHints":{"allow":["GET"]}}],"collection":[{"href":"http:\/\/vertienteglobal.com\/index.php?rest_route=\/wp\/v2\/posts"}],"about":[{"href":"http:\/\/vertienteglobal.com\/index.php?rest_route=\/wp\/v2\/types\/post"}],"author":[{"embeddable":true,"href":"http:\/\/vertienteglobal.com\/index.php?rest_route=\/wp\/v2\/users\/1"}],"replies":[{"embeddable":true,"href":"http:\/\/vertienteglobal.com\/index.php?rest_route=%2Fwp%2Fv2%2Fcomments&post=157265"}],"version-history":[{"count":0,"href":"http:\/\/vertienteglobal.com\/index.php?rest_route=\/wp\/v2\/posts\/157265\/revisions"}],"wp:featuredmedia":[{"embeddable":true,"href":"http:\/\/vertienteglobal.com\/index.php?rest_route=\/wp\/v2\/media\/157266"}],"wp:attachment":[{"href":"http:\/\/vertienteglobal.com\/index.php?rest_route=%2Fwp%2Fv2%2Fmedia&parent=157265"}],"wp:term":[{"taxonomy":"category","embeddable":true,"href":"http:\/\/vertienteglobal.com\/index.php?rest_route=%2Fwp%2Fv2%2Fcategories&post=157265"},{"taxonomy":"post_tag","embeddable":true,"href":"http:\/\/vertienteglobal.com\/index.php?rest_route=%2Fwp%2Fv2%2Ftags&post=157265"}],"curies":[{"name":"wp","href":"https:\/\/api.w.org\/{rel}","templated":true}]}}