{"id":157228,"date":"2020-05-16T19:48:00","date_gmt":"2020-05-17T00:48:00","guid":{"rendered":"http:\/\/vertienteglobal.com\/?p=157228"},"modified":"2020-05-17T03:17:56","modified_gmt":"2020-05-17T08:17:56","slug":"periodista-de-veracruz-narra-su-experiencia-con-el-covid-19","status":"publish","type":"post","link":"http:\/\/vertienteglobal.com\/?p=157228","title":{"rendered":"Periodista de Veracruz narra su experiencia con el COVID-19"},"content":{"rendered":"\n<div class=\"twitterbutton\" style=\"float: right; padding-left: 5px;\"><a href=\"http:\/\/twitter.com\/share\" class=\"twitter-share-button\" data-count=\"horizontal\" data-text=\"Periodista de Veracruz narra su experiencia con el COVID-19\" data-via=\"https:\/\/twitter.com\/VertienteGloba1\" data-url=\"http:\/\/vertienteglobal.com\/?p=157228\" data-lang=\"es\" data-related=\"Informaci\u00f3n general:S\u00edguenos para que est\u00e9ss informado\"><\/a><\/div>\n<figure class=\"wp-block-gallery columns-1 is-cropped wp-block-gallery-1 is-layout-flex wp-block-gallery-is-layout-flex\"><ul class=\"blocks-gallery-grid\"><li class=\"blocks-gallery-item\"><figure><img loading=\"lazy\" decoding=\"async\" width=\"1024\" height=\"683\" src=\"http:\/\/vertienteglobal.com\/wp-content\/uploads\/2020\/05\/1101385.jpg\" alt=\"\" data-id=\"157229\" data-full-url=\"http:\/\/vertienteglobal.com\/wp-content\/uploads\/2020\/05\/1101385.jpg\" data-link=\"http:\/\/vertienteglobal.com\/?attachment_id=157229\" class=\"wp-image-157229\" srcset=\"http:\/\/vertienteglobal.com\/wp-content\/uploads\/2020\/05\/1101385.jpg 1024w, http:\/\/vertienteglobal.com\/wp-content\/uploads\/2020\/05\/1101385-300x200.jpg 300w, http:\/\/vertienteglobal.com\/wp-content\/uploads\/2020\/05\/1101385-150x100.jpg 150w, http:\/\/vertienteglobal.com\/wp-content\/uploads\/2020\/05\/1101385-768x512.jpg 768w\" sizes=\"auto, (max-width: 1024px) 100vw, 1024px\" \/><\/figure><\/li><\/ul><\/figure>\n\n\n\n<p>(Redacci\u00f3n)<\/p>\n\n\n\n<p>La comunicadora comparti\u00f3 c\u00f3mo fue que le diagnosticaron la enfermedad, el tratamiento al que fue sometida y algunos remedios que a ella le funcionaron para mitigar los malestares ocasionados por el COVID-19<\/p>\n\n\n\n<p>Xalapa, Veracruz a 16 de mayo de 2020.- La periodista veracruzana Teresa Morales narr\u00f3 a trav\u00e9s de sus redes sociales la experiencia que vivi\u00f3 al padecer COVID-19.<\/p>\n\n\n\n<p>Y es que la comunicadora comparti\u00f3 c\u00f3mo fue que le diagnosticaron la enfermedad, el tratamiento al que fue sometida y algunos remedios que a ella le funcionaron para mitigar los malestares ocasionados por el COVID-19.<\/p>\n\n\n\n<p>A continuaci\u00f3n, el texto completo:<\/p>\n\n\n\n<p>SOBREVIVIR AL COVID19<\/p>\n\n\n\n<p>An\u00e9cdota de vida, OJO: es una experiencia emp\u00edrica<br>Si gustas compartirlo, si\u00e9ntete libre de hacerlo. Quiz\u00e1 esto pueda ayudar a salvar m\u00e1s vidas. (Todo es con consulta de sus doctores)<\/p>\n\n\n\n<p>Escribirles esto ha sido la experiencia m\u00e1s dif\u00edcil, pero gracias a Dios podemos tener la fortuna de decir &lt;&gt; y compartirlo. Ya han pasado m\u00e1s de 17 d\u00edas y a este punto estoy en condiciones de decir: hemos superado la etapa m\u00e1s dif\u00edcil del virus.<\/p>\n\n\n\n<p>Decir que uno es sobreviviente a una pandemia mundial es una bendici\u00f3n de Dios y un regalo de vida. Y espero que mi relato sirva para muchas personas que lamentablemente est\u00e1n contagiadas o (se contagiar\u00e1n de esta terrible enfermedad.<\/p>\n\n\n\n<p>LOS S\u00cdNTOMAS:<\/p>\n\n\n\n<p>Puedo detallar que el inicio de los s\u00edntomas se manifestaron despu\u00e9s del 24 de abril, y que desde el primer momento sabes que lo que est\u00e1 en tu cuerpo no es lo mismo a lo que has pasado en otras enfermedades.<\/p>\n\n\n\n<p>Los primeros d\u00edas podr\u00eda confundirse con una especie de dengue o influenza.<\/p>\n\n\n\n<p>Dolor de cabeza<br>Fiebre que cambia de forma dr\u00e1stica (37 a 39 grados)<br>Ojos rojos<br>Cuerpo cortado<br>Gripe etc<br>Dolor de garganta (pero que no es infecci\u00f3n en la garganta)<br>Tos seca<\/p>\n\n\n\n<p>Con el paso de los d\u00edas pueden sentir que la fiebre y el dolor de garganta se pueden intensificar. La tos persiste pero es seca, toda tu garganta se siente \u00e1spera y duele, pero no hay infecci\u00f3n como tal en la garganta.<\/p>\n\n\n\n<p>El punto m\u00e1s sospechoso, considero yo, fue perder el gusto y el olfato, y es que literal, no sientes nada. Ni olores, nada de sabores. La comida es ins\u00edpida y eso te hace incluso dejar de comer. Aqu\u00ed es donde puedes sospechar que tus s\u00edntomas empezar\u00e1n a ponerse m\u00e1s agresivos.<\/p>\n\n\n\n<p>En mi caso, posterior a la fecha de la muerte de mi pap\u00e1 que ustedes ya saben (04 de Mayo) los s\u00edntomas se volvieron m\u00e1s fuertes y es un golpe muy fuerte que tu sistema inmunol\u00f3gico debe afrontar. Y aqu\u00ed empieza lo feo porque tus pulmones empiezan a fallar y comienzas la lucha por respirar.<\/p>\n\n\n\n<p>Despu\u00e9s de esa fecha tuve complicaciones para poder respirar: al querer respirar hondo es como si algo te golpeara en la garganta y te provocara tos: de esa tos te comienza una desesperaci\u00f3n por querer respirar que hace que tu pecho se contraiga de una forma muy fea. Literal (pareces como un pez que lucha por respirar afuera del agua). Tu respiraci\u00f3n se vuelva m\u00e1s r\u00e1pida y corta y eso va da\u00f1ando tus pulmones. Te duele el coraz\u00f3n de tanto esforzarse a querer respirar. Tu garganta duele y la tos seca hace que te duela toda la espalda y las costillas. No puedes hacer ning\u00fan esfuerzo porque eso te agita y de hablar ni se diga. Cada palabra implica un sobre esfuerzo para poder respirar.<\/p>\n\n\n\n<p>Para vencer a este virus lo m\u00e1s importante es cuidar dos cosas: tu temperatura corporal &amp;\u2019 la calidad del ox\u00edgeno en tus pulmones y tu cuerpo (oxigenaci\u00f3n) porque de no mantenerlos en un buen nivel pueden traer problemas a futuro que te enviar\u00edan a un hospital (o unidad de emergencias respiratorias) y eso ser\u00eda el peor escenario ante el lamentable sistema de salud que tenemos.<\/p>\n\n\n\n<p>Si tienes antecedentes de problemas pulmonares, diabetes, hipertensi\u00f3n u otra enfermedad cr\u00f3nica, tienes m\u00e1s riesgo de no contarla.<\/p>\n\n\n\n<p>TRATAMIENTOS:<\/p>\n\n\n\n<p>En mi caso los primeros d\u00edas mi diagn\u00f3stico fue desacertado y me medicaron antibi\u00f3ticos y paracetamol. Despu\u00e9s de tres d\u00edas y con los s\u00edntomas m\u00e1s desarrollados se me instruy\u00f3 mantener una cuarentena y aislamiento en casa por s\u00edntomas de COVID-19: mi tratamiento fue de paracetamol cada 8 horas y vigilar mi temperatura.<\/p>\n\n\n\n<p>Algo que ha sido de mucha ayuda, fue que en semanas antes hab\u00eda recibido un tratamiento a base de Tribedoce (complejo B para mi ansiedad, (enserio si tienen oportunidad de inyectarse o reforzar sus defensas no lo duden. Ahora se lo agradezco tanto a mi cuerpo, mis defensas estuvieron a la altura para dar pelea).<\/p>\n\n\n\n<p>Durante estos d\u00edas me volvieron a suministrar una carga de Tribedoce y eso acompa\u00f1ado de dormir de forma prolongada y tener reposo absoluto, me permiti\u00f3 mantener mis defensas.<\/p>\n\n\n\n<p>REMEDIOS CASEROS<\/p>\n\n\n\n<p>Esta parte para sobrevivir el coronavirus es la m\u00e1s importante porque m\u00e1s all\u00e1 de las medicinas y las prescripciones, mis doctores han optado por recomendar alternativas naturales a la hora de combatir el virus y aqu\u00ed les pondr\u00e9 paso a paso lo que me ayud\u00f3 en estos d\u00edas.<\/p>\n\n\n\n<p>T\u00c9 Y BA\u00d1O DE VAPOR.<\/p>\n\n\n\n<p>Para este primer t\u00e9 necesitar\u00e1n:<\/p>\n\n\n\n<p>Ajo picado en peque\u00f1os trozos<br>Jengibre<br>Eucalipto<br>Cebolla morada<br>Miel<br>Trozos de lim\u00f3n Lim\u00f3n (u hojas de lim\u00f3n o naranja)<br>Jarabe de miel con eucalipto (en Simi venden uno muy bueno)<\/p>\n\n\n\n<p>Preparaci\u00f3n: ponen a hervir todo y antes de tomar le agregan solo la miel o el jarabe de eucalipto. Antes de tomarlo deben aspirar lo caliente del t\u00e9. Para esto pueden cubrirse completamente con una s\u00e1bana o una toalla e inhalar todo lo calientito de su infusi\u00f3n. Se pueden poder Vick Vaporub o alg\u00fan ung\u00fcento caliente en pecho y espalda, y nariz y ya tapados comenzar a generar y respirar el vapor. De ah\u00ed se toman el t\u00e9 y se tapan.<\/p>\n\n\n\n<p>Van a sudar y van a sudar mucho, eso es bueno para que el virus vaya saliendo a trav\u00e9s de las toxinas. Una vez terminado el proceso deber\u00e1n cambiarse de ropa y permanecer en ese clima c\u00e1lido. Tambi\u00e9n hay que hidratarse posteriormente porque el sudor provoca resequedad en la garganta y deshidrataci\u00f3n.<\/p>\n\n\n\n<p>INFUSI\u00d3N #2 Esta es similar a la primera pero pueden agregarle:<\/p>\n\n\n\n<p>Canela<br>Clavo<br>Trocitos de comino<\/p>\n\n\n\n<p>Jengibre<br>Miel<br>Lim\u00f3n<br>Ajo<br>Eucalipto<\/p>\n\n\n\n<p>Aqu\u00ed depende de cu\u00e1nto pueden aguantar el picor de los ingredientes.<\/p>\n\n\n\n<p>NOTA: en el caso de personas con hipertensi\u00f3n deben tener cuidado con el uso de jengibre porque este puede alterar su ritmo cardiaco. Todos estos remedios deben consultarlo con sus doctores.<\/p>\n\n\n\n<p>REMEDIO 3: ASPIRINA Y LIM\u00d3N<\/p>\n\n\n\n<p>Para este remedio que ha ayudado en el tema de la fiebre y los pulmones van a utilizar<\/p>\n\n\n\n<p>Dos aspirinas<br>1 lim\u00f3n partido en cuatro partes<br>Agua<br>Miel<\/p>\n\n\n\n<p>Ponen a hervir los limones y la aspirina hasta el punto en que la medicina se disuelva. Agregan la miel para mejorar su sabor y se lo toman de la misma forma que con las otras infusiones.<\/p>\n\n\n\n<p>Esto ayudar\u00e1 a que sus pulmones se destapen y alivia la sensaci\u00f3n de ahogo y la resequedad de la garganta.<\/p>\n\n\n\n<p>Durante todo el periodo del virus es importante estar hidratados: yo tome desde suero com\u00fan hasta Gatorade, aguas a temperatura ambiente y las infusiones como agua de tiempo. En todo momento hay que tomar agua y todo tipo de l\u00edquidos porque as\u00ed los virus se van al est\u00f3mago y se queman con los \u00e1cidos g\u00e1stricos.<\/p>\n\n\n\n<p>Estos tratamientos han sido utilizados en EU por familias hispanas, en el caso de algunos familiares m\u00edos en Nueva Jersey y su recuperaci\u00f3n ha sido buena. Ah\u00ed hasta algunos doctores dan por visto bueno la aplicaci\u00f3n de los remedios de nuestros ancestros en comparaci\u00f3n a la recuperaci\u00f3n de pacientes que no son de origen latino (descendencia mexicana)<\/p>\n\n\n\n<p>RESPIRADORES<\/p>\n\n\n\n<p>Estos \u00faltimos d\u00edas la situaci\u00f3n de mis pulmones se complic\u00f3 pero a toda costa buscamos no terminar en un hospital entubados entonces de ah\u00ed el uso de respiradores, inhaladores y nebulizadores para que el pulm\u00f3n pudiera hacerlo de forma aut\u00f3noma.<\/p>\n\n\n\n<p>Tuve que comprar una m\u00e1quina de nebulizaciones que est\u00e1 en el mercado desde (700 a 1.200 pesos) y el suministro de las dosis puede consultarla con un m\u00e9dico.<\/p>\n\n\n\n<p>Tanto mi mam\u00e1 como yo estuvimos con dosis de Pulmicort, Albuterol y salbutamol compuesto en sesiones de dos o hasta tres veces por d\u00eda. Sobre todo cuando no hab\u00eda siguiente ox\u00edgeno en los pulmones y provocaba que la respiraci\u00f3n fue m\u00e1s agitada.<\/p>\n\n\n\n<p>Tambi\u00e9n he estado suministr\u00e1ndome dosis de salbutamol con un inhalador para el asma y eso ayuda a que los pulmones puedan descansar de tanto esfuerzo.<\/p>\n\n\n\n<p>A esta fecha puedo decir gracias a Dios que ya llevo 3 d\u00edas sin necesidad de un respirador y de la m\u00e1quina para poder inhalar y tener aire en los pulmones, pero en caso de ser necesario tengo el equipo a la mano para ayudar a mi pulm\u00f3n.<\/p>\n\n\n\n<p>Posterior a estos d\u00edas a\u00fan es recomendable seguir consumiendo las infusiones y con la hidrataci\u00f3n. Ahora ya desaparecieron las fiebres, el dolor de cuerpo y ya he recuperado el olfato y el gusto por los alimentos.<\/p>\n\n\n\n<p>A\u00fan tengo una ligera opresi\u00f3n en el pecho pero trato de no hacer sobre esfuerzos.<\/p>\n\n\n\n<p>Hoy tuve una ligera reca\u00edda en cuanto a la temperatura (tuve fiebre y sudoraciones) pero con el consumo del paracetamol se ha ido controlando.<\/p>\n\n\n\n<p>Una realidad es que la condici\u00f3n de tus pulmones no vuelve ser la misma y a partir de ahora tengo que ver por tratamientos para reforzar el sistema inmune y tratar de reparar el da\u00f1o que el virus me hizo. Me han recomendado el uso de un tratamiento herbolario llamado (PULMOCALCIO) que puede ayudar a que mi pulm\u00f3n se recupere.<\/p>\n\n\n\n<p>La enfermedad al final puede traerte efectos como diarrea, n\u00e1useas, y en mi caso me provoc\u00f3 sangrado en la nariz y la aparici\u00f3n de puntos rojos y lesiones en la lengua (de este \u00faltimo y en el caso de ni\u00f1os deben tener cuidado porque puede ser una sub enfermedad del COVID-19 denominada KAWASAKI, y que en EU est\u00e1 pegando fuerte). Es una inflamaci\u00f3n de la piel y de los vasos sangu\u00edneos, as\u00ed qu\u00e9 hay que revisar a los ni\u00f1os de la piel y lengua.<\/p>\n\n\n\n<p>Sobre las comidas lo mejor es llev\u00e1rsela en caldos y sopas. Eso ha sido mi comida durante los d\u00edas que he tenido apetito. O en su caso, smoothies de avena con pl\u00e1tano y mango. (Llenan y no son pesadas para el est\u00f3mago)<\/p>\n\n\n\n<p>Eviten fumar, beber o desvelarse. Ahorita lo importante es que todos cuidemos nuestros cuerpos y el sistema inmunol\u00f3gico. Hay que tomarse la temperatura, la presi\u00f3n y la oxigenaci\u00f3n (con un oximetro que regularmente tienen los doctores)<\/p>\n\n\n\n<p>Por ahora es tiempo de invertirle en nuestra salud y el reforzamiento de las defensas. En verdad, es mil veces mejor gastar en un m\u00e9dico que tener que lamentarlo o que la desgracia toque a sus puertas.<\/p>\n\n\n\n<p>Por favor, cu\u00eddense y qu\u00e9dense en casa. Esto es real y si no hacemos algo, las consecuencias podr\u00edan ser m\u00e1s catastr\u00f3ficas. Esta es mi experiencia y espero que pueda servirles a ustedes o alg\u00fan familiar o conocido que afronte esta situaci\u00f3n.<\/p>\n\n\n\n<p>Ah, y antes que todo. La oraci\u00f3n es lo m\u00e1s importante. Dios ha escuchado mis plegarias y la de mi familia y amigos y gracias a \u00e9l estoy aqu\u00ed escribi\u00e9ndoles unas cuantas l\u00edneas.<\/p>\n","protected":false},"excerpt":{"rendered":"<p>(Redacci\u00f3n) La comunicadora comparti\u00f3 c\u00f3mo fue que le diagnosticaron la enfermedad, el tratamiento al que fue sometida y algunos remedios que a ella le funcionaron para mitigar los malestares ocasionados por el COVID-19 Xalapa, Veracruz a 16 de mayo de 2020.- La periodista veracruzana Teresa Morales narr\u00f3 a trav\u00e9s de sus redes sociales la experiencia [&hellip;]<\/p>\n","protected":false},"author":1,"featured_media":157229,"comment_status":"open","ping_status":"open","sticky":false,"template":"","format":"standard","meta":{"footnotes":""},"categories":[7],"tags":[],"class_list":["post-157228","post","type-post","status-publish","format-standard","has-post-thumbnail","hentry","category-veracruz","entry","has-media"],"jetpack_featured_media_url":"http:\/\/vertienteglobal.com\/wp-content\/uploads\/2020\/05\/1101385.jpg","_links":{"self":[{"href":"http:\/\/vertienteglobal.com\/index.php?rest_route=\/wp\/v2\/posts\/157228","targetHints":{"allow":["GET"]}}],"collection":[{"href":"http:\/\/vertienteglobal.com\/index.php?rest_route=\/wp\/v2\/posts"}],"about":[{"href":"http:\/\/vertienteglobal.com\/index.php?rest_route=\/wp\/v2\/types\/post"}],"author":[{"embeddable":true,"href":"http:\/\/vertienteglobal.com\/index.php?rest_route=\/wp\/v2\/users\/1"}],"replies":[{"embeddable":true,"href":"http:\/\/vertienteglobal.com\/index.php?rest_route=%2Fwp%2Fv2%2Fcomments&post=157228"}],"version-history":[{"count":0,"href":"http:\/\/vertienteglobal.com\/index.php?rest_route=\/wp\/v2\/posts\/157228\/revisions"}],"wp:featuredmedia":[{"embeddable":true,"href":"http:\/\/vertienteglobal.com\/index.php?rest_route=\/wp\/v2\/media\/157229"}],"wp:attachment":[{"href":"http:\/\/vertienteglobal.com\/index.php?rest_route=%2Fwp%2Fv2%2Fmedia&parent=157228"}],"wp:term":[{"taxonomy":"category","embeddable":true,"href":"http:\/\/vertienteglobal.com\/index.php?rest_route=%2Fwp%2Fv2%2Fcategories&post=157228"},{"taxonomy":"post_tag","embeddable":true,"href":"http:\/\/vertienteglobal.com\/index.php?rest_route=%2Fwp%2Fv2%2Ftags&post=157228"}],"curies":[{"name":"wp","href":"https:\/\/api.w.org\/{rel}","templated":true}]}}