{"id":157195,"date":"2020-05-16T15:24:00","date_gmt":"2020-05-16T20:24:00","guid":{"rendered":"http:\/\/vertienteglobal.com\/?p=157195"},"modified":"2020-05-16T16:34:38","modified_gmt":"2020-05-16T21:34:38","slug":"atendio-gobierno-de-laura-fernandez-17-incendio-a-de-abril-a-mayo-en-puerto-morelos","status":"publish","type":"post","link":"http:\/\/vertienteglobal.com\/?p=157195","title":{"rendered":"Atendi\u00f3 Gobierno de Laura Fern\u00e1ndez 17 incendio a de abril a mayo en Puerto Morelos"},"content":{"rendered":"\n<div class=\"twitterbutton\" style=\"float: right; padding-left: 5px;\"><a href=\"http:\/\/twitter.com\/share\" class=\"twitter-share-button\" data-count=\"horizontal\" data-text=\"Atendi\u00f3 Gobierno de Laura Fern\u00e1ndez 17 incendio a de abril a mayo en Puerto Mo...\" data-via=\"https:\/\/twitter.com\/VertienteGloba1\" data-url=\"http:\/\/vertienteglobal.com\/?p=157195\" data-lang=\"es\" data-related=\"Informaci\u00f3n general:S\u00edguenos para que est\u00e9ss informado\"><\/a><\/div>\n<figure class=\"wp-block-gallery columns-1 is-cropped wp-block-gallery-1 is-layout-flex wp-block-gallery-is-layout-flex\"><ul class=\"blocks-gallery-grid\"><li class=\"blocks-gallery-item\"><figure><img loading=\"lazy\" decoding=\"async\" width=\"1024\" height=\"666\" src=\"http:\/\/vertienteglobal.com\/wp-content\/uploads\/2020\/05\/IMG_20200516_162851-1024x666.jpg\" alt=\"\" data-id=\"157196\" data-full-url=\"http:\/\/vertienteglobal.com\/wp-content\/uploads\/2020\/05\/IMG_20200516_162851.jpg\" data-link=\"http:\/\/vertienteglobal.com\/?attachment_id=157196\" class=\"wp-image-157196\" srcset=\"http:\/\/vertienteglobal.com\/wp-content\/uploads\/2020\/05\/IMG_20200516_162851-1024x666.jpg 1024w, http:\/\/vertienteglobal.com\/wp-content\/uploads\/2020\/05\/IMG_20200516_162851-300x195.jpg 300w, http:\/\/vertienteglobal.com\/wp-content\/uploads\/2020\/05\/IMG_20200516_162851-150x98.jpg 150w, http:\/\/vertienteglobal.com\/wp-content\/uploads\/2020\/05\/IMG_20200516_162851-768x499.jpg 768w, http:\/\/vertienteglobal.com\/wp-content\/uploads\/2020\/05\/IMG_20200516_162851.jpg 1280w\" sizes=\"auto, (max-width: 1024px) 100vw, 1024px\" \/><\/figure><\/li><\/ul><\/figure>\n\n\n\n<p>(Redacci\u00f3n)<\/p>\n\n\n\n<p>Estas conflagraciones, actualmente liquidadas, afectaron cerca de 70 hect\u00e1reas y diversas especies de fauna silvestre<\/p>\n\n\n\n<p>\u201cDebemos tomar conciencia de no quemar basura ni usar fuego en desmontes clandestinos, son acciones ilegales y generan problemas enormes, as\u00ed como da\u00f1os irreparables\u201d, se\u00f1ala la Presidenta Municipal<\/p>\n\n\n\n<p>Puerto Morelos, Quintana Roo, 16 de mayo de 2020.- Del 4 de abril a la fecha se atendieron 17 incendios, actualmente apagados en su totalidad, gracias al importante trabajo de Protecci\u00f3n Civil y Bomberos, as\u00ed como el respaldo y participaci\u00f3n de la Comisi\u00f3n Nacional Forestal (Conafor), inform\u00f3 la presidenta municipal Laura Fern\u00e1ndez Pi\u00f1a.<\/p>\n\n\n\n<p>La alcaldesa mencion\u00f3 que estos 17 incendios, entre carreteros, suburbanos y forestales, afectaron 69 hect\u00e1reas de bosques y diversas especies de fauna silvestre.<\/p>\n\n\n\n<p>Lament\u00f3 que a estas alturas haya personas que, por pr\u00e1cticas ilegales como el desmonte clandestino o cacer\u00eda furtiva, sigan provocando estas conflagraciones que ocasionan da\u00f1os irreparables al ecosistema y a la poblaci\u00f3n misma.<\/p>\n\n\n\n<p>Destac\u00f3 la importante labor de los elementos de Protecci\u00f3n Civil y del Cuerpo de Bomberos quienes con esfuerzo tit\u00e1nico lograron extinguir el fuego en los puntos mencionados; asimismo agradeci\u00f3 a la Conafor que atendi\u00f3 directamente dos de los incendios, de igual manera al ejido de Leona Vicario por sus voluntarios y los particulares de la Ruta de los Cenotes que tambi\u00e9n colaboraron.<\/p>\n\n\n\n<p>Laura Fern\u00e1ndez mencion\u00f3 que las recientes lluvias fueron tambi\u00e9n un factor importante en la extinci\u00f3n de los incendios, pero pidi\u00f3 extremar precauciones porque a\u00fan es temporada de alto riesgo.<\/p>\n\n\n\n<p>\u201cTodos debemos tomar conciencia y no quemar basura en los predios o calles, ni usar fuego en desmontes clandestinos, porque tales acciones, adem\u00e1s de traer consecuencias legales sobre quien las comete, generan problemas enormes para controlar el fuego\u201d, subray\u00f3.<\/p>\n\n\n\n<p>La mayor complicaci\u00f3n, dijo, es cuando los incendios son subterr\u00e1neos y es muy dif\u00edcil apagarlos porque hay que escarbar para inyectar agua o de plano ir cortando las ra\u00edces para detener el avance del fuego.<\/p>\n\n\n\n<p>Por su parte, el titular de la Coordinaci\u00f3n de Protecci\u00f3n Civil en el municipio, Guillermo Morales L\u00f3pez, detall\u00f3 que los 17 incendios fueron en su mayor\u00eda en la zona de Leona Vicario, dos de ellos fueron forestales atendidos directamente por la Conafor y brigadas de ejidatarios.<\/p>\n\n\n\n<p>Destac\u00f3 que se han desarrollado jornadas de intensa actividad que incluye el monitoreo permanente para la recepci\u00f3n los reportes y atenci\u00f3n inmediata de los brotes de incendio y sofocarlos desde su inicio.<\/p>\n\n\n\n<p>Adem\u00e1s, se ha dado a respuesta a trav\u00e9s de Bomberos a numerosos reportes de conatos derivados principalmente de quemas de basura en predios o en lotes bald\u00edos que se salen de control, finaliz\u00f3.<\/p>\n\n\n\n<figure class=\"wp-block-gallery columns-1 is-cropped wp-block-gallery-2 is-layout-flex wp-block-gallery-is-layout-flex\"><ul class=\"blocks-gallery-grid\"><li class=\"blocks-gallery-item\"><figure><img loading=\"lazy\" decoding=\"async\" width=\"795\" height=\"645\" src=\"http:\/\/vertienteglobal.com\/wp-content\/uploads\/2020\/05\/IMG_20200516_162758.jpg\" alt=\"\" data-id=\"157197\" data-full-url=\"http:\/\/vertienteglobal.com\/wp-content\/uploads\/2020\/05\/IMG_20200516_162758.jpg\" data-link=\"http:\/\/vertienteglobal.com\/?attachment_id=157197\" class=\"wp-image-157197\" srcset=\"http:\/\/vertienteglobal.com\/wp-content\/uploads\/2020\/05\/IMG_20200516_162758.jpg 795w, http:\/\/vertienteglobal.com\/wp-content\/uploads\/2020\/05\/IMG_20200516_162758-300x243.jpg 300w, http:\/\/vertienteglobal.com\/wp-content\/uploads\/2020\/05\/IMG_20200516_162758-150x122.jpg 150w, http:\/\/vertienteglobal.com\/wp-content\/uploads\/2020\/05\/IMG_20200516_162758-768x623.jpg 768w\" sizes=\"auto, (max-width: 795px) 100vw, 795px\" \/><\/figure><\/li><\/ul><\/figure>\n","protected":false},"excerpt":{"rendered":"<p>(Redacci\u00f3n) Estas conflagraciones, actualmente liquidadas, afectaron cerca de 70 hect\u00e1reas y diversas especies de fauna silvestre \u201cDebemos tomar conciencia de no quemar basura ni usar fuego en desmontes clandestinos, son acciones ilegales y generan problemas enormes, as\u00ed como da\u00f1os irreparables\u201d, se\u00f1ala la Presidenta Municipal Puerto Morelos, Quintana Roo, 16 de mayo de 2020.- Del 4 [&hellip;]<\/p>\n","protected":false},"author":1,"featured_media":157196,"comment_status":"open","ping_status":"open","sticky":false,"template":"","format":"standard","meta":{"footnotes":""},"categories":[3],"tags":[],"class_list":["post-157195","post","type-post","status-publish","format-standard","has-post-thumbnail","hentry","category-quintana-roo","entry","has-media"],"jetpack_featured_media_url":"http:\/\/vertienteglobal.com\/wp-content\/uploads\/2020\/05\/IMG_20200516_162851.jpg","_links":{"self":[{"href":"http:\/\/vertienteglobal.com\/index.php?rest_route=\/wp\/v2\/posts\/157195","targetHints":{"allow":["GET"]}}],"collection":[{"href":"http:\/\/vertienteglobal.com\/index.php?rest_route=\/wp\/v2\/posts"}],"about":[{"href":"http:\/\/vertienteglobal.com\/index.php?rest_route=\/wp\/v2\/types\/post"}],"author":[{"embeddable":true,"href":"http:\/\/vertienteglobal.com\/index.php?rest_route=\/wp\/v2\/users\/1"}],"replies":[{"embeddable":true,"href":"http:\/\/vertienteglobal.com\/index.php?rest_route=%2Fwp%2Fv2%2Fcomments&post=157195"}],"version-history":[{"count":0,"href":"http:\/\/vertienteglobal.com\/index.php?rest_route=\/wp\/v2\/posts\/157195\/revisions"}],"wp:featuredmedia":[{"embeddable":true,"href":"http:\/\/vertienteglobal.com\/index.php?rest_route=\/wp\/v2\/media\/157196"}],"wp:attachment":[{"href":"http:\/\/vertienteglobal.com\/index.php?rest_route=%2Fwp%2Fv2%2Fmedia&parent=157195"}],"wp:term":[{"taxonomy":"category","embeddable":true,"href":"http:\/\/vertienteglobal.com\/index.php?rest_route=%2Fwp%2Fv2%2Fcategories&post=157195"},{"taxonomy":"post_tag","embeddable":true,"href":"http:\/\/vertienteglobal.com\/index.php?rest_route=%2Fwp%2Fv2%2Ftags&post=157195"}],"curies":[{"name":"wp","href":"https:\/\/api.w.org\/{rel}","templated":true}]}}