{"id":157153,"date":"2020-05-16T07:42:00","date_gmt":"2020-05-16T12:42:00","guid":{"rendered":"http:\/\/vertienteglobal.com\/?p=157153"},"modified":"2020-05-16T14:19:03","modified_gmt":"2020-05-16T19:19:03","slug":"agricultura-activo-la-estrategia-miparcelanosequema-para-reducir-las-quemas-agropecuarias-y-brindar-opciones-sostenibles-en-el-campo","status":"publish","type":"post","link":"http:\/\/vertienteglobal.com\/?p=157153","title":{"rendered":"Agricultura activ\u00f3 la estrategia #MiParcelaNoSeQuema para reducir las quemas agropecuarias y brindar opciones sostenibles en el campo"},"content":{"rendered":"\n<div class=\"twitterbutton\" style=\"float: right; padding-left: 5px;\"><a href=\"http:\/\/twitter.com\/share\" class=\"twitter-share-button\" data-count=\"horizontal\" data-text=\"Agricultura activ\u00f3 la estrategia #MiParcelaNoSeQuema para reducir las quemas ag...\" data-via=\"https:\/\/twitter.com\/VertienteGloba1\" data-url=\"http:\/\/vertienteglobal.com\/?p=157153\" data-lang=\"es\" data-related=\"Informaci\u00f3n general:S\u00edguenos para que est\u00e9ss informado\"><\/a><\/div>\n<figure class=\"wp-block-gallery columns-1 is-cropped wp-block-gallery-1 is-layout-flex wp-block-gallery-is-layout-flex\"><ul class=\"blocks-gallery-grid\"><li class=\"blocks-gallery-item\"><figure><img loading=\"lazy\" decoding=\"async\" width=\"385\" height=\"227\" src=\"http:\/\/vertienteglobal.com\/wp-content\/uploads\/2020\/05\/IMG_20200516_132556.jpg\" alt=\"\" data-id=\"157154\" data-full-url=\"http:\/\/vertienteglobal.com\/wp-content\/uploads\/2020\/05\/IMG_20200516_132556.jpg\" data-link=\"http:\/\/vertienteglobal.com\/?attachment_id=157154\" class=\"wp-image-157154\" srcset=\"http:\/\/vertienteglobal.com\/wp-content\/uploads\/2020\/05\/IMG_20200516_132556.jpg 385w, http:\/\/vertienteglobal.com\/wp-content\/uploads\/2020\/05\/IMG_20200516_132556-300x177.jpg 300w, http:\/\/vertienteglobal.com\/wp-content\/uploads\/2020\/05\/IMG_20200516_132556-150x88.jpg 150w\" sizes=\"auto, (max-width: 385px) 100vw, 385px\" \/><\/figure><\/li><\/ul><\/figure>\n\n\n\n<p>(Redacci\u00f3n)<\/p>\n\n\n\n<p>A trav\u00e9s de la coordinaci\u00f3n interinstitucional se impulsa esta campa\u00f1a en algunos estados de la rep\u00fablica en los per\u00edodos de preparaci\u00f3n de terrenos para la siembra<\/p>\n\n\n\n<p>Las quemas agropecuarias generan la muerte de organismos que son fundamentales para la descomposici\u00f3n de la materia org\u00e1nica<\/p>\n\n\n\n<p>Ciudad de Mexico a 16 de mayo de 2020.- La Secretar\u00eda de Agricultura y Desarrollo Rural puso en marcha la estrategia #MiParcelaNoSeQuema, que tiene el objetivo de fomentar el uso de alternativas sostenibles que reduzcan las quemas agropecuarias, realizar pr\u00e1cticas de manejo de residuos y fortalecer el cumplimiento de la Norma Oficial Mexicana NOM-015-SEMARNAT\/SAGARPA-2007, sobre todo durante los per\u00edodos de preparaci\u00f3n de los terrenos para la siembra.<\/p>\n\n\n\n<p>Agricultura precis\u00f3 que la estrategia que se aplica en el sector agropecuario del pa\u00eds considera recomendaciones para aprovechar los residuos org\u00e1nicos y evitar quemas.<\/p>\n\n\n\n<p>Se\u00f1al\u00f3 que, para fortalecer la estrategia, a trav\u00e9s de la Subsecretar\u00eda de Agricultura se realizan an\u00e1lisis geoespaciales para identificar zonas de reincidencia de quemas dentro de la frontera agr\u00edcola, lo que permite articular acciones de control y reducci\u00f3n con el apoyo de las autoridades locales.<\/p>\n\n\n\n<p>Detall\u00f3 que entre las medidas propuestas para evitar el empobrecimiento de los suelos est\u00e1 la reutilizaci\u00f3n de los residuos org\u00e1nicos en el campo, toda vez que al ser distribuido el rastrojo en la parcela se crea una capa protectora que evita la exposici\u00f3n directa del suelo con los rayos solares y el aire, as\u00ed como la p\u00e9rdida de humedad.<\/p>\n\n\n\n<p>Las quemas agropecuarias tambi\u00e9n generan la muerte de organismos y microorganismos, como son lombrices, insectos, bacterias y hongos ben\u00e9ficos, entre otros encargados de la descomposici\u00f3n de la materia org\u00e1nica, de la aireaci\u00f3n del suelo y de la liberaci\u00f3n de nutrientes. La falta de estos organismos y microorganismos afecta el rendimiento de los cultivos.<\/p>\n\n\n\n<p>Adem\u00e1s, el uso del fuego en el campo elimina insectos que controlan de manera natural a las plagas y produce gases nitrogenados (\u00f3xido nitroso &#8211; N2O) y di\u00f3xido de carbono (CO2) que generan contaminaci\u00f3n atmosf\u00e9rica.<\/p>\n\n\n\n<p>La estrategia, asimismo, fortalece el cumplimiento de la NOM-015-SEMARNAT\/SAGARPA-2007, que establece las especificaciones t\u00e9cnicas de m\u00e9todos de uso del fuego en los terrenos forestales y en los de uso agropecuario.<\/p>\n\n\n\n<p>La pr\u00e1ctica del uso del fuego en el sector agropecuario se ha llevado a cabo desde tiempos ancestrales. Sin embargo, en muchos casos \u00e9stas no se hacen de forma segura ni bien planificada, lo que a nivel nacional genera el 40 por ciento de incendios forestales, de acuerdo con datos de la Comisi\u00f3n Nacional Forestal (Conafor), principalmente en los meses de abril y mayo.<\/p>\n\n\n\n<p>En #MiParcelaNoSeQuema tambi\u00e9n participan organismos como Conafor, la Comisi\u00f3n Nacional de \u00c1reas Naturales Protegidas (Conanp), el Centro Nacional de Prevenci\u00f3n de Desastres (Cenapred), gobiernos estatales e instituciones como Conservaci\u00f3n Internacional (CI) y el Centro Internacional de Mejoramiento de Ma\u00edz y Trigo (CIMMYT).<\/p>\n","protected":false},"excerpt":{"rendered":"<p>(Redacci\u00f3n) A trav\u00e9s de la coordinaci\u00f3n interinstitucional se impulsa esta campa\u00f1a en algunos estados de la rep\u00fablica en los per\u00edodos de preparaci\u00f3n de terrenos para la siembra Las quemas agropecuarias generan la muerte de organismos que son fundamentales para la descomposici\u00f3n de la materia org\u00e1nica Ciudad de Mexico a 16 de mayo de 2020.- La [&hellip;]<\/p>\n","protected":false},"author":1,"featured_media":157154,"comment_status":"open","ping_status":"open","sticky":false,"template":"","format":"standard","meta":{"footnotes":""},"categories":[8],"tags":[],"class_list":["post-157153","post","type-post","status-publish","format-standard","has-post-thumbnail","hentry","category-pais","entry","has-media"],"jetpack_featured_media_url":"http:\/\/vertienteglobal.com\/wp-content\/uploads\/2020\/05\/IMG_20200516_132556.jpg","_links":{"self":[{"href":"http:\/\/vertienteglobal.com\/index.php?rest_route=\/wp\/v2\/posts\/157153","targetHints":{"allow":["GET"]}}],"collection":[{"href":"http:\/\/vertienteglobal.com\/index.php?rest_route=\/wp\/v2\/posts"}],"about":[{"href":"http:\/\/vertienteglobal.com\/index.php?rest_route=\/wp\/v2\/types\/post"}],"author":[{"embeddable":true,"href":"http:\/\/vertienteglobal.com\/index.php?rest_route=\/wp\/v2\/users\/1"}],"replies":[{"embeddable":true,"href":"http:\/\/vertienteglobal.com\/index.php?rest_route=%2Fwp%2Fv2%2Fcomments&post=157153"}],"version-history":[{"count":0,"href":"http:\/\/vertienteglobal.com\/index.php?rest_route=\/wp\/v2\/posts\/157153\/revisions"}],"wp:featuredmedia":[{"embeddable":true,"href":"http:\/\/vertienteglobal.com\/index.php?rest_route=\/wp\/v2\/media\/157154"}],"wp:attachment":[{"href":"http:\/\/vertienteglobal.com\/index.php?rest_route=%2Fwp%2Fv2%2Fmedia&parent=157153"}],"wp:term":[{"taxonomy":"category","embeddable":true,"href":"http:\/\/vertienteglobal.com\/index.php?rest_route=%2Fwp%2Fv2%2Fcategories&post=157153"},{"taxonomy":"post_tag","embeddable":true,"href":"http:\/\/vertienteglobal.com\/index.php?rest_route=%2Fwp%2Fv2%2Ftags&post=157153"}],"curies":[{"name":"wp","href":"https:\/\/api.w.org\/{rel}","templated":true}]}}