{"id":157139,"date":"2020-05-15T22:48:13","date_gmt":"2020-05-16T03:48:13","guid":{"rendered":"http:\/\/vertienteglobal.com\/?p=157139"},"modified":"2020-05-16T01:37:20","modified_gmt":"2020-05-16T06:37:20","slug":"publica-en-dof-acuerdo-que-frena-inversion-en-energias-limpias","status":"publish","type":"post","link":"http:\/\/vertienteglobal.com\/?p=157139","title":{"rendered":"Publica en DOF acuerdo que frena inversi\u00f3n en energ\u00edas limpias"},"content":{"rendered":"\n<div class=\"twitterbutton\" style=\"float: right; padding-left: 5px;\"><a href=\"http:\/\/twitter.com\/share\" class=\"twitter-share-button\" data-count=\"horizontal\" data-text=\"Publica en DOF acuerdo que frena inversi\u00f3n en energ\u00edas limpias\" data-via=\"https:\/\/twitter.com\/VertienteGloba1\" data-url=\"http:\/\/vertienteglobal.com\/?p=157139\" data-lang=\"es\" data-related=\"Informaci\u00f3n general:S\u00edguenos para que est\u00e9ss informado\"><\/a><\/div>\n<figure class=\"wp-block-gallery columns-1 is-cropped wp-block-gallery-1 is-layout-flex wp-block-gallery-is-layout-flex\"><ul class=\"blocks-gallery-grid\"><li class=\"blocks-gallery-item\"><figure><img loading=\"lazy\" decoding=\"async\" width=\"1024\" height=\"683\" src=\"http:\/\/vertienteglobal.com\/wp-content\/uploads\/2020\/05\/1101259.jpg\" alt=\"\" data-id=\"157140\" data-full-url=\"http:\/\/vertienteglobal.com\/wp-content\/uploads\/2020\/05\/1101259.jpg\" data-link=\"http:\/\/vertienteglobal.com\/?attachment_id=157140\" class=\"wp-image-157140\" srcset=\"http:\/\/vertienteglobal.com\/wp-content\/uploads\/2020\/05\/1101259.jpg 1024w, http:\/\/vertienteglobal.com\/wp-content\/uploads\/2020\/05\/1101259-300x200.jpg 300w, http:\/\/vertienteglobal.com\/wp-content\/uploads\/2020\/05\/1101259-150x100.jpg 150w, http:\/\/vertienteglobal.com\/wp-content\/uploads\/2020\/05\/1101259-768x512.jpg 768w\" sizes=\"auto, (max-width: 1024px) 100vw, 1024px\" \/><\/figure><\/li><\/ul><\/figure>\n\n\n\n<p>(Redacci\u00f3n)<\/p>\n\n\n\n<p>La publicaci\u00f3n del acuerdo se da luego de la salida de C\u00e9sar Hern\u00e1ndez, titular de la Comisi\u00f3n Nacional de Mejora Regulatoria (Conamer), lo cual fue aprovechado por la secretar\u00eda para publicar el acuerdo sin el an\u00e1lisis de impacto regulatorio al que deb\u00eda de sujetarse<\/p>\n\n\n\n<p>Ciudad de M\u00e9xico a 15 de mayo de 2020.- La Secretar\u00eda de Energ\u00eda (Sener), public\u00f3 este viernes en el Diario Oficial de la Federaci\u00f3n (DOF), el Acuerdo para garantizar la eficiencia, calidad, confiabilidad, continuidad y seguridad del Sistema El\u00e9ctrico Nacional (SEN), publicado por el Centro Nacional de Control de Energ\u00eda (Cenace), con lo que tendr\u00e1 validez jur\u00eddica.<\/p>\n\n\n\n<p>La publicaci\u00f3n del acuerdo se da luego de la salida de C\u00e9sar Hern\u00e1ndez, titular de la Comisi\u00f3n Nacional de Mejora Regulatoria (Conamer), lo cual fue aprovechado por la secretar\u00eda para publicar el acuerdo sin el an\u00e1lisis de impacto regulatorio al que deb\u00eda de sujetarse.<\/p>\n\n\n\n<p>La Conamer hab\u00eda informado a la Sener que era necesario contar con un an\u00e1lisis y procedimiento de mejora regulatoria antes de que \u00e9l se pudiera publicar en el DOF, el Acuerdo de Pol\u00edtica de confiabilidad, seguridad, continuidad y calidad en el Sistema El\u00e9ctrico Nacional (SEN).<\/p>\n\n\n\n<p>Seg\u00fan el sector, este acuerdo significa repercusiones directas en un gran n\u00famero de proyectos del sector de renovables, espec\u00edficamente e\u00f3lico y fotovoltaico que est\u00e1n listos para entrar en operaci\u00f3n y en fase de construcci\u00f3n y limita a los proyectos que ya est\u00e1n en operaci\u00f3n.<\/p>\n\n\n\n<p>Incluso los embajadores de pa\u00edses miembros de la Uni\u00f3n Europea (UE) acreditados en M\u00e9xico, as\u00ed como la Embajada de Canad\u00e1, enviaron una carta a Roc\u00edo Nahle en el que expresan su preocupaci\u00f3n por el Acuerdo y solicitaron una reuni\u00f3n para discutir la medida que afecta inversiones. (Fuente: Milenio)<\/p>\n","protected":false},"excerpt":{"rendered":"<p>(Redacci\u00f3n) La publicaci\u00f3n del acuerdo se da luego de la salida de C\u00e9sar Hern\u00e1ndez, titular de la Comisi\u00f3n Nacional de Mejora Regulatoria (Conamer), lo cual fue aprovechado por la secretar\u00eda para publicar el acuerdo sin el an\u00e1lisis de impacto regulatorio al que deb\u00eda de sujetarse Ciudad de M\u00e9xico a 15 de mayo de 2020.- La [&hellip;]<\/p>\n","protected":false},"author":1,"featured_media":157140,"comment_status":"open","ping_status":"open","sticky":false,"template":"","format":"standard","meta":{"footnotes":""},"categories":[8],"tags":[],"class_list":["post-157139","post","type-post","status-publish","format-standard","has-post-thumbnail","hentry","category-pais","entry","has-media"],"jetpack_featured_media_url":"http:\/\/vertienteglobal.com\/wp-content\/uploads\/2020\/05\/1101259.jpg","_links":{"self":[{"href":"http:\/\/vertienteglobal.com\/index.php?rest_route=\/wp\/v2\/posts\/157139","targetHints":{"allow":["GET"]}}],"collection":[{"href":"http:\/\/vertienteglobal.com\/index.php?rest_route=\/wp\/v2\/posts"}],"about":[{"href":"http:\/\/vertienteglobal.com\/index.php?rest_route=\/wp\/v2\/types\/post"}],"author":[{"embeddable":true,"href":"http:\/\/vertienteglobal.com\/index.php?rest_route=\/wp\/v2\/users\/1"}],"replies":[{"embeddable":true,"href":"http:\/\/vertienteglobal.com\/index.php?rest_route=%2Fwp%2Fv2%2Fcomments&post=157139"}],"version-history":[{"count":0,"href":"http:\/\/vertienteglobal.com\/index.php?rest_route=\/wp\/v2\/posts\/157139\/revisions"}],"wp:featuredmedia":[{"embeddable":true,"href":"http:\/\/vertienteglobal.com\/index.php?rest_route=\/wp\/v2\/media\/157140"}],"wp:attachment":[{"href":"http:\/\/vertienteglobal.com\/index.php?rest_route=%2Fwp%2Fv2%2Fmedia&parent=157139"}],"wp:term":[{"taxonomy":"category","embeddable":true,"href":"http:\/\/vertienteglobal.com\/index.php?rest_route=%2Fwp%2Fv2%2Fcategories&post=157139"},{"taxonomy":"post_tag","embeddable":true,"href":"http:\/\/vertienteglobal.com\/index.php?rest_route=%2Fwp%2Fv2%2Ftags&post=157139"}],"curies":[{"name":"wp","href":"https:\/\/api.w.org\/{rel}","templated":true}]}}