{"id":157136,"date":"2020-05-15T20:19:48","date_gmt":"2020-05-16T01:19:48","guid":{"rendered":"http:\/\/vertienteglobal.com\/?p=157136"},"modified":"2020-05-16T01:35:47","modified_gmt":"2020-05-16T06:35:47","slug":"veracruz-aun-no-tendra-reinicio-de-actividades-las-clases-siguen-por-internet-gobernador","status":"publish","type":"post","link":"http:\/\/vertienteglobal.com\/?p=157136","title":{"rendered":"Veracruz a\u00fan no tendr\u00e1 reinicio de actividades; las clases siguen por internet: Gobernador"},"content":{"rendered":"\n<div class=\"twitterbutton\" style=\"float: right; padding-left: 5px;\"><a href=\"http:\/\/twitter.com\/share\" class=\"twitter-share-button\" data-count=\"horizontal\" data-text=\"Veracruz a\u00fan no tendr\u00e1 reinicio de actividades; las clases siguen por internet...\" data-via=\"https:\/\/twitter.com\/VertienteGloba1\" data-url=\"http:\/\/vertienteglobal.com\/?p=157136\" data-lang=\"es\" data-related=\"Informaci\u00f3n general:S\u00edguenos para que est\u00e9ss informado\"><\/a><\/div>\n<figure class=\"wp-block-gallery columns-1 is-cropped wp-block-gallery-1 is-layout-flex wp-block-gallery-is-layout-flex\"><ul class=\"blocks-gallery-grid\"><li class=\"blocks-gallery-item\"><figure><img loading=\"lazy\" decoding=\"async\" width=\"1024\" height=\"683\" src=\"http:\/\/vertienteglobal.com\/wp-content\/uploads\/2020\/05\/1101237.jpg\" alt=\"\" data-id=\"157137\" data-full-url=\"http:\/\/vertienteglobal.com\/wp-content\/uploads\/2020\/05\/1101237.jpg\" data-link=\"http:\/\/vertienteglobal.com\/?attachment_id=157137\" class=\"wp-image-157137\" srcset=\"http:\/\/vertienteglobal.com\/wp-content\/uploads\/2020\/05\/1101237.jpg 1024w, http:\/\/vertienteglobal.com\/wp-content\/uploads\/2020\/05\/1101237-300x200.jpg 300w, http:\/\/vertienteglobal.com\/wp-content\/uploads\/2020\/05\/1101237-150x100.jpg 150w, http:\/\/vertienteglobal.com\/wp-content\/uploads\/2020\/05\/1101237-768x512.jpg 768w\" sizes=\"auto, (max-width: 1024px) 100vw, 1024px\" \/><\/figure><\/li><\/ul><\/figure>\n\n\n\n<p>(Redacci\u00f3n)<\/p>\n\n\n\n<p>El mandatario estatal recalc\u00f3 que no se perder\u00e1 el Ciclo Escolar y que m\u00e1s adelante informar\u00e1n la perspectiva para aplicar el sem\u00e1foro hacia la nueva normalidad<\/p>\n\n\n\n<p>Xalapa, Veracruz a 15 de mayo de 2020.- El gobernador de Veracruz, Cuitl\u00e1huac Garc\u00eda Jim\u00e9nez, inform\u00f3 que el estado a\u00fan no est\u00e1 listo para regresar a la nueva normalidad y no entrar\u00eda al sem\u00e1foro de reactivaci\u00f3n, pues a\u00fan no se llega al pico de contagios.<\/p>\n\n\n\n<p>\u00abPara el estado nos encontramos entre la fase 2 y la fase 3, en la de r\u00e1pido crecimiento de contagios, por lo que todav\u00eda no aplica para nuestro estado la semaforizaci\u00f3n, eso ser\u00eda despu\u00e9s de que se pase el pico m\u00e1ximo de contagios, en otros estados ya est\u00e1n en esa situaci\u00f3n, nosotros no, por lo tanto no podemos programar el reinicio de actividades\u00bb, dijo.<\/p>\n\n\n\n<p>En un mensaje publicado en sus redes sociales, el mandatario estatal recalc\u00f3 que no se perder\u00e1 el Ciclo Escolar y que m\u00e1s adelante informar\u00e1n la perspectiva para aplicar el sem\u00e1foro hacia la nueva normalidad.<\/p>\n\n\n\n<p>Maritza Ram\u00edrez Aguilar, subsecretaria de Educaci\u00f3n B\u00e1sica, destac\u00f3 la entrega directa de 294 mil 248 cuadernillos de Espa\u00f1ol y Matem\u00e1ticas, con el apoyo de alcaldes y agentes municipales. Se\u00f1al\u00f3 que la p\u00e1gina www.sev.gob.mx cuenta con m\u00e1s de 317 mil visitas y sus micrositios m\u00e1s de 112 mil.<\/p>\n\n\n\n<p>Asimismo, han sido generadas m\u00e1s de un mill\u00f3n de cuentas Google para la Educaci\u00f3n y Aprende en Casa por Televisi\u00f3n, con m\u00e1s de 275 horas de clases; mientras que Radio Televisi\u00f3n de Veracruz (RTV) ha transmitido 99 programas de TV y 20 de radio, con un alcance de tres millones 299 mil 500 personas.<\/p>\n\n\n\n<p>Para el resto del ciclo, ser\u00e1 efectuada la entrega de 32 mil cuadernillos m\u00e1s; la estrategia \u201cAprende en Casa\u201d tendr\u00e1 60 nuevos programas y habr\u00e1 una segunda temporada de \u201cMatem\u00e1ticas para Todos\u201d, \u201cCiencias para Todos\u201d y el esquema de apoyo emocional \u201cTodos en Casa\u201d.<\/p>\n\n\n\n<p>Por su parte, el subsecretario de Educaci\u00f3n Media-Superior y Superior, Jorge Miguel Uscanga Villalba afirm\u00f3 que diversos subsistemas generaron sus propias gu\u00edas de estudio para los j\u00f3venes sin acceso a internet, con el plan \u201cLa educaci\u00f3n hasta la puerta de tu casa\u201d. En este sentido, el avance acad\u00e9mico es de 75.71 por ciento en el nivel medio-superior y 81.42 en superior.<\/p>\n\n\n\n<p>Agreg\u00f3 que en pr\u00f3ximos d\u00edas presentar\u00e1n un modelo emergente de oferta educativa con informaci\u00f3n de institutos p\u00fablicos y particulares, estatales y federales, para quienes deseen ingresar en l\u00ednea a alguna preparatoria, universidad, tecnol\u00f3gico o escuela Normal.<\/p>\n","protected":false},"excerpt":{"rendered":"<p>(Redacci\u00f3n) El mandatario estatal recalc\u00f3 que no se perder\u00e1 el Ciclo Escolar y que m\u00e1s adelante informar\u00e1n la perspectiva para aplicar el sem\u00e1foro hacia la nueva normalidad Xalapa, Veracruz a 15 de mayo de 2020.- El gobernador de Veracruz, Cuitl\u00e1huac Garc\u00eda Jim\u00e9nez, inform\u00f3 que el estado a\u00fan no est\u00e1 listo para regresar a la nueva [&hellip;]<\/p>\n","protected":false},"author":1,"featured_media":157137,"comment_status":"open","ping_status":"open","sticky":false,"template":"","format":"standard","meta":{"footnotes":""},"categories":[7],"tags":[],"class_list":["post-157136","post","type-post","status-publish","format-standard","has-post-thumbnail","hentry","category-veracruz","entry","has-media"],"jetpack_featured_media_url":"http:\/\/vertienteglobal.com\/wp-content\/uploads\/2020\/05\/1101237.jpg","_links":{"self":[{"href":"http:\/\/vertienteglobal.com\/index.php?rest_route=\/wp\/v2\/posts\/157136","targetHints":{"allow":["GET"]}}],"collection":[{"href":"http:\/\/vertienteglobal.com\/index.php?rest_route=\/wp\/v2\/posts"}],"about":[{"href":"http:\/\/vertienteglobal.com\/index.php?rest_route=\/wp\/v2\/types\/post"}],"author":[{"embeddable":true,"href":"http:\/\/vertienteglobal.com\/index.php?rest_route=\/wp\/v2\/users\/1"}],"replies":[{"embeddable":true,"href":"http:\/\/vertienteglobal.com\/index.php?rest_route=%2Fwp%2Fv2%2Fcomments&post=157136"}],"version-history":[{"count":0,"href":"http:\/\/vertienteglobal.com\/index.php?rest_route=\/wp\/v2\/posts\/157136\/revisions"}],"wp:featuredmedia":[{"embeddable":true,"href":"http:\/\/vertienteglobal.com\/index.php?rest_route=\/wp\/v2\/media\/157137"}],"wp:attachment":[{"href":"http:\/\/vertienteglobal.com\/index.php?rest_route=%2Fwp%2Fv2%2Fmedia&parent=157136"}],"wp:term":[{"taxonomy":"category","embeddable":true,"href":"http:\/\/vertienteglobal.com\/index.php?rest_route=%2Fwp%2Fv2%2Fcategories&post=157136"},{"taxonomy":"post_tag","embeddable":true,"href":"http:\/\/vertienteglobal.com\/index.php?rest_route=%2Fwp%2Fv2%2Ftags&post=157136"}],"curies":[{"name":"wp","href":"https:\/\/api.w.org\/{rel}","templated":true}]}}