{"id":157062,"date":"2020-05-15T16:50:00","date_gmt":"2020-05-15T21:50:00","guid":{"rendered":"http:\/\/vertienteglobal.com\/?p=157062"},"modified":"2020-05-15T21:23:33","modified_gmt":"2020-05-16T02:23:33","slug":"preven-hasta-37-ciclones-este-ano-temporada-sera-mas-activa-en-el-pacifico-y-el-atlantico","status":"publish","type":"post","link":"http:\/\/vertienteglobal.com\/?p=157062","title":{"rendered":"Prev\u00e9n hasta 37 ciclones este a\u00f1o; temporada ser\u00e1 m\u00e1s activa en el Pac\u00edfico y el Atl\u00e1ntico"},"content":{"rendered":"\n<div class=\"twitterbutton\" style=\"float: right; padding-left: 5px;\"><a href=\"http:\/\/twitter.com\/share\" class=\"twitter-share-button\" data-count=\"horizontal\" data-text=\"Prev\u00e9n hasta 37 ciclones este a\u00f1o; temporada ser\u00e1 m\u00e1s activa en el Pac\u00edfico...\" data-via=\"https:\/\/twitter.com\/VertienteGloba1\" data-url=\"http:\/\/vertienteglobal.com\/?p=157062\" data-lang=\"es\" data-related=\"Informaci\u00f3n general:S\u00edguenos para que est\u00e9ss informado\"><\/a><\/div>\n<figure class=\"wp-block-gallery columns-1 is-cropped wp-block-gallery-1 is-layout-flex wp-block-gallery-is-layout-flex\"><ul class=\"blocks-gallery-grid\"><li class=\"blocks-gallery-item\"><figure><img loading=\"lazy\" decoding=\"async\" width=\"1024\" height=\"682\" src=\"http:\/\/vertienteglobal.com\/wp-content\/uploads\/2020\/05\/1101192-1.jpg\" alt=\"\" data-id=\"157063\" data-full-url=\"http:\/\/vertienteglobal.com\/wp-content\/uploads\/2020\/05\/1101192-1.jpg\" data-link=\"http:\/\/vertienteglobal.com\/?attachment_id=157063\" class=\"wp-image-157063\" srcset=\"http:\/\/vertienteglobal.com\/wp-content\/uploads\/2020\/05\/1101192-1.jpg 1024w, http:\/\/vertienteglobal.com\/wp-content\/uploads\/2020\/05\/1101192-1-300x200.jpg 300w, http:\/\/vertienteglobal.com\/wp-content\/uploads\/2020\/05\/1101192-1-150x100.jpg 150w, http:\/\/vertienteglobal.com\/wp-content\/uploads\/2020\/05\/1101192-1-768x512.jpg 768w\" sizes=\"auto, (max-width: 1024px) 100vw, 1024px\" \/><\/figure><\/li><\/ul><\/figure>\n\n\n\n<p>(Redaccion)<\/p>\n\n\n\n<p>Inform\u00f3 que los ciclones llevar\u00e1n los nombres de Arthur, Bertha, Crist\u00f3bal, Dolly, \u00c9douard, Fay, Gonzalo, Hanna, Isa\u00edas, Josephine, Kyle, Laura, Marco, Nana, Omar, Paulette, Ren\u00e9, Sally y Teddy<\/p>\n\n\n\n<p>Ciudad de M\u00e9xico a 15 de mayo de 2020.-Durante la temporada de ciclones tropicales y lluvias 2020 se prev\u00e9n entre 30 y 37 ciclones, donde los meses de septiembre y octubre ser\u00e1n los m\u00e1s intensos en territorio nacional, inform\u00f3 la Comisi\u00f3n Nacional del Agua (Conagua).<\/p>\n\n\n\n<p>Y es que en conferencia virtual, la directora general de la Conagua, Blanca Jim\u00e9nez Cisneros, inform\u00f3 que durante la temporada de ciclones tropicales en el Oc\u00e9ano Atl\u00e1ntico se registrar\u00e1n un aproximado de 15 a 19, de ellos entre ocho y 10 tormentas tropicales, de cuatro a cinco huracanes categor\u00eda 1 y 2, y de tres a cuatro huracanes categor\u00eda, 3, 4 y 5.<\/p>\n\n\n\n<p>Inform\u00f3 que los ciclones llevar\u00e1n los nombres de Arthur, Bertha, Crist\u00f3bal, Dolly, \u00c9douard, Fay, Gonzalo, Hanna, Isa\u00edas, Josephine, Kyle, Laura, Marco, Nana, Omar, Paulette, Ren\u00e9, Sally y Teddy.<\/p>\n\n\n\n<p>Mientras en el Oc\u00e9ano Pac\u00edfico se han contabilizado de 15 a 18 sistemas, de los cu\u00e1les, siete u ocho podr\u00edan ser tormentas tropicales, de cuatro a cinco huracanes de categor\u00eda 1 y 2, adem\u00e1s de cuatro a cinco huracanes categor\u00eda 3, 4 o 5, los cuales llevar\u00e1n los nombres de Amanda, Boris, Cristina, Douglas, Elida, Fausto, Genevieve, Hern\u00e1n, Iselle, Julio, Karina, Lowell, Marie, Norbert, Odalys, Polo, Rachel y Sim\u00f3n.<\/p>\n\n\n\n<p>Jim\u00e9nez Cisneros inform\u00f3 que el 15 de mayo inicia la temporada de tormentas tropicales en el Pac\u00edfico nororiental, mientras que en 1 de junio iniciar\u00e1 por el oc\u00e9ano Atl\u00e1ntico y concluir\u00e1n el pr\u00f3ximo 30 de noviembre.<\/p>\n\n\n\n<p>\u00abPara este a\u00f1o, de acuerdo con los an\u00e1lisis de las condiciones oce\u00e1nicas de enero-abril, se espera que la temporada sea m\u00e1s activa, es decir que habr\u00e1 m\u00e1s ciclones tropicales en promedio\u00bb, indic\u00f3 la funcionaria federal.<\/p>\n\n\n\n<p>Incluso, asever\u00f3 que seg\u00fan informaci\u00f3n del Sistema Meteorol\u00f3gico Nacional, han visualizado que cada a\u00f1o ingresan de 4 a 5 ciclones tropicales, sin embargo, durante este a\u00f1o se espera la llegada de cinco a seis ciclones.<\/p>\n\n\n\n<p>\u00abNosotros ya estamos preparados para recibir estos ciclones habiendo preparado no s\u00f3lo los alertamientos, sino tambi\u00e9n preparamos la infraestructura para que pueda las presas captar el m\u00e1ximo de agua, desasolvando canales y limpiando los pozos y las compuertas para comparar y reducir el n\u00famero\u00bb, refiri\u00f3.<\/p>\n\n\n\n<p>Ante el tema del COCID-19, asever\u00f3 que ha preparado un pron\u00f3stico especial para 489 hospitales que atienden pacientes con coronavirus, a fin de que todos los hospitales ambulatorios puedan contar con las previsiones de lluvia, temperaturas y el viento.<\/p>\n\n\n\n<p>\u00abPara ello implementamos un visualizador meteorol\u00f3gico con informaci\u00f3n de radares meteorol\u00f3gicos e im\u00e1genes satelitales para generar un pron\u00f3stico de muy corto plazo de minutos hasta tres horas y se actualizar\u00e1n autom\u00e1ticamente cada cinco minutos en relaci\u00f3n con los fen\u00f3menos atmosf\u00e9ricos severos.<\/p>\n\n\n\n<p>\u00abEn particular con la formaci\u00f3n de tormentas el\u00e9ctricas, ca\u00edda de granizo, lluvias y vientos severos para resguardar la integridad f\u00edsica y el buen funcionamiento de los hospitales y de las carpas sanitarias la que sigue durante esta temporada de ciclones tropicales\u00bb, dijo.<\/p>\n\n\n\n<p>Por ello, exhort\u00f3 a la ciudadan\u00eda en general atender todas las recomendaciones oficiales que emitir\u00e1n la Coordinaci\u00f3n Nacional de Protecci\u00f3n Civil (CNPC) durante la temporada de ciclones tropicales.<\/p>\n\n\n\n<p>A su vez, el secretario de Seguridad y Protecci\u00f3n Ciudadana, Alfonso Durazo Monta\u00f1o, asever\u00f3 que durante la emergencia sanitaria por el COVID-19 las instituciones p\u00fablicas deber\u00e1n de estar m\u00e1s preparadas ante un posible evento provocado por las lluvias.<\/p>\n\n\n\n<p>\u00abNos obliga a duplicar nuestro esfuerzo, eficacia, as\u00ed como las medidas de preparaci\u00f3n, auxilio y recuperaci\u00f3n que se implementan en materia de Protecci\u00f3n Civil para esta temporada de lluvias y ciclones, por ello, reitero a las autoridades estatales y municipales atiendan las recomendaciones para acatar las medidas de prevenci\u00f3n, en el sentido de crear las reservas estrat\u00e9gicas necesarias para hacer frente a los desastres\u00bb.<\/p>\n\n\n\n<p>Asimismo, exhort\u00f3 a los habitantes que viven en zonas de riesgo a estar atentos de los pron\u00f3sticos que emite el Servicio Meteorol\u00f3gico Nacional y la Coordinaci\u00f3n Nacional de Protecci\u00f3n Civil para prevenir cualquier riesgo de la naturaleza.<\/p>\n\n\n\n<p>El coordinador nacional de Protecci\u00f3n Civil, David Le\u00f3n, asegur\u00f3 que en caso de alguna evacuaci\u00f3n de refugios temporales por COVID-19, podr\u00edan buscar una zona libre de riesgo a trav\u00e9s de la gu\u00eda de prevenci\u00f3n, \u00abse deber\u00e1n de cumplir con todos los lineamientos de recomendaciones de salud, asimismo de cumplir con la instalaci\u00f3n de un filtro sanitario para el reforzamiento en medidas de higiene en los albergues\u00bb. (Fuente: Notimex)<\/p>\n","protected":false},"excerpt":{"rendered":"<p>(Redaccion) Inform\u00f3 que los ciclones llevar\u00e1n los nombres de Arthur, Bertha, Crist\u00f3bal, Dolly, \u00c9douard, Fay, Gonzalo, Hanna, Isa\u00edas, Josephine, Kyle, Laura, Marco, Nana, Omar, Paulette, Ren\u00e9, Sally y Teddy Ciudad de M\u00e9xico a 15 de mayo de 2020.-Durante la temporada de ciclones tropicales y lluvias 2020 se prev\u00e9n entre 30 y 37 ciclones, donde los [&hellip;]<\/p>\n","protected":false},"author":1,"featured_media":157063,"comment_status":"open","ping_status":"open","sticky":false,"template":"","format":"standard","meta":{"footnotes":""},"categories":[8],"tags":[],"class_list":["post-157062","post","type-post","status-publish","format-standard","has-post-thumbnail","hentry","category-pais","entry","has-media"],"jetpack_featured_media_url":"http:\/\/vertienteglobal.com\/wp-content\/uploads\/2020\/05\/1101192-1.jpg","_links":{"self":[{"href":"http:\/\/vertienteglobal.com\/index.php?rest_route=\/wp\/v2\/posts\/157062","targetHints":{"allow":["GET"]}}],"collection":[{"href":"http:\/\/vertienteglobal.com\/index.php?rest_route=\/wp\/v2\/posts"}],"about":[{"href":"http:\/\/vertienteglobal.com\/index.php?rest_route=\/wp\/v2\/types\/post"}],"author":[{"embeddable":true,"href":"http:\/\/vertienteglobal.com\/index.php?rest_route=\/wp\/v2\/users\/1"}],"replies":[{"embeddable":true,"href":"http:\/\/vertienteglobal.com\/index.php?rest_route=%2Fwp%2Fv2%2Fcomments&post=157062"}],"version-history":[{"count":0,"href":"http:\/\/vertienteglobal.com\/index.php?rest_route=\/wp\/v2\/posts\/157062\/revisions"}],"wp:featuredmedia":[{"embeddable":true,"href":"http:\/\/vertienteglobal.com\/index.php?rest_route=\/wp\/v2\/media\/157063"}],"wp:attachment":[{"href":"http:\/\/vertienteglobal.com\/index.php?rest_route=%2Fwp%2Fv2%2Fmedia&parent=157062"}],"wp:term":[{"taxonomy":"category","embeddable":true,"href":"http:\/\/vertienteglobal.com\/index.php?rest_route=%2Fwp%2Fv2%2Fcategories&post=157062"},{"taxonomy":"post_tag","embeddable":true,"href":"http:\/\/vertienteglobal.com\/index.php?rest_route=%2Fwp%2Fv2%2Ftags&post=157062"}],"curies":[{"name":"wp","href":"https:\/\/api.w.org\/{rel}","templated":true}]}}