{"id":156943,"date":"2020-05-14T12:39:00","date_gmt":"2020-05-14T17:39:00","guid":{"rendered":"http:\/\/vertienteglobal.com\/?p=156943"},"modified":"2020-05-14T12:42:28","modified_gmt":"2020-05-14T17:42:28","slug":"en-salas-de-hospital-estan-quienes-se-contagiaron-por-andar-en-la-calle-sin-proteccion-enfermeras","status":"publish","type":"post","link":"http:\/\/vertienteglobal.com\/?p=156943","title":{"rendered":"\u00abEn salas de hospital est\u00e1n quienes se contagiaron por andar en la calle sin protecci\u00f3n\u00bb: Enfermeras"},"content":{"rendered":"\n<div class=\"twitterbutton\" style=\"float: right; padding-left: 5px;\"><a href=\"http:\/\/twitter.com\/share\" class=\"twitter-share-button\" data-count=\"horizontal\" data-text=\"\u00abEn salas de hospital est\u00e1n quienes se contagiaron por andar en la calle sin p...\" data-via=\"https:\/\/twitter.com\/VertienteGloba1\" data-url=\"http:\/\/vertienteglobal.com\/?p=156943\" data-lang=\"es\" data-related=\"Informaci\u00f3n general:S\u00edguenos para que est\u00e9ss informado\"><\/a><\/div>\n<figure class=\"wp-block-gallery columns-1 is-cropped wp-block-gallery-1 is-layout-flex wp-block-gallery-is-layout-flex\"><ul class=\"blocks-gallery-grid\"><li class=\"blocks-gallery-item\"><figure><img loading=\"lazy\" decoding=\"async\" width=\"1024\" height=\"671\" src=\"http:\/\/vertienteglobal.com\/wp-content\/uploads\/2020\/05\/1100949.jpg\" alt=\"\" data-id=\"156944\" data-full-url=\"http:\/\/vertienteglobal.com\/wp-content\/uploads\/2020\/05\/1100949.jpg\" data-link=\"http:\/\/vertienteglobal.com\/?attachment_id=156944\" class=\"wp-image-156944\" srcset=\"http:\/\/vertienteglobal.com\/wp-content\/uploads\/2020\/05\/1100949.jpg 1024w, http:\/\/vertienteglobal.com\/wp-content\/uploads\/2020\/05\/1100949-300x197.jpg 300w, http:\/\/vertienteglobal.com\/wp-content\/uploads\/2020\/05\/1100949-150x98.jpg 150w, http:\/\/vertienteglobal.com\/wp-content\/uploads\/2020\/05\/1100949-768x503.jpg 768w\" sizes=\"auto, (max-width: 1024px) 100vw, 1024px\" \/><\/figure><\/li><\/ul><\/figure>\n\n\n\n<p>(Redacci\u00f3n)<\/p>\n\n\n\n<p>Durante una semana, alrededor de 60 personas, entre camilleros, intendencia, mantenimiento, as\u00ed como personal de biom\u00e9dica, trabajaron para habilitar el piso 3 en un hospital COVID-19, que hasta antes de la contingencia albergaba la zona norte de medicina interna: los servicios de cardiolog\u00eda, infectolog\u00eda, neumolog\u00eda y gastroenterolog\u00eda<\/p>\n\n\n\n<p>Ciudad de M\u00e9xico a 14 de mayo de 2020.-<br>En las salas, cuentan las enfermeras del Hospital Ju\u00e1rez de la Ciudad de M\u00e9xico, hay personas que se contagiaron por andar en la calle sin protecci\u00f3n, o por toparse con gente que no tra\u00eda cubrebocas, y muchos son de los que no pudieron dejar de trabajar, como empleados y comerciantes.<\/p>\n\n\n\n<p>De acuerdo con reportaje realizado por Animal Pol\u00edtico, durante una semana, alrededor de 60 personas, entre camilleros, intendencia, mantenimiento, as\u00ed como personal de biom\u00e9dica, trabajaron para habilitar el piso 3 en un hospital COVID-19, que hasta antes de la contingencia albergaba la zona norte de medicina interna: los servicios de cardiolog\u00eda, infectolog\u00eda, neumolog\u00eda y gastroenterolog\u00eda.<\/p>\n\n\n\n<p>Refiere que en dicha \u00e1rea solo se est\u00e1 atendiendo a los pacientes con esa enfermedad y a los de urgencias, hematolog\u00eda y oncolog\u00eda.<\/p>\n\n\n\n<p>Se\u00f1ala que en el piso de recuperaci\u00f3n, ala norte, hay 27 pacientes, en cada sala hay cuatro. La mayor parte del tiempo los pacientes est\u00e1n s\u00f3lo acompa\u00f1ados por los otros pacientes. Aunque ninguno se ve la cara completa, por el uso obligatorio del cubrebocas, y sin que ello importe, ya todos se sienten amigos.<\/p>\n\n\n\n<p>Destaca que otras enfermeras, las que se encuentran en el \u00e1rea de urgencias y en pisos cr\u00edticos, derraman l\u00e1grimas cuando un paciente les dice que se pone en sus manos y no pueden salvarlo; en otros casos, las enfermeras y los m\u00e9dicos aplauden y celebran cada partida de un paciente del hospital. (Fuente y foto: Animal Pol\u00edtico)<\/p>\n","protected":false},"excerpt":{"rendered":"<p>(Redacci\u00f3n) Durante una semana, alrededor de 60 personas, entre camilleros, intendencia, mantenimiento, as\u00ed como personal de biom\u00e9dica, trabajaron para habilitar el piso 3 en un hospital COVID-19, que hasta antes de la contingencia albergaba la zona norte de medicina interna: los servicios de cardiolog\u00eda, infectolog\u00eda, neumolog\u00eda y gastroenterolog\u00eda Ciudad de M\u00e9xico a 14 de mayo [&hellip;]<\/p>\n","protected":false},"author":1,"featured_media":156944,"comment_status":"open","ping_status":"open","sticky":false,"template":"","format":"standard","meta":{"footnotes":""},"categories":[8],"tags":[],"class_list":["post-156943","post","type-post","status-publish","format-standard","has-post-thumbnail","hentry","category-pais","entry","has-media"],"jetpack_featured_media_url":"http:\/\/vertienteglobal.com\/wp-content\/uploads\/2020\/05\/1100949.jpg","_links":{"self":[{"href":"http:\/\/vertienteglobal.com\/index.php?rest_route=\/wp\/v2\/posts\/156943","targetHints":{"allow":["GET"]}}],"collection":[{"href":"http:\/\/vertienteglobal.com\/index.php?rest_route=\/wp\/v2\/posts"}],"about":[{"href":"http:\/\/vertienteglobal.com\/index.php?rest_route=\/wp\/v2\/types\/post"}],"author":[{"embeddable":true,"href":"http:\/\/vertienteglobal.com\/index.php?rest_route=\/wp\/v2\/users\/1"}],"replies":[{"embeddable":true,"href":"http:\/\/vertienteglobal.com\/index.php?rest_route=%2Fwp%2Fv2%2Fcomments&post=156943"}],"version-history":[{"count":0,"href":"http:\/\/vertienteglobal.com\/index.php?rest_route=\/wp\/v2\/posts\/156943\/revisions"}],"wp:featuredmedia":[{"embeddable":true,"href":"http:\/\/vertienteglobal.com\/index.php?rest_route=\/wp\/v2\/media\/156944"}],"wp:attachment":[{"href":"http:\/\/vertienteglobal.com\/index.php?rest_route=%2Fwp%2Fv2%2Fmedia&parent=156943"}],"wp:term":[{"taxonomy":"category","embeddable":true,"href":"http:\/\/vertienteglobal.com\/index.php?rest_route=%2Fwp%2Fv2%2Fcategories&post=156943"},{"taxonomy":"post_tag","embeddable":true,"href":"http:\/\/vertienteglobal.com\/index.php?rest_route=%2Fwp%2Fv2%2Ftags&post=156943"}],"curies":[{"name":"wp","href":"https:\/\/api.w.org\/{rel}","templated":true}]}}