{"id":156710,"date":"2020-05-12T13:30:00","date_gmt":"2020-05-12T18:30:00","guid":{"rendered":"http:\/\/vertienteglobal.com\/?p=156710"},"modified":"2020-05-12T15:32:22","modified_gmt":"2020-05-12T20:32:22","slug":"casos-de-covid19-en-tampico-son-importados-de-campeche-y-tabasco-alcalde","status":"publish","type":"post","link":"http:\/\/vertienteglobal.com\/?p=156710","title":{"rendered":"Casos de COVID19 en Tampico son \u00abimportados\u00bb de Campeche y Tabasco: Alcalde"},"content":{"rendered":"\n<div class=\"twitterbutton\" style=\"float: right; padding-left: 5px;\"><a href=\"http:\/\/twitter.com\/share\" class=\"twitter-share-button\" data-count=\"horizontal\" data-text=\"Casos de COVID19 en Tampico son \u00abimportados\u00bb de Campeche y Tabasco: Alcalde\" data-via=\"https:\/\/twitter.com\/VertienteGloba1\" data-url=\"http:\/\/vertienteglobal.com\/?p=156710\" data-lang=\"es\" data-related=\"Informaci\u00f3n general:S\u00edguenos para que est\u00e9ss informado\"><\/a><\/div>\n<figure class=\"wp-block-gallery columns-1 is-cropped wp-block-gallery-1 is-layout-flex wp-block-gallery-is-layout-flex\"><ul class=\"blocks-gallery-grid\"><li class=\"blocks-gallery-item\"><figure><img loading=\"lazy\" decoding=\"async\" width=\"799\" height=\"533\" src=\"http:\/\/vertienteglobal.com\/wp-content\/uploads\/2020\/05\/IMG_20200512_145617.jpg\" alt=\"\" data-id=\"156711\" data-full-url=\"http:\/\/vertienteglobal.com\/wp-content\/uploads\/2020\/05\/IMG_20200512_145617.jpg\" data-link=\"http:\/\/vertienteglobal.com\/?attachment_id=156711\" class=\"wp-image-156711\" srcset=\"http:\/\/vertienteglobal.com\/wp-content\/uploads\/2020\/05\/IMG_20200512_145617.jpg 799w, http:\/\/vertienteglobal.com\/wp-content\/uploads\/2020\/05\/IMG_20200512_145617-300x200.jpg 300w, http:\/\/vertienteglobal.com\/wp-content\/uploads\/2020\/05\/IMG_20200512_145617-150x100.jpg 150w, http:\/\/vertienteglobal.com\/wp-content\/uploads\/2020\/05\/IMG_20200512_145617-768x512.jpg 768w\" sizes=\"auto, (max-width: 799px) 100vw, 799px\" \/><\/figure><\/li><\/ul><\/figure>\n\n\n\n<p>(Redacci\u00f3n)<\/p>\n\n\n\n<p>El alcalde pidi\u00f3 a Pemex asumir su responsabilidad de vigilar a los empleados contagiados y anunci\u00f3 que pedir\u00e1 a la Secretar\u00eda de Salud estatal se ponga de acuerdo con los funcionarios de Campeche y Tabasco para evitar que crezcan los casos de la enfermedad<\/p>\n\n\n\n<p>Tampico, Tamaulipas, a 12 de mayo de 2020.- El alcalde de Tampico, Jes\u00fas Nader Nasrallah, dijo que la mayor\u00eda de los casos de COVID-19 en el municipio son \u201cimportados\u201d por trabajadores de Pemex que laboran en la plataformas de Campeche y Tabasco.<\/p>\n\n\n\n<p>Y es que para evitar m\u00e1s contagios, el alcalde, se\u00f1al\u00f3 que mantendr\u00e1 un control interinstitucional y vigilar\u00e1 a los empleados de Petr\u00f3leos Mexicanos (Pemex) que lleguen enfermos del sureste.<\/p>\n\n\n\n<p>Afirm\u00f3 que cuando los trabajadores bajen de la plataforma ser\u00e1n sometidos a pruebas, y en caso de llegar enfermos, tendr\u00e1n que tomar su cuarentena.<\/p>\n\n\n\n<p>\u201cLo m\u00e1s apropiado es que una vez que los trabajadores bajen de las plataformas, las autoridades tanto de Campeche como de Tabasco los conduzcan a filtros sanitarios de tal manera que desde ah\u00ed se detecte a las personas que presenten s\u00edntomas o contagio por COVID-19; mediante pruebas de laboratorio y el establecimiento de la respectiva cuarentena\u201d.<\/p>\n\n\n\n<p>Nasrallah se quej\u00f3 de que hay algunos trabajadores que a pesar de que salieron positivos al nuevo coronavirus siguen haciendo su vida como si nada y sin tomar ninguna precauci\u00f3n.<\/p>\n\n\n\n<p>En Tampico hay 130 casos positivos de coronavirus y cinco fallecimientos.<\/p>\n\n\n\n<p>El alcalde pidi\u00f3 a Pemex asumir su responsabilidad de vigilar a los empleados contagiados y anunci\u00f3 que pedir\u00e1 a la Secretar\u00eda de Salud estatal se ponga de acuerdo con los funcionarios de Campeche y Tabasco para evitar que crezcan los casos de la enfermedad. (Fuente: sdpnoticias.com)<\/p>\n","protected":false},"excerpt":{"rendered":"<p>(Redacci\u00f3n) El alcalde pidi\u00f3 a Pemex asumir su responsabilidad de vigilar a los empleados contagiados y anunci\u00f3 que pedir\u00e1 a la Secretar\u00eda de Salud estatal se ponga de acuerdo con los funcionarios de Campeche y Tabasco para evitar que crezcan los casos de la enfermedad Tampico, Tamaulipas, a 12 de mayo de 2020.- El alcalde [&hellip;]<\/p>\n","protected":false},"author":1,"featured_media":156711,"comment_status":"open","ping_status":"open","sticky":false,"template":"","format":"standard","meta":{"footnotes":""},"categories":[8],"tags":[],"class_list":["post-156710","post","type-post","status-publish","format-standard","has-post-thumbnail","hentry","category-pais","entry","has-media"],"jetpack_featured_media_url":"http:\/\/vertienteglobal.com\/wp-content\/uploads\/2020\/05\/IMG_20200512_145617.jpg","_links":{"self":[{"href":"http:\/\/vertienteglobal.com\/index.php?rest_route=\/wp\/v2\/posts\/156710","targetHints":{"allow":["GET"]}}],"collection":[{"href":"http:\/\/vertienteglobal.com\/index.php?rest_route=\/wp\/v2\/posts"}],"about":[{"href":"http:\/\/vertienteglobal.com\/index.php?rest_route=\/wp\/v2\/types\/post"}],"author":[{"embeddable":true,"href":"http:\/\/vertienteglobal.com\/index.php?rest_route=\/wp\/v2\/users\/1"}],"replies":[{"embeddable":true,"href":"http:\/\/vertienteglobal.com\/index.php?rest_route=%2Fwp%2Fv2%2Fcomments&post=156710"}],"version-history":[{"count":0,"href":"http:\/\/vertienteglobal.com\/index.php?rest_route=\/wp\/v2\/posts\/156710\/revisions"}],"wp:featuredmedia":[{"embeddable":true,"href":"http:\/\/vertienteglobal.com\/index.php?rest_route=\/wp\/v2\/media\/156711"}],"wp:attachment":[{"href":"http:\/\/vertienteglobal.com\/index.php?rest_route=%2Fwp%2Fv2%2Fmedia&parent=156710"}],"wp:term":[{"taxonomy":"category","embeddable":true,"href":"http:\/\/vertienteglobal.com\/index.php?rest_route=%2Fwp%2Fv2%2Fcategories&post=156710"},{"taxonomy":"post_tag","embeddable":true,"href":"http:\/\/vertienteglobal.com\/index.php?rest_route=%2Fwp%2Fv2%2Ftags&post=156710"}],"curies":[{"name":"wp","href":"https:\/\/api.w.org\/{rel}","templated":true}]}}