{"id":156692,"date":"2020-05-12T09:48:00","date_gmt":"2020-05-12T14:48:00","guid":{"rendered":"http:\/\/vertienteglobal.com\/?p=156692"},"modified":"2020-05-12T12:32:28","modified_gmt":"2020-05-12T17:32:28","slug":"se-pudo-domar-la-pandemia-no-fuimos-rebasados-amlo","status":"publish","type":"post","link":"http:\/\/vertienteglobal.com\/?p=156692","title":{"rendered":"Se pudo domar la pandemia, no fuimos rebasados: AMLO"},"content":{"rendered":"\n<div class=\"twitterbutton\" style=\"float: right; padding-left: 5px;\"><a href=\"http:\/\/twitter.com\/share\" class=\"twitter-share-button\" data-count=\"horizontal\" data-text=\"Se pudo domar la pandemia, no fuimos rebasados: AMLO\" data-via=\"https:\/\/twitter.com\/VertienteGloba1\" data-url=\"http:\/\/vertienteglobal.com\/?p=156692\" data-lang=\"es\" data-related=\"Informaci\u00f3n general:S\u00edguenos para que est\u00e9ss informado\"><\/a><\/div>\n<figure class=\"wp-block-gallery columns-1 is-cropped wp-block-gallery-1 is-layout-flex wp-block-gallery-is-layout-flex\"><ul class=\"blocks-gallery-grid\"><li class=\"blocks-gallery-item\"><figure><img loading=\"lazy\" decoding=\"async\" width=\"1024\" height=\"572\" src=\"http:\/\/vertienteglobal.com\/wp-content\/uploads\/2020\/05\/IMG_20200512_081805-1024x572.jpg\" alt=\"\" data-id=\"156693\" data-full-url=\"http:\/\/vertienteglobal.com\/wp-content\/uploads\/2020\/05\/IMG_20200512_081805.jpg\" data-link=\"http:\/\/vertienteglobal.com\/?attachment_id=156693\" class=\"wp-image-156693\" srcset=\"http:\/\/vertienteglobal.com\/wp-content\/uploads\/2020\/05\/IMG_20200512_081805-1024x572.jpg 1024w, http:\/\/vertienteglobal.com\/wp-content\/uploads\/2020\/05\/IMG_20200512_081805-300x167.jpg 300w, http:\/\/vertienteglobal.com\/wp-content\/uploads\/2020\/05\/IMG_20200512_081805-150x84.jpg 150w, http:\/\/vertienteglobal.com\/wp-content\/uploads\/2020\/05\/IMG_20200512_081805-768x429.jpg 768w, http:\/\/vertienteglobal.com\/wp-content\/uploads\/2020\/05\/IMG_20200512_081805-1536x857.jpg 1536w, http:\/\/vertienteglobal.com\/wp-content\/uploads\/2020\/05\/IMG_20200512_081805-2048x1143.jpg 2048w\" sizes=\"auto, (max-width: 1024px) 100vw, 1024px\" \/><\/figure><\/li><\/ul><\/figure>\n\n\n\n<p>(Redacci\u00f3n)<\/p>\n\n\n\n<p>Afirm\u00f3: \u00abSe pudo aplanar la famosa curva, domar la pandemia y esto nos permiti\u00f3 prepararnos y no fuimos rebasados\u00bb<\/p>\n\n\n\n<p>Ciudad de M\u00e9xico a 12 de Mayo de 2020.- El presidente Andr\u00e9s Manuel L\u00f3pez Obrador asegur\u00f3 que se pudo aplanar la curva epid\u00e9mica del COVID-19 y domar la pandemia, al tiempo que asegur\u00f3 que el pa\u00eds no fue rebasado.<\/p>\n\n\n\n<p>Afirm\u00f3: \u00abSe pudo aplanar la famosa curva, domar la pandemia y esto nos permiti\u00f3 prepararnos y no fuimos rebasados\u00bb.<\/p>\n\n\n\n<p>Y es que en la conferencia de prensa ma\u00f1anera desde Palacio Nacional, el presidente dijo que \u00absiempre vamos a agradecer que no nos haya pegado la pandemia primero, que nos dio tiempo para prepararnos, adem\u00e1s por la estrategia que se puso en practica, no hubo una irrupci\u00f3n, no fue algo incontrolable\u00bb.<\/p>\n\n\n\n<p>En este sentido, asegur\u00f3 que \u00abse tienen las camas de hospitalizaci\u00f3n general, como las camas que se requieren con m\u00e9dicos de terapia intensiva\u00bb para tratar el COVID-19.<\/p>\n","protected":false},"excerpt":{"rendered":"<p>(Redacci\u00f3n) Afirm\u00f3: \u00abSe pudo aplanar la famosa curva, domar la pandemia y esto nos permiti\u00f3 prepararnos y no fuimos rebasados\u00bb Ciudad de M\u00e9xico a 12 de Mayo de 2020.- El presidente Andr\u00e9s Manuel L\u00f3pez Obrador asegur\u00f3 que se pudo aplanar la curva epid\u00e9mica del COVID-19 y domar la pandemia, al tiempo que asegur\u00f3 que el [&hellip;]<\/p>\n","protected":false},"author":6,"featured_media":156693,"comment_status":"open","ping_status":"open","sticky":false,"template":"","format":"standard","meta":{"footnotes":""},"categories":[8],"tags":[],"class_list":["post-156692","post","type-post","status-publish","format-standard","has-post-thumbnail","hentry","category-pais","entry","has-media"],"jetpack_featured_media_url":"http:\/\/vertienteglobal.com\/wp-content\/uploads\/2020\/05\/IMG_20200512_081805.jpg","_links":{"self":[{"href":"http:\/\/vertienteglobal.com\/index.php?rest_route=\/wp\/v2\/posts\/156692","targetHints":{"allow":["GET"]}}],"collection":[{"href":"http:\/\/vertienteglobal.com\/index.php?rest_route=\/wp\/v2\/posts"}],"about":[{"href":"http:\/\/vertienteglobal.com\/index.php?rest_route=\/wp\/v2\/types\/post"}],"author":[{"embeddable":true,"href":"http:\/\/vertienteglobal.com\/index.php?rest_route=\/wp\/v2\/users\/6"}],"replies":[{"embeddable":true,"href":"http:\/\/vertienteglobal.com\/index.php?rest_route=%2Fwp%2Fv2%2Fcomments&post=156692"}],"version-history":[{"count":0,"href":"http:\/\/vertienteglobal.com\/index.php?rest_route=\/wp\/v2\/posts\/156692\/revisions"}],"wp:featuredmedia":[{"embeddable":true,"href":"http:\/\/vertienteglobal.com\/index.php?rest_route=\/wp\/v2\/media\/156693"}],"wp:attachment":[{"href":"http:\/\/vertienteglobal.com\/index.php?rest_route=%2Fwp%2Fv2%2Fmedia&parent=156692"}],"wp:term":[{"taxonomy":"category","embeddable":true,"href":"http:\/\/vertienteglobal.com\/index.php?rest_route=%2Fwp%2Fv2%2Fcategories&post=156692"},{"taxonomy":"post_tag","embeddable":true,"href":"http:\/\/vertienteglobal.com\/index.php?rest_route=%2Fwp%2Fv2%2Ftags&post=156692"}],"curies":[{"name":"wp","href":"https:\/\/api.w.org\/{rel}","templated":true}]}}