{"id":156583,"date":"2020-05-11T14:59:44","date_gmt":"2020-05-11T19:59:44","guid":{"rendered":"http:\/\/vertienteglobal.com\/?p=156583"},"modified":"2020-05-11T14:59:44","modified_gmt":"2020-05-11T19:59:44","slug":"fuerzas-armadas-realizaran-tareas-de-seguridad-publican-decreto-en-el-diario-oficial","status":"publish","type":"post","link":"http:\/\/vertienteglobal.com\/?p=156583","title":{"rendered":"Fuerzas Armadas realizar\u00e1n tareas de seguridad; publican decreto en el Diario Oficial"},"content":{"rendered":"\n<div class=\"twitterbutton\" style=\"float: right; padding-left: 5px;\"><a href=\"http:\/\/twitter.com\/share\" class=\"twitter-share-button\" data-count=\"horizontal\" data-text=\"Fuerzas Armadas realizar\u00e1n tareas de seguridad; publican decreto en el Diario O...\" data-via=\"https:\/\/twitter.com\/VertienteGloba1\" data-url=\"http:\/\/vertienteglobal.com\/?p=156583\" data-lang=\"es\" data-related=\"Informaci\u00f3n general:S\u00edguenos para que est\u00e9ss informado\"><\/a><\/div>\n<figure class=\"wp-block-gallery columns-1 is-cropped wp-block-gallery-1 is-layout-flex wp-block-gallery-is-layout-flex\"><ul class=\"blocks-gallery-grid\"><li class=\"blocks-gallery-item\"><figure><img loading=\"lazy\" decoding=\"async\" width=\"1024\" height=\"683\" src=\"http:\/\/vertienteglobal.com\/wp-content\/uploads\/2020\/05\/105334.jpg\" alt=\"\" data-id=\"156584\" data-full-url=\"http:\/\/vertienteglobal.com\/wp-content\/uploads\/2020\/05\/105334.jpg\" data-link=\"http:\/\/vertienteglobal.com\/?attachment_id=156584\" class=\"wp-image-156584\" srcset=\"http:\/\/vertienteglobal.com\/wp-content\/uploads\/2020\/05\/105334.jpg 1024w, http:\/\/vertienteglobal.com\/wp-content\/uploads\/2020\/05\/105334-300x200.jpg 300w, http:\/\/vertienteglobal.com\/wp-content\/uploads\/2020\/05\/105334-150x100.jpg 150w, http:\/\/vertienteglobal.com\/wp-content\/uploads\/2020\/05\/105334-768x512.jpg 768w\" sizes=\"auto, (max-width: 1024px) 100vw, 1024px\" \/><\/figure><\/li><\/ul><\/figure>\n\n\n\n<p>(Redacci\u00f3n)<\/p>\n\n\n\n<p>El estatuto, especifica que las tareas ser\u00e1n reguladas, fiscalizadas, subordinadas y complementarias con la Guardia Nacional<\/p>\n\n\n\n<p>Ciudad de M\u00e9xico a 11 de mayo de 2020<br>Mediante un decreto publicado en el Diario Oficial de la Federaci\u00f3n (DOF), el gobierno de la Rep\u00fablica orden\u00f3 el regreso de las Fuerzas Armadas a las calles, a fin de cooperar de forma extraordinaria en las labores de seguridad.<\/p>\n\n\n\n<p>Y es que mediante el estatuto se especifica que las tareas ser\u00e1n reguladas, fiscalizadas, subordinadas y complementarias con la Guardia Nacional.<\/p>\n\n\n\n<p>Es decir, las secretar\u00edas de la Defensa Nacional (Sedena) y Marina (Semar) complementar\u00e1n el trabajo de la Guardia Nacional mientras desarrolla su estructura e implantaci\u00f3n territorial.<\/p>\n\n\n\n<p>El decreto tiene una vigencia hasta el 27 de marzo de 2024, por lo que no podr\u00e1n exceder los 5 a\u00f1os seg\u00fan las especificaciones del pa\u00eds. (Fuente: Milenio)<\/p>\n","protected":false},"excerpt":{"rendered":"<p>(Redacci\u00f3n) El estatuto, especifica que las tareas ser\u00e1n reguladas, fiscalizadas, subordinadas y complementarias con la Guardia Nacional Ciudad de M\u00e9xico a 11 de mayo de 2020Mediante un decreto publicado en el Diario Oficial de la Federaci\u00f3n (DOF), el gobierno de la Rep\u00fablica orden\u00f3 el regreso de las Fuerzas Armadas a las calles, a fin de [&hellip;]<\/p>\n","protected":false},"author":1,"featured_media":156584,"comment_status":"open","ping_status":"open","sticky":false,"template":"","format":"standard","meta":{"footnotes":""},"categories":[8],"tags":[],"class_list":["post-156583","post","type-post","status-publish","format-standard","has-post-thumbnail","hentry","category-pais","entry","has-media"],"jetpack_featured_media_url":"http:\/\/vertienteglobal.com\/wp-content\/uploads\/2020\/05\/105334.jpg","_links":{"self":[{"href":"http:\/\/vertienteglobal.com\/index.php?rest_route=\/wp\/v2\/posts\/156583","targetHints":{"allow":["GET"]}}],"collection":[{"href":"http:\/\/vertienteglobal.com\/index.php?rest_route=\/wp\/v2\/posts"}],"about":[{"href":"http:\/\/vertienteglobal.com\/index.php?rest_route=\/wp\/v2\/types\/post"}],"author":[{"embeddable":true,"href":"http:\/\/vertienteglobal.com\/index.php?rest_route=\/wp\/v2\/users\/1"}],"replies":[{"embeddable":true,"href":"http:\/\/vertienteglobal.com\/index.php?rest_route=%2Fwp%2Fv2%2Fcomments&post=156583"}],"version-history":[{"count":0,"href":"http:\/\/vertienteglobal.com\/index.php?rest_route=\/wp\/v2\/posts\/156583\/revisions"}],"wp:featuredmedia":[{"embeddable":true,"href":"http:\/\/vertienteglobal.com\/index.php?rest_route=\/wp\/v2\/media\/156584"}],"wp:attachment":[{"href":"http:\/\/vertienteglobal.com\/index.php?rest_route=%2Fwp%2Fv2%2Fmedia&parent=156583"}],"wp:term":[{"taxonomy":"category","embeddable":true,"href":"http:\/\/vertienteglobal.com\/index.php?rest_route=%2Fwp%2Fv2%2Fcategories&post=156583"},{"taxonomy":"post_tag","embeddable":true,"href":"http:\/\/vertienteglobal.com\/index.php?rest_route=%2Fwp%2Fv2%2Ftags&post=156583"}],"curies":[{"name":"wp","href":"https:\/\/api.w.org\/{rel}","templated":true}]}}