{"id":156456,"date":"2020-05-10T11:34:00","date_gmt":"2020-05-10T16:34:00","guid":{"rendered":"http:\/\/vertienteglobal.com\/?p=156456"},"modified":"2020-05-10T13:21:36","modified_gmt":"2020-05-10T18:21:36","slug":"reportan-sobresaturacion-y-alza-de-precios-de-servicios-funerarios","status":"publish","type":"post","link":"http:\/\/vertienteglobal.com\/?p=156456","title":{"rendered":"Reportan sobresaturaci\u00f3n y alza de precios de servicios funerarios"},"content":{"rendered":"\n<div class=\"twitterbutton\" style=\"float: right; padding-left: 5px;\"><a href=\"http:\/\/twitter.com\/share\" class=\"twitter-share-button\" data-count=\"horizontal\" data-text=\"Reportan sobresaturaci\u00f3n y alza de precios de servicios funerarios\" data-via=\"https:\/\/twitter.com\/VertienteGloba1\" data-url=\"http:\/\/vertienteglobal.com\/?p=156456\" data-lang=\"es\" data-related=\"Informaci\u00f3n general:S\u00edguenos para que est\u00e9ss informado\"><\/a><\/div>\n<figure class=\"wp-block-gallery columns-1 is-cropped wp-block-gallery-1 is-layout-flex wp-block-gallery-is-layout-flex\"><ul class=\"blocks-gallery-grid\"><li class=\"blocks-gallery-item\"><figure><img loading=\"lazy\" decoding=\"async\" width=\"1024\" height=\"683\" src=\"http:\/\/vertienteglobal.com\/wp-content\/uploads\/2020\/05\/1100193.jpg\" alt=\"\" data-id=\"156457\" data-full-url=\"http:\/\/vertienteglobal.com\/wp-content\/uploads\/2020\/05\/1100193.jpg\" data-link=\"http:\/\/vertienteglobal.com\/?attachment_id=156457\" class=\"wp-image-156457\" srcset=\"http:\/\/vertienteglobal.com\/wp-content\/uploads\/2020\/05\/1100193.jpg 1024w, http:\/\/vertienteglobal.com\/wp-content\/uploads\/2020\/05\/1100193-300x200.jpg 300w, http:\/\/vertienteglobal.com\/wp-content\/uploads\/2020\/05\/1100193-150x100.jpg 150w, http:\/\/vertienteglobal.com\/wp-content\/uploads\/2020\/05\/1100193-768x512.jpg 768w\" sizes=\"auto, (max-width: 1024px) 100vw, 1024px\" \/><\/figure><\/li><\/ul><\/figure>\n\n\n\n<p>(Redacci\u00f3n)<\/p>\n\n\n\n<p>La Asociaci\u00f3n Nacional de Directores de Funerarias de M\u00e9xico, se revela que los aumentos de muertes provocaron un alza en los servicios que prestan los hornos crematorios a las funerarias hasta de 50 por ciento<\/p>\n\n\n\n<p>Ciudad de M\u00e9xico a 10 de mayo de 2020.-Trabajadores y directivos de funerarias de la Ciudad de M\u00e9xico se\u00f1alan una sobresaturaci\u00f3n de sus servicios, alza de precios y largas listas de espera en los hornos de cremaci\u00f3n, debido a un aumento considerable en las defunciones, ocasionadas en la mayor\u00eda de los casos por COVID-19.<\/p>\n\n\n\n<p>Y es que en un sondeo entre los miembros de la Asociaci\u00f3n Nacional de Directores de Funerarias de M\u00e9xico, se revela que los aumentos de muertes provocaron un alza en los servicios que prestan los hornos crematorios a las funerarias hasta de 50 por ciento.<\/p>\n\n\n\n<p>En funerales Garc\u00eda, la cremaci\u00f3n cuesta 13 mil pesos y se realizar\u00eda hasta el lunes. \u201cS\u00ed hay un exceso de demanda por el COVID-19, yo creo se increment\u00f3 en un 200 por ciento\u201d, expres\u00f3 la empleada Blanca Regis.<\/p>\n\n\n\n<p>En Velatorios y Funerales Carrasco, el servicio de cremaci\u00f3n tiene un costo de 12 mil pesos, \u201cporque ya increment\u00f3 el horno los precios y los equipos\u201d.<\/p>\n\n\n\n<p>\u201cEl problema es que son 22 hornos en la Ciudad de M\u00e9xico y hay el doble de muertos ahora, no hay como solventar la crisis, es el problema que tenemos\u201d, expuso Luis Manuel Mart\u00ednez, trabajador de la funeraria.<\/p>\n\n\n\n<p>\u201cPor la misma saturaci\u00f3n, el Registro Civil ya nos est\u00e1n permitiendo la inhumaci\u00f3n, porque si bien nos va, la cremaci\u00f3n la podemos encontrar hasta el lunes y martes\u201d.<\/p>\n\n\n\n<p>\u201cPor el mismo precio de los 12 mil se hace la inhumaci\u00f3n con ata\u00fad emplayado y perd\u00f3n la expresi\u00f3n, con el puro hoyo, en el cementerio; si quieren poner las losas es otro costo aparte\u201d, recalc\u00f3.<\/p>\n\n\n\n<p>\u201cNo incurrimos en ning\u00fan delito, todo es legal y se entierra el cuerpo en el Pante\u00f3n San Isidro de Azcapotzalco\u201d, enfatiz\u00f3.<\/p>\n\n\n\n<p>Alberto Lara, de Prevenci\u00f3n Pedregales del Sur Casa Funeral, el servicio de cremaci\u00f3n cuesta 14 mil pesos.<\/p>\n\n\n\n<p>En Funerales Lozano, el costo de la cremaci\u00f3n se elev\u00f3 de 7 mil 500 pesos a 9 mil 750 pesos, debido a que el personal debe usar un equipo especial esterilizado, y aparte porque en el horno tambi\u00e9n subieron las tarifas, inform\u00f3 Patricia Miguel, empleada del negocio.<\/p>\n\n\n\n<p>Pero aclar\u00f3 que no pueden brindar el servicio de la incineraci\u00f3n este fin de semana, toda vez que los hornos est\u00e1n saturados, por lo que est\u00e1n programando el servicio para el d\u00eda lunes.<\/p>\n\n\n\n<p>\u201cHay bastantes cuerpos en espera, aument\u00f3 bastante la demanda, los crematorios estaban trabajando de 8 de la ma\u00f1ana a 2 de la tarde y ahorita est\u00e1n trabajando 24 horas, y todo el tiempo tienen cremaciones y hay en espera, nosotros fuimos hace rato a pedir un lugar y ya no los dieron hasta el lunes\u201d, a\u00f1adi\u00f3.<\/p>\n\n\n\n<p>\u201cEstamos en el mes m\u00e1s dif\u00edcil, lo que resta de mayo y junio. Ahorita ya se tienen dos albergues militares para enfermos de COVID-19, que est\u00e1n apenas habilitando en esta semana, y el lunes los pondr\u00e1n a funcionar con 500 camas en total\u201d, recalc\u00f3. (Fuente: Notimex)<\/p>\n","protected":false},"excerpt":{"rendered":"<p>(Redacci\u00f3n) La Asociaci\u00f3n Nacional de Directores de Funerarias de M\u00e9xico, se revela que los aumentos de muertes provocaron un alza en los servicios que prestan los hornos crematorios a las funerarias hasta de 50 por ciento Ciudad de M\u00e9xico a 10 de mayo de 2020.-Trabajadores y directivos de funerarias de la Ciudad de M\u00e9xico se\u00f1alan [&hellip;]<\/p>\n","protected":false},"author":1,"featured_media":156457,"comment_status":"open","ping_status":"open","sticky":false,"template":"","format":"standard","meta":{"footnotes":""},"categories":[8],"tags":[],"class_list":["post-156456","post","type-post","status-publish","format-standard","has-post-thumbnail","hentry","category-pais","entry","has-media"],"jetpack_featured_media_url":"http:\/\/vertienteglobal.com\/wp-content\/uploads\/2020\/05\/1100193.jpg","_links":{"self":[{"href":"http:\/\/vertienteglobal.com\/index.php?rest_route=\/wp\/v2\/posts\/156456","targetHints":{"allow":["GET"]}}],"collection":[{"href":"http:\/\/vertienteglobal.com\/index.php?rest_route=\/wp\/v2\/posts"}],"about":[{"href":"http:\/\/vertienteglobal.com\/index.php?rest_route=\/wp\/v2\/types\/post"}],"author":[{"embeddable":true,"href":"http:\/\/vertienteglobal.com\/index.php?rest_route=\/wp\/v2\/users\/1"}],"replies":[{"embeddable":true,"href":"http:\/\/vertienteglobal.com\/index.php?rest_route=%2Fwp%2Fv2%2Fcomments&post=156456"}],"version-history":[{"count":0,"href":"http:\/\/vertienteglobal.com\/index.php?rest_route=\/wp\/v2\/posts\/156456\/revisions"}],"wp:featuredmedia":[{"embeddable":true,"href":"http:\/\/vertienteglobal.com\/index.php?rest_route=\/wp\/v2\/media\/156457"}],"wp:attachment":[{"href":"http:\/\/vertienteglobal.com\/index.php?rest_route=%2Fwp%2Fv2%2Fmedia&parent=156456"}],"wp:term":[{"taxonomy":"category","embeddable":true,"href":"http:\/\/vertienteglobal.com\/index.php?rest_route=%2Fwp%2Fv2%2Fcategories&post=156456"},{"taxonomy":"post_tag","embeddable":true,"href":"http:\/\/vertienteglobal.com\/index.php?rest_route=%2Fwp%2Fv2%2Ftags&post=156456"}],"curies":[{"name":"wp","href":"https:\/\/api.w.org\/{rel}","templated":true}]}}