{"id":156337,"date":"2020-05-08T21:54:00","date_gmt":"2020-05-09T02:54:00","guid":{"rendered":"http:\/\/vertienteglobal.com\/?p=156337"},"modified":"2020-05-08T22:55:54","modified_gmt":"2020-05-09T03:55:54","slug":"lopez-gatell-invita-a-prensa-internacional-a-conferencias-sobre-covid19","status":"publish","type":"post","link":"http:\/\/vertienteglobal.com\/?p=156337","title":{"rendered":"L\u00f3pez-Gatell invita a prensa internacional a conferencias sobre COVID19"},"content":{"rendered":"\n<div class=\"twitterbutton\" style=\"float: right; padding-left: 5px;\"><a href=\"http:\/\/twitter.com\/share\" class=\"twitter-share-button\" data-count=\"horizontal\" data-text=\"L\u00f3pez-Gatell invita a prensa internacional a conferencias sobre COVID19\" data-via=\"https:\/\/twitter.com\/VertienteGloba1\" data-url=\"http:\/\/vertienteglobal.com\/?p=156337\" data-lang=\"es\" data-related=\"Informaci\u00f3n general:S\u00edguenos para que est\u00e9ss informado\"><\/a><\/div>\n<figure class=\"wp-block-gallery columns-1 is-cropped wp-block-gallery-1 is-layout-flex wp-block-gallery-is-layout-flex\"><ul class=\"blocks-gallery-grid\"><li class=\"blocks-gallery-item\"><figure><img loading=\"lazy\" decoding=\"async\" width=\"1024\" height=\"683\" src=\"http:\/\/vertienteglobal.com\/wp-content\/uploads\/2020\/05\/105162.jpg\" alt=\"\" data-id=\"156338\" data-full-url=\"http:\/\/vertienteglobal.com\/wp-content\/uploads\/2020\/05\/105162.jpg\" data-link=\"http:\/\/vertienteglobal.com\/?attachment_id=156338\" class=\"wp-image-156338\" srcset=\"http:\/\/vertienteglobal.com\/wp-content\/uploads\/2020\/05\/105162.jpg 1024w, http:\/\/vertienteglobal.com\/wp-content\/uploads\/2020\/05\/105162-300x200.jpg 300w, http:\/\/vertienteglobal.com\/wp-content\/uploads\/2020\/05\/105162-150x100.jpg 150w, http:\/\/vertienteglobal.com\/wp-content\/uploads\/2020\/05\/105162-768x512.jpg 768w\" sizes=\"auto, (max-width: 1024px) 100vw, 1024px\" \/><\/figure><\/li><\/ul><\/figure>\n\n\n\n<p>(Redacci\u00f3n)<\/p>\n\n\n\n<p>Inform\u00f3 que para evitar confusiones se cre\u00f3 el documento &#8216;Correcto llenado del certificado de defunci\u00f3n muertes por virus SARS-CoV-2 Covid-19&#8217;, para que se incorpore la informaci\u00f3n de la gente que fallece y no se puede mostrar por las pruebas de laboratorio<\/p>\n\n\n\n<p>Ciudad de M\u00e9xico a 08 de mayo de 2020.- El subsecretario de Salud, Hugo L\u00f3pez-Gatell invit\u00f3 a reporteros de medios internacionales a que asistan a la conferencia sobre la actualizaci\u00f3n de datos sobre el Covid-19, esto luego de la inquietud que ha surgido sobre que se est\u00e1n ocultando cifras de muertos en M\u00e9xico por la enfermedad.<\/p>\n\n\n\n<p>El subsecretario indic\u00f3 que hay veces que ante la emergencia no se pueden tomar las pruebas para descartar el virus y que por eso que tiene varias variaciones.<\/p>\n\n\n\n<p>Inform\u00f3 que para evitar confusiones se cre\u00f3 el documento &#8216;Correcto llenado del certificado de defunci\u00f3n muertes por virus SARS-CoV-2 Covid-19&#8217;, para que se incorpore la informaci\u00f3n de la gente que fallece y no se puede mostrar por las pruebas de laboratorio.<\/p>\n\n\n\n<p>En dicho documento se establecen tres tipos de defunciones: casos confirmados diagnosticados por pruebas de laboratorio, casos sospechosos que no requieren confirmaci\u00f3n y casos probables donde es concluyente.<\/p>\n\n\n\n<p>Agreg\u00f3 que para el llenado de los certificados se hace dictaminaci\u00f3n por comit\u00e9s t\u00e9cnicos especializados, los cuales dijo est\u00e1n en los estados y hay uno nacional. (Fuente: Milenio)<\/p>\n","protected":false},"excerpt":{"rendered":"<p>(Redacci\u00f3n) Inform\u00f3 que para evitar confusiones se cre\u00f3 el documento &#8216;Correcto llenado del certificado de defunci\u00f3n muertes por virus SARS-CoV-2 Covid-19&#8217;, para que se incorpore la informaci\u00f3n de la gente que fallece y no se puede mostrar por las pruebas de laboratorio Ciudad de M\u00e9xico a 08 de mayo de 2020.- El subsecretario de Salud, [&hellip;]<\/p>\n","protected":false},"author":1,"featured_media":156338,"comment_status":"open","ping_status":"open","sticky":false,"template":"","format":"standard","meta":{"footnotes":""},"categories":[8],"tags":[],"class_list":["post-156337","post","type-post","status-publish","format-standard","has-post-thumbnail","hentry","category-pais","entry","has-media"],"jetpack_featured_media_url":"http:\/\/vertienteglobal.com\/wp-content\/uploads\/2020\/05\/105162.jpg","_links":{"self":[{"href":"http:\/\/vertienteglobal.com\/index.php?rest_route=\/wp\/v2\/posts\/156337","targetHints":{"allow":["GET"]}}],"collection":[{"href":"http:\/\/vertienteglobal.com\/index.php?rest_route=\/wp\/v2\/posts"}],"about":[{"href":"http:\/\/vertienteglobal.com\/index.php?rest_route=\/wp\/v2\/types\/post"}],"author":[{"embeddable":true,"href":"http:\/\/vertienteglobal.com\/index.php?rest_route=\/wp\/v2\/users\/1"}],"replies":[{"embeddable":true,"href":"http:\/\/vertienteglobal.com\/index.php?rest_route=%2Fwp%2Fv2%2Fcomments&post=156337"}],"version-history":[{"count":0,"href":"http:\/\/vertienteglobal.com\/index.php?rest_route=\/wp\/v2\/posts\/156337\/revisions"}],"wp:featuredmedia":[{"embeddable":true,"href":"http:\/\/vertienteglobal.com\/index.php?rest_route=\/wp\/v2\/media\/156338"}],"wp:attachment":[{"href":"http:\/\/vertienteglobal.com\/index.php?rest_route=%2Fwp%2Fv2%2Fmedia&parent=156337"}],"wp:term":[{"taxonomy":"category","embeddable":true,"href":"http:\/\/vertienteglobal.com\/index.php?rest_route=%2Fwp%2Fv2%2Fcategories&post=156337"},{"taxonomy":"post_tag","embeddable":true,"href":"http:\/\/vertienteglobal.com\/index.php?rest_route=%2Fwp%2Fv2%2Ftags&post=156337"}],"curies":[{"name":"wp","href":"https:\/\/api.w.org\/{rel}","templated":true}]}}