{"id":156324,"date":"2020-05-08T20:26:00","date_gmt":"2020-05-09T01:26:00","guid":{"rendered":"http:\/\/vertienteglobal.com\/?p=156324"},"modified":"2020-05-08T22:31:36","modified_gmt":"2020-05-09T03:31:36","slug":"reinicio-de-actividades-depende-de-exito-como-region-zona-norte-laura-fernandez","status":"publish","type":"post","link":"http:\/\/vertienteglobal.com\/?p=156324","title":{"rendered":"Reinicio de actividades depende de \u00e9xito como region zona Norte: Laura Fern\u00e1ndez"},"content":{"rendered":"\n<div class=\"twitterbutton\" style=\"float: right; padding-left: 5px;\"><a href=\"http:\/\/twitter.com\/share\" class=\"twitter-share-button\" data-count=\"horizontal\" data-text=\"Reinicio de actividades depende de \u00e9xito como region zona Norte: Laura Fern\u00e1nd...\" data-via=\"https:\/\/twitter.com\/VertienteGloba1\" data-url=\"http:\/\/vertienteglobal.com\/?p=156324\" data-lang=\"es\" data-related=\"Informaci\u00f3n general:S\u00edguenos para que est\u00e9ss informado\"><\/a><\/div>\n<figure class=\"wp-block-gallery columns-1 is-cropped wp-block-gallery-1 is-layout-flex wp-block-gallery-is-layout-flex\"><ul class=\"blocks-gallery-grid\"><li class=\"blocks-gallery-item\"><figure><img loading=\"lazy\" decoding=\"async\" width=\"1024\" height=\"681\" src=\"http:\/\/vertienteglobal.com\/wp-content\/uploads\/2020\/05\/IMG_20200508_222945-1024x681.jpg\" alt=\"\" data-id=\"156325\" data-full-url=\"http:\/\/vertienteglobal.com\/wp-content\/uploads\/2020\/05\/IMG_20200508_222945.jpg\" data-link=\"http:\/\/vertienteglobal.com\/?attachment_id=156325\" class=\"wp-image-156325\" srcset=\"http:\/\/vertienteglobal.com\/wp-content\/uploads\/2020\/05\/IMG_20200508_222945-1024x681.jpg 1024w, http:\/\/vertienteglobal.com\/wp-content\/uploads\/2020\/05\/IMG_20200508_222945-300x199.jpg 300w, http:\/\/vertienteglobal.com\/wp-content\/uploads\/2020\/05\/IMG_20200508_222945-150x100.jpg 150w, http:\/\/vertienteglobal.com\/wp-content\/uploads\/2020\/05\/IMG_20200508_222945-768x511.jpg 768w, http:\/\/vertienteglobal.com\/wp-content\/uploads\/2020\/05\/IMG_20200508_222945.jpg 1280w\" sizes=\"auto, (max-width: 1024px) 100vw, 1024px\" \/><\/figure><\/li><\/ul><\/figure>\n\n\n\n<p>(Redacci\u00f3n)<\/p>\n\n\n\n<p>\u201cNuestro futuro inmediato depende de la responsabilidad social que asumamos frente a la emergencia sanitaria por Covid-19\u201d, se\u00f1ala la alcaldesa de Puerto Morelos<\/p>\n\n\n\n<p>\u201cDebemos acatar con mayor \u00e9nfasis en todo el norte de Quintana Roo las medidas de prevenci\u00f3n\u201d, destaca<\/p>\n\n\n\n<p>Puerto Morelos, Quintana Roo, 8 de mayo de 2020.- Nuestro futuro inmediato depende de la responsabilidad social que asumamos frente a la contingencia sanitaria y econ\u00f3mica que nos est\u00e1 golpeando, especialmente en los municipios del norte del Estado, donde se concentra el mayor n\u00famero de casos de Covid-19, dijo la alcaldesa Laura Fern\u00e1ndez Pi\u00f1a.<\/p>\n\n\n\n<p>\u201cPuerto Morelos se ubica entre las dos ciudades (Canc\u00fan y Playa del Carmen) que reportan el mayor n\u00famero de contagios en la entidad, y por tanto el reinicio de actividades depender\u00e1 del \u00e9xito que se alcance regionalmente en la lucha contra el coronavirus\u201d, coment\u00f3 la Presidenta Municipal.<\/p>\n\n\n\n<p>Por tal motivo, hizo un llamado a la sociedad en su conjunto a redoblar esfuerzos como regi\u00f3n, ya que para el Covid-19 no hay l\u00edneas divisorias que valgan ni conoce l\u00edmites territoriales.<\/p>\n\n\n\n<p>\u201cDebemos acatar con mayor \u00e9nfasis en todo el norte de Quintana Roo las medidas de prevenci\u00f3n. Entre todos debemos ayudar para que salgamos juntos al mismo tiempo Isla Mujeres, Benito Ju\u00e1rez, Puerto Morelos, Cozumel, Solidaridad y Tulum. Estamos \u00edntimamente ligados\u201d, remarc\u00f3.<\/p>\n\n\n\n<p>Asimismo, Laura Fern\u00e1ndez dijo que atravesamos los d\u00edas m\u00e1s cr\u00edticos de la emergencia sanitaria, en los que el n\u00famero de contagios y de decesos puede dispararse, por lo que es de suma importancia no relajarse y continuar con las medidas de aislamiento social y sana distancia.<\/p>\n\n\n\n<p>La Presidenta Municipal reiter\u00f3 que quedarse en casa debe entenderse como la medida prioritaria para hacer frente a la pandemia por el coronavirus SARS-CoV-2, y con ello salvar vidas.<\/p>\n\n\n\n<p>\u201cRepliquemos el llamado de quedarnos en casa con nuestros familiares y amigos, con nuestros vecinos, hag\u00e1moslo de manera enf\u00e1tica y con mucha labor de convencimiento, ya que pr\u00e1cticamente por cada prueba que se aplica por Covid-19 en nuestro Estado, una resulta negativa y una positiva\u201d, refiri\u00f3.<\/p>\n\n\n\n<p>La alcaldesa reiter\u00f3 que s\u00f3lo trabajando en equipo, en unidad y haciendo hincapi\u00e9 en las disposiciones que se toman, habr\u00e1 mejores resultados.<\/p>\n\n\n\n<p>\u201cEn Puerto Morelos hemos asumido el compromiso de quedarnos en casa, de salir solo para lo realmente necesario, as\u00ed lo dicen nuestras estad\u00edsticas de reducci\u00f3n de la movilidad social y vehicular que han llegado casi el 80 por ciento durante el d\u00eda y a 95 por ciento por las noches, pero no es suficiente, ya que debemos redoblar cada esfuerzo que hagamos si queremos salir bien librados de esta contingencia y recuperar la vida normal en poco tiempo\u201d, concluy\u00f3.<\/p>\n","protected":false},"excerpt":{"rendered":"<p>(Redacci\u00f3n) \u201cNuestro futuro inmediato depende de la responsabilidad social que asumamos frente a la emergencia sanitaria por Covid-19\u201d, se\u00f1ala la alcaldesa de Puerto Morelos \u201cDebemos acatar con mayor \u00e9nfasis en todo el norte de Quintana Roo las medidas de prevenci\u00f3n\u201d, destaca Puerto Morelos, Quintana Roo, 8 de mayo de 2020.- Nuestro futuro inmediato depende de [&hellip;]<\/p>\n","protected":false},"author":1,"featured_media":156325,"comment_status":"open","ping_status":"open","sticky":false,"template":"","format":"standard","meta":{"footnotes":""},"categories":[3],"tags":[],"class_list":["post-156324","post","type-post","status-publish","format-standard","has-post-thumbnail","hentry","category-quintana-roo","entry","has-media"],"jetpack_featured_media_url":"http:\/\/vertienteglobal.com\/wp-content\/uploads\/2020\/05\/IMG_20200508_222945.jpg","_links":{"self":[{"href":"http:\/\/vertienteglobal.com\/index.php?rest_route=\/wp\/v2\/posts\/156324","targetHints":{"allow":["GET"]}}],"collection":[{"href":"http:\/\/vertienteglobal.com\/index.php?rest_route=\/wp\/v2\/posts"}],"about":[{"href":"http:\/\/vertienteglobal.com\/index.php?rest_route=\/wp\/v2\/types\/post"}],"author":[{"embeddable":true,"href":"http:\/\/vertienteglobal.com\/index.php?rest_route=\/wp\/v2\/users\/1"}],"replies":[{"embeddable":true,"href":"http:\/\/vertienteglobal.com\/index.php?rest_route=%2Fwp%2Fv2%2Fcomments&post=156324"}],"version-history":[{"count":0,"href":"http:\/\/vertienteglobal.com\/index.php?rest_route=\/wp\/v2\/posts\/156324\/revisions"}],"wp:featuredmedia":[{"embeddable":true,"href":"http:\/\/vertienteglobal.com\/index.php?rest_route=\/wp\/v2\/media\/156325"}],"wp:attachment":[{"href":"http:\/\/vertienteglobal.com\/index.php?rest_route=%2Fwp%2Fv2%2Fmedia&parent=156324"}],"wp:term":[{"taxonomy":"category","embeddable":true,"href":"http:\/\/vertienteglobal.com\/index.php?rest_route=%2Fwp%2Fv2%2Fcategories&post=156324"},{"taxonomy":"post_tag","embeddable":true,"href":"http:\/\/vertienteglobal.com\/index.php?rest_route=%2Fwp%2Fv2%2Ftags&post=156324"}],"curies":[{"name":"wp","href":"https:\/\/api.w.org\/{rel}","templated":true}]}}