{"id":156117,"date":"2020-05-06T19:24:00","date_gmt":"2020-05-07T00:24:00","guid":{"rendered":"http:\/\/vertienteglobal.com\/?p=156117"},"modified":"2020-05-06T23:21:58","modified_gmt":"2020-05-07T04:21:58","slug":"senado-restringe-al-maximo-acceso-a-instalaciones-por-pico-de-covid19","status":"publish","type":"post","link":"http:\/\/vertienteglobal.com\/?p=156117","title":{"rendered":"Senado restringe al m\u00e1ximo acceso a instalaciones por pico de COVID19"},"content":{"rendered":"\n<div class=\"twitterbutton\" style=\"float: right; padding-left: 5px;\"><a href=\"http:\/\/twitter.com\/share\" class=\"twitter-share-button\" data-count=\"horizontal\" data-text=\"Senado restringe al m\u00e1ximo acceso a instalaciones por pico de COVID19\" data-via=\"https:\/\/twitter.com\/VertienteGloba1\" data-url=\"http:\/\/vertienteglobal.com\/?p=156117\" data-lang=\"es\" data-related=\"Informaci\u00f3n general:S\u00edguenos para que est\u00e9ss informado\"><\/a><\/div>\n<figure class=\"wp-block-gallery columns-1 is-cropped wp-block-gallery-1 is-layout-flex wp-block-gallery-is-layout-flex\"><ul class=\"blocks-gallery-grid\"><li class=\"blocks-gallery-item\"><figure><img loading=\"lazy\" decoding=\"async\" width=\"1024\" height=\"576\" src=\"http:\/\/vertienteglobal.com\/wp-content\/uploads\/2020\/05\/104889.jpg\" alt=\"\" data-id=\"156118\" data-full-url=\"http:\/\/vertienteglobal.com\/wp-content\/uploads\/2020\/05\/104889.jpg\" data-link=\"http:\/\/vertienteglobal.com\/?attachment_id=156118\" class=\"wp-image-156118\" srcset=\"http:\/\/vertienteglobal.com\/wp-content\/uploads\/2020\/05\/104889.jpg 1024w, http:\/\/vertienteglobal.com\/wp-content\/uploads\/2020\/05\/104889-300x169.jpg 300w, http:\/\/vertienteglobal.com\/wp-content\/uploads\/2020\/05\/104889-150x84.jpg 150w, http:\/\/vertienteglobal.com\/wp-content\/uploads\/2020\/05\/104889-768x432.jpg 768w\" sizes=\"auto, (max-width: 1024px) 100vw, 1024px\" \/><\/figure><\/li><\/ul><\/figure>\n\n\n\n<p>(Redacci\u00f3n)<\/p>\n\n\n\n<p>La senadora por Morena, se\u00f1al\u00f3 que ser\u00e1n solidarios con los trabajadores que han resultado afectados por la pandemia<\/p>\n\n\n\n<p>Ciudad de M\u00e9xico a 06 de mayo de 2020.- La presidenta de la Mesa Directiva del Senado de la Rep\u00fablica, M\u00f3nica Fern\u00e1ndez Balboa, solicit\u00f3 a la Secretar\u00eda de Servicios Generales de la C\u00e1mara Alta restringir al m\u00e1ximo el acceso a sus instalaciones mientras pasa el pico de la pandemia de coronavirus o COVID-19.<\/p>\n\n\n\n<p>Y es que la representante popular por Tabasco, exhort\u00f3 a actuar con seriedad y prudencia ante el riesgo de contagios al interior del Poder Legislativo.<\/p>\n\n\n\n<p>La senadora por Morena, se\u00f1al\u00f3 que ser\u00e1n solidarios con los trabajadores que han resultado afectados por la pandemia.<\/p>\n\n\n\n<p>Ante los casos de contagio que siguen d\u00e1ndose a conocer en la C\u00e1mara de Diputados, la legisladora Fern\u00e1ndez Balboa se\u00f1al\u00f3 que continuar\u00e1n atentos y solidarios con los afectados, \u2018apoyemos la prevenci\u00f3n: Es por todos, por responsabilidad y solidaridad\u2019, recalc\u00f3.<\/p>\n","protected":false},"excerpt":{"rendered":"<p>(Redacci\u00f3n) La senadora por Morena, se\u00f1al\u00f3 que ser\u00e1n solidarios con los trabajadores que han resultado afectados por la pandemia Ciudad de M\u00e9xico a 06 de mayo de 2020.- La presidenta de la Mesa Directiva del Senado de la Rep\u00fablica, M\u00f3nica Fern\u00e1ndez Balboa, solicit\u00f3 a la Secretar\u00eda de Servicios Generales de la C\u00e1mara Alta restringir al [&hellip;]<\/p>\n","protected":false},"author":1,"featured_media":156118,"comment_status":"open","ping_status":"open","sticky":false,"template":"","format":"standard","meta":{"footnotes":""},"categories":[8],"tags":[],"class_list":["post-156117","post","type-post","status-publish","format-standard","has-post-thumbnail","hentry","category-pais","entry","has-media"],"jetpack_featured_media_url":"http:\/\/vertienteglobal.com\/wp-content\/uploads\/2020\/05\/104889.jpg","_links":{"self":[{"href":"http:\/\/vertienteglobal.com\/index.php?rest_route=\/wp\/v2\/posts\/156117","targetHints":{"allow":["GET"]}}],"collection":[{"href":"http:\/\/vertienteglobal.com\/index.php?rest_route=\/wp\/v2\/posts"}],"about":[{"href":"http:\/\/vertienteglobal.com\/index.php?rest_route=\/wp\/v2\/types\/post"}],"author":[{"embeddable":true,"href":"http:\/\/vertienteglobal.com\/index.php?rest_route=\/wp\/v2\/users\/1"}],"replies":[{"embeddable":true,"href":"http:\/\/vertienteglobal.com\/index.php?rest_route=%2Fwp%2Fv2%2Fcomments&post=156117"}],"version-history":[{"count":0,"href":"http:\/\/vertienteglobal.com\/index.php?rest_route=\/wp\/v2\/posts\/156117\/revisions"}],"wp:featuredmedia":[{"embeddable":true,"href":"http:\/\/vertienteglobal.com\/index.php?rest_route=\/wp\/v2\/media\/156118"}],"wp:attachment":[{"href":"http:\/\/vertienteglobal.com\/index.php?rest_route=%2Fwp%2Fv2%2Fmedia&parent=156117"}],"wp:term":[{"taxonomy":"category","embeddable":true,"href":"http:\/\/vertienteglobal.com\/index.php?rest_route=%2Fwp%2Fv2%2Fcategories&post=156117"},{"taxonomy":"post_tag","embeddable":true,"href":"http:\/\/vertienteglobal.com\/index.php?rest_route=%2Fwp%2Fv2%2Ftags&post=156117"}],"curies":[{"name":"wp","href":"https:\/\/api.w.org\/{rel}","templated":true}]}}