{"id":156092,"date":"2020-05-06T14:29:00","date_gmt":"2020-05-06T19:29:00","guid":{"rendered":"http:\/\/vertienteglobal.com\/?p=156092"},"modified":"2020-05-06T18:31:28","modified_gmt":"2020-05-06T23:31:28","slug":"gobierno-federal-analizara-el-regreso-de-actividades-tras-pandemia-del-coronavirus-amlo","status":"publish","type":"post","link":"http:\/\/vertienteglobal.com\/?p=156092","title":{"rendered":"Gobierno federal analizar\u00e1 el regreso de actividades tras pandemia del coronavirus: AMLO"},"content":{"rendered":"\n<div class=\"twitterbutton\" style=\"float: right; padding-left: 5px;\"><a href=\"http:\/\/twitter.com\/share\" class=\"twitter-share-button\" data-count=\"horizontal\" data-text=\"Gobierno federal analizar\u00e1 el regreso de actividades tras pandemia del coronavi...\" data-via=\"https:\/\/twitter.com\/VertienteGloba1\" data-url=\"http:\/\/vertienteglobal.com\/?p=156092\" data-lang=\"es\" data-related=\"Informaci\u00f3n general:S\u00edguenos para que est\u00e9ss informado\"><\/a><\/div>\n<figure class=\"wp-block-gallery columns-1 is-cropped wp-block-gallery-1 is-layout-flex wp-block-gallery-is-layout-flex\"><ul class=\"blocks-gallery-grid\"><li class=\"blocks-gallery-item\"><figure><img loading=\"lazy\" decoding=\"async\" width=\"1024\" height=\"573\" src=\"http:\/\/vertienteglobal.com\/wp-content\/uploads\/2020\/05\/IMG_20200506_182813-1024x573.jpg\" alt=\"\" data-id=\"156093\" data-full-url=\"http:\/\/vertienteglobal.com\/wp-content\/uploads\/2020\/05\/IMG_20200506_182813.jpg\" data-link=\"http:\/\/vertienteglobal.com\/?attachment_id=156093\" class=\"wp-image-156093\" srcset=\"http:\/\/vertienteglobal.com\/wp-content\/uploads\/2020\/05\/IMG_20200506_182813-1024x573.jpg 1024w, http:\/\/vertienteglobal.com\/wp-content\/uploads\/2020\/05\/IMG_20200506_182813-300x168.jpg 300w, http:\/\/vertienteglobal.com\/wp-content\/uploads\/2020\/05\/IMG_20200506_182813-150x84.jpg 150w, http:\/\/vertienteglobal.com\/wp-content\/uploads\/2020\/05\/IMG_20200506_182813-768x430.jpg 768w, http:\/\/vertienteglobal.com\/wp-content\/uploads\/2020\/05\/IMG_20200506_182813.jpg 1036w\" sizes=\"auto, (max-width: 1024px) 100vw, 1024px\" \/><\/figure><\/li><\/ul><\/figure>\n\n\n\n<p>(Redacci\u00f3n)<\/p>\n\n\n\n<p>Durante la \u2018Ma\u00f1anera\u2019 de este mi\u00e9rcoles el Presidente dijo que las cadenas de producci\u00f3n en Estados Unidos est\u00e1n eslabonadas con las de M\u00e9xico, por lo que se debe analizar el regreso a las actividades, siempre cuidando la salud de los trabajadores<\/p>\n\n\n\n<p>Ciudad de M\u00e9xico a 06 de mayo de 2020.- Este mi\u00e9rcoles se analizar\u00e1 el regreso de las actividades en todos los sectores tras la pandemia del Covid-19, indic\u00f3 el presidente Andr\u00e9s Manuel L\u00f3pez Obrador al mencionar que sostendr\u00e1 una reuni\u00f3n con el secretario y subsecretario de Salud, Jorge Alcocer y Hugo L\u00f3pez-Gatell.<\/p>\n\n\n\n<p>Y es que el mandatario federal, se\u00f1al\u00f3 que a la reuni\u00f3n tambi\u00e9n asistir\u00e1n los secretarios de Educaci\u00f3n, Econom\u00eda, Relaciones Exteriores y del Trabajo.<\/p>\n\n\n\n<p>Durante la \u2018Ma\u00f1anera\u2019 de este mi\u00e9rcoles el Presidente dijo que las cadenas de producci\u00f3n en Estados Unidos est\u00e1n eslabonadas con las de M\u00e9xico, por lo que se debe analizar el regreso a las actividades, siempre cuidando la salud de los trabajadores.<\/p>\n\n\n\n<p>En este sentido, mencion\u00f3 que industriales mexicanos han solicitado al gobierno poder comenzar sus labores al menos con tres d\u00edas de antelaci\u00f3n de que lo hagan en Estados Unidos, ya que esto les permitir\u00e1 alistarse para comenzar a producir.<\/p>\n\n\n\n<p>\u2018En la industria mexicana nos han pedido incluso abrir con anticipaci\u00f3n a Estados Unidos, abrir algunas l\u00edneas de producci\u00f3n porque ellos requieren al menos tres d\u00edas para prepararse; todo se est\u00e1 viendo cuidando la salud, cuidando que no vaya regresar la epidemia o que vaya a haber brotes donde hay control y en todo est\u00e1 tambi\u00e9n considerando riesgo, n\u00famero de trabajadores, el cuidado en las plantas, todo lo que implica; pero s\u00ed tenemos que ir pensado en la reapertura\u2019, dijo. (Fuente: Milenio)<\/p>\n","protected":false},"excerpt":{"rendered":"<p>(Redacci\u00f3n) Durante la \u2018Ma\u00f1anera\u2019 de este mi\u00e9rcoles el Presidente dijo que las cadenas de producci\u00f3n en Estados Unidos est\u00e1n eslabonadas con las de M\u00e9xico, por lo que se debe analizar el regreso a las actividades, siempre cuidando la salud de los trabajadores Ciudad de M\u00e9xico a 06 de mayo de 2020.- Este mi\u00e9rcoles se analizar\u00e1 [&hellip;]<\/p>\n","protected":false},"author":1,"featured_media":156093,"comment_status":"open","ping_status":"open","sticky":false,"template":"","format":"standard","meta":{"footnotes":""},"categories":[8],"tags":[],"class_list":["post-156092","post","type-post","status-publish","format-standard","has-post-thumbnail","hentry","category-pais","entry","has-media"],"jetpack_featured_media_url":"http:\/\/vertienteglobal.com\/wp-content\/uploads\/2020\/05\/IMG_20200506_182813.jpg","_links":{"self":[{"href":"http:\/\/vertienteglobal.com\/index.php?rest_route=\/wp\/v2\/posts\/156092","targetHints":{"allow":["GET"]}}],"collection":[{"href":"http:\/\/vertienteglobal.com\/index.php?rest_route=\/wp\/v2\/posts"}],"about":[{"href":"http:\/\/vertienteglobal.com\/index.php?rest_route=\/wp\/v2\/types\/post"}],"author":[{"embeddable":true,"href":"http:\/\/vertienteglobal.com\/index.php?rest_route=\/wp\/v2\/users\/1"}],"replies":[{"embeddable":true,"href":"http:\/\/vertienteglobal.com\/index.php?rest_route=%2Fwp%2Fv2%2Fcomments&post=156092"}],"version-history":[{"count":0,"href":"http:\/\/vertienteglobal.com\/index.php?rest_route=\/wp\/v2\/posts\/156092\/revisions"}],"wp:featuredmedia":[{"embeddable":true,"href":"http:\/\/vertienteglobal.com\/index.php?rest_route=\/wp\/v2\/media\/156093"}],"wp:attachment":[{"href":"http:\/\/vertienteglobal.com\/index.php?rest_route=%2Fwp%2Fv2%2Fmedia&parent=156092"}],"wp:term":[{"taxonomy":"category","embeddable":true,"href":"http:\/\/vertienteglobal.com\/index.php?rest_route=%2Fwp%2Fv2%2Fcategories&post=156092"},{"taxonomy":"post_tag","embeddable":true,"href":"http:\/\/vertienteglobal.com\/index.php?rest_route=%2Fwp%2Fv2%2Ftags&post=156092"}],"curies":[{"name":"wp","href":"https:\/\/api.w.org\/{rel}","templated":true}]}}