{"id":155659,"date":"2020-05-02T19:32:00","date_gmt":"2020-05-03T00:32:00","guid":{"rendered":"http:\/\/vertienteglobal.com\/?p=155659"},"modified":"2020-05-02T21:06:44","modified_gmt":"2020-05-03T02:06:44","slug":"pide-mara-todoscontrabulling-y-no-relajar-medidas-contra-covid19","status":"publish","type":"post","link":"http:\/\/vertienteglobal.com\/?p=155659","title":{"rendered":"Pide Mara #TodosContraBulling y no relajar medidas contra COVID19"},"content":{"rendered":"\n<div class=\"twitterbutton\" style=\"float: right; padding-left: 5px;\"><a href=\"http:\/\/twitter.com\/share\" class=\"twitter-share-button\" data-count=\"horizontal\" data-text=\"Pide Mara #TodosContraBulling y no relajar medidas contra COVID19\" data-via=\"https:\/\/twitter.com\/VertienteGloba1\" data-url=\"http:\/\/vertienteglobal.com\/?p=155659\" data-lang=\"es\" data-related=\"Informaci\u00f3n general:S\u00edguenos para que est\u00e9ss informado\"><\/a><\/div>\n<figure class=\"wp-block-gallery columns-1 is-cropped wp-block-gallery-1 is-layout-flex wp-block-gallery-is-layout-flex\"><ul class=\"blocks-gallery-grid\"><li class=\"blocks-gallery-item\"><figure><img loading=\"lazy\" decoding=\"async\" width=\"1024\" height=\"683\" src=\"http:\/\/vertienteglobal.com\/wp-content\/uploads\/2020\/05\/IMG_20200502_203426-1024x683.jpg\" alt=\"\" data-id=\"155660\" data-full-url=\"http:\/\/vertienteglobal.com\/wp-content\/uploads\/2020\/05\/IMG_20200502_203426.jpg\" data-link=\"http:\/\/vertienteglobal.com\/?attachment_id=155660\" class=\"wp-image-155660\" srcset=\"http:\/\/vertienteglobal.com\/wp-content\/uploads\/2020\/05\/IMG_20200502_203426-1024x683.jpg 1024w, http:\/\/vertienteglobal.com\/wp-content\/uploads\/2020\/05\/IMG_20200502_203426-300x200.jpg 300w, http:\/\/vertienteglobal.com\/wp-content\/uploads\/2020\/05\/IMG_20200502_203426-150x100.jpg 150w, http:\/\/vertienteglobal.com\/wp-content\/uploads\/2020\/05\/IMG_20200502_203426-768x512.jpg 768w, http:\/\/vertienteglobal.com\/wp-content\/uploads\/2020\/05\/IMG_20200502_203426.jpg 1280w\" sizes=\"auto, (max-width: 1024px) 100vw, 1024px\" \/><\/figure><\/li><\/ul><\/figure>\n\n\n\n<p>(Antonio Rivera)<\/p>\n\n\n\n<p>La Primera Autoridad Municipal reiter\u00f3 que, como desde el inicio de las recomendaciones sanitarias y el inicio de la Jornada Nacional de Sana Distancia hace 40 d\u00edas, se debe cuidar con m\u00e1s \u00e9nfasis a las personas adultas mayores, ni\u00f1as y a los miembros de la familia que tienen enfermedades como diabetes e hipertensi\u00f3n<\/p>\n\n\n\n<p>Canc\u00fan, Quintana Roo a 02 de mayo de 2020.- Luego que el subsecretario de Prevenci\u00f3n y Promoci\u00f3n de la Salud del Gobierno de M\u00e9xico, Hugo L\u00f3pez-Gatell Ram\u00edrez, mencionara que de acuerdo a la predicci\u00f3n de los expertos, Canc\u00fan se encontr\u00f3 en su punto m\u00e1ximo de contagios por COVID-19 el pasado 30 de abril, la Presidente Municipal, Mara Lezama, convoc\u00f3 a los benitojuarenses a realizar el \u00faltimo esfuerzo y no disminuir las medidas de mitigaci\u00f3n como la sana distancia y el aislamiento social.<\/p>\n\n\n\n<p>As\u00ed lo manifest\u00f3 en el marco del D\u00eda Internacional contra el Acoso escolar o Bullying, al invitar a las ni\u00f1as, ni\u00f1os y adolescentes a participar en una din\u00e1mica a trav\u00e9s de redes sociales, con la aportaci\u00f3n de un video para expresar sus ideas para eliminar esa conducta indebida, apoyado con los hashtags #TodosContraElBullying y #Canc\u00fanTodosUnidos.<\/p>\n\n\n\n<p>Respecto a la pandemia afirm\u00f3 que esta buena noticia \u201cno quiere decir que nos relajemos, quiere decir que estamos en la curva m\u00e1s alta de capacidad de contagio, en la que si sales es muy probable que te contagies, pero en unas semanas m\u00e1s podr\u00e1, despu\u00e9s de este pico, bajar la estad\u00edstica\u201d, afirm\u00f3.<\/p>\n\n\n\n<p>La Primera Autoridad Municipal reiter\u00f3 que, como desde el inicio de las recomendaciones sanitarias y el inicio de la Jornada Nacional de Sana Distancia hace 40 d\u00edas, se debe cuidar con m\u00e1s \u00e9nfasis a las personas adultas mayores, ni\u00f1as y a los miembros de la familia que tienen enfermedades como diabetes e hipertensi\u00f3n.<\/p>\n\n\n\n<p>Enfatiz\u00f3 que el subsecretario L\u00f3pez-Gatell anunci\u00f3 cinco zonas de alta transmisi\u00f3n que son tambi\u00e9n Tijuana, Baja California; Culiac\u00e1n, Sinaola; Villahermosa, Tabasco y la Ciudad de M\u00e9xico, adem\u00e1s de Canc\u00fan, Quintana Roo; las predicciones para el destino vacacional es que el punto m\u00e1ximo se alcanzar\u00eda alrededor del 6 de mayo y despu\u00e9s si todo est\u00e1 bien, empezar\u00eda a bajar la curva de contagios.<\/p>\n\n\n\n<p>Precisamente comparti\u00f3 el mensaje \u00edntegro del funcionario de salud: \u201cempieza a cambiar la tendencia de la epidemia, ya no est\u00e1n en este ascenso continuo en el n\u00famero diario de casos; pero eso de ninguna manera quiere decir que se pueden relajar o suspender anticipadamente las medidas de la Jornada Nacional de San Distancia, interrupci\u00f3n temporal de los trabajos no esenciales, de las actividades escolares y la limitaci\u00f3n de reuniones en el espacio p\u00fablico, porque \u00bfqu\u00e9 pasar\u00eda si se suspenden anticipadamente las intervenciones?, esto regresa hacia arriba, hay un rebrote y no queremos que haya un rebrote\u201d.<\/p>\n\n\n\n<p>Mara Lezama enfatiz\u00f3 que para poder reactivar la econom\u00eda y salir a las calles, los especialistas y expertos en la materia recomiendan seguir acatando las recomendaciones de higiene y distancia y de quedarse en casa.<\/p>\n\n\n\n<p>\u201cEs el \u00faltimo estir\u00f3n, no relajarnos; no pensar que porque es fin de semana vamos a salir, es cuando m\u00e1s hay que cuidarnos. Si no nos cuidamos ahorita, el rebrote ser\u00eda complicado y tendr\u00edamos que alargar la cuarentena, es muy importante que hoy m\u00e1s que nunca te quedes en casa\u201d, dijo.<\/p>\n\n\n\n<p>Precis\u00f3 que en el reporte del viernes 1 de mayo, la Secretar\u00eda de Salud federal ubic\u00f3 a Quintana Roo en el sexto lugar de casos confirmados acumulados y de defunciones, en el s\u00e9ptimo lugar de casos activos y tercer lugar de casos activos por cada 100 mil habitantes, detr\u00e1s de Ciudad de M\u00e9xico y Tabasco, por lo que deben redoblarse todos los esfuerzos.<\/p>\n\n\n\n<p>Tambi\u00e9n comparti\u00f3 que el subsecretario anunci\u00f3 para Canc\u00fan que la disponibilidad existente de camas para terapia intensiva cubre la demanda m\u00e1xima, el Instituto de Salud para el Bienestar (INSABI) envi\u00f3 467 recursos humanos (m\u00e9dicos y enfermeras), se plantea ya la posibilidad de transferir pacientes a hospitales privados para ampliar espacios en camas de hospitales p\u00fablicos y el Instituto Mexicano del Seguro Social (IMSS) podr\u00e1 ofrecer la cobertura de servicios para atenci\u00f3n Covid-19 a personas no aseguradas.<\/p>\n\n\n\n<p>\u201cTenemos que ser sumamente estrictos y decirle a nuestros hijos que no salgan, que se queden en casa, es la \u00faltima oportunidad para salir de esta pandemia lo m\u00e1s pronto posible. Si nos ponemos las pilas, podr\u00edamos estar teniendo esta luz en el camino que dijo L\u00f3pez-Gatell\u201d, finaliz\u00f3.<\/p>\n\n\n\n<p>CAJA DE DATOS:<\/p>\n\n\n\n<p>Recomendaciones para prevenir el contagio por COVID-19:<\/p>\n\n\n\n<p>Lavarse las manos frecuentemente con agua y jab\u00f3n.<\/p>\n\n\n\n<p>Cubrirse nariz y boca con el lado interno del brazo al toser y estornudar; usar pa\u00f1uelos desechables.<\/p>\n\n\n\n<p>No tocarse los ojos, nariz y boca con las manos sucias.<\/p>\n\n\n\n<p>Mantener desinfectadas las superficies de las casas, escuelas y oficinas, as\u00ed como objetos de uso com\u00fan.<\/p>\n\n\n\n<p>Quedarse en casa si presenta infecci\u00f3n respiratoria, y si supera los 38\u00b0C de fiebre acudir a su unidad de salud.<\/p>\n\n\n\n<p>Mantener una distancia social de un metro con otras personas.<\/p>\n\n\n\n<p>Redes sociales:<\/p>\n\n\n\n<p>Twitter: @MaraLezama ll @AytoCancun<br>Facebook: Mara Lezama ll Ayuntamiento de Benito Ju\u00e1rez<\/p>\n\n\n\n<p>N\u00fameros para informaci\u00f3n:<\/p>\n\n\n\n<p>800 004 4800 Unidad de Inteligencia Epidemiol\u00f3gica, Secretar\u00eda de Salud Federal.<br>800 277 4780 Call Center, Secretar\u00eda de Turismo.<br>800 832 9198 Atenci\u00f3n de Secretar\u00eda de Salud en Quintana Roo 24 horas del d\u00eda.<\/p>\n\n\n\n<p>N\u00fameros de atenci\u00f3n dependencias municipales:<\/p>\n\n\n\n<p>99 83 38 23 80 atenci\u00f3n psicol\u00f3gica.<br>99 81 35 46 71 salud mental DIF Benito Ju\u00e1rez.<br>99 81 61 47 43 l\u00ednea directa denuncia sobrecupo Direcci\u00f3n de Transporte y Vialidad.<br>99 81 01 54 62 Instituto Municipal de la Mujer.<br>99 81 43 49 80 Instituto de la Cultura y las Artes.<br>99 82 60 40 34 Instituto Municipal de la Juventud.<br>99 88 45 50 70 Instituto Municipal contra las Adicciones.<\/p>\n\n\n\n<p>N\u00famero para denunciar transporte p\u00fablico:<\/p>\n\n\n\n<p>99 81 61 47 43 para denunciar sobrecupo en transporte p\u00fablico.<\/p>\n\n\n\n<p>PROFECO<\/p>\n\n\n\n<p>800 468 4722 N\u00famero de PROFECO por abuso de precios.<br>99 88 84 27 01 tel\u00e9fono en Canc\u00fan.<\/p>\n","protected":false},"excerpt":{"rendered":"<p>(Antonio Rivera) La Primera Autoridad Municipal reiter\u00f3 que, como desde el inicio de las recomendaciones sanitarias y el inicio de la Jornada Nacional de Sana Distancia hace 40 d\u00edas, se debe cuidar con m\u00e1s \u00e9nfasis a las personas adultas mayores, ni\u00f1as y a los miembros de la familia que tienen enfermedades como diabetes e hipertensi\u00f3n [&hellip;]<\/p>\n","protected":false},"author":1,"featured_media":155660,"comment_status":"open","ping_status":"open","sticky":false,"template":"","format":"standard","meta":{"footnotes":""},"categories":[3],"tags":[],"class_list":["post-155659","post","type-post","status-publish","format-standard","has-post-thumbnail","hentry","category-quintana-roo","entry","has-media"],"jetpack_featured_media_url":"http:\/\/vertienteglobal.com\/wp-content\/uploads\/2020\/05\/IMG_20200502_203426.jpg","_links":{"self":[{"href":"http:\/\/vertienteglobal.com\/index.php?rest_route=\/wp\/v2\/posts\/155659","targetHints":{"allow":["GET"]}}],"collection":[{"href":"http:\/\/vertienteglobal.com\/index.php?rest_route=\/wp\/v2\/posts"}],"about":[{"href":"http:\/\/vertienteglobal.com\/index.php?rest_route=\/wp\/v2\/types\/post"}],"author":[{"embeddable":true,"href":"http:\/\/vertienteglobal.com\/index.php?rest_route=\/wp\/v2\/users\/1"}],"replies":[{"embeddable":true,"href":"http:\/\/vertienteglobal.com\/index.php?rest_route=%2Fwp%2Fv2%2Fcomments&post=155659"}],"version-history":[{"count":0,"href":"http:\/\/vertienteglobal.com\/index.php?rest_route=\/wp\/v2\/posts\/155659\/revisions"}],"wp:featuredmedia":[{"embeddable":true,"href":"http:\/\/vertienteglobal.com\/index.php?rest_route=\/wp\/v2\/media\/155660"}],"wp:attachment":[{"href":"http:\/\/vertienteglobal.com\/index.php?rest_route=%2Fwp%2Fv2%2Fmedia&parent=155659"}],"wp:term":[{"taxonomy":"category","embeddable":true,"href":"http:\/\/vertienteglobal.com\/index.php?rest_route=%2Fwp%2Fv2%2Fcategories&post=155659"},{"taxonomy":"post_tag","embeddable":true,"href":"http:\/\/vertienteglobal.com\/index.php?rest_route=%2Fwp%2Fv2%2Ftags&post=155659"}],"curies":[{"name":"wp","href":"https:\/\/api.w.org\/{rel}","templated":true}]}}