{"id":155579,"date":"2020-05-01T21:03:07","date_gmt":"2020-05-02T02:03:07","guid":{"rendered":"http:\/\/vertienteglobal.com\/?p=155579"},"modified":"2020-05-01T21:03:07","modified_gmt":"2020-05-02T02:03:07","slug":"cancun-empieza-a-ver-luz-al-final-del-tunel-lopez-gatell","status":"publish","type":"post","link":"http:\/\/vertienteglobal.com\/?p=155579","title":{"rendered":"Canc\u00fan empieza a ver luz al final del t\u00fanel: Lopez-Gatell"},"content":{"rendered":"\n<div class=\"twitterbutton\" style=\"float: right; padding-left: 5px;\"><a href=\"http:\/\/twitter.com\/share\" class=\"twitter-share-button\" data-count=\"horizontal\" data-text=\"Canc\u00fan empieza a ver luz al final del t\u00fanel: Lopez-Gatell\" data-via=\"https:\/\/twitter.com\/VertienteGloba1\" data-url=\"http:\/\/vertienteglobal.com\/?p=155579\" data-lang=\"es\" data-related=\"Informaci\u00f3n general:S\u00edguenos para que est\u00e9ss informado\"><\/a><\/div>\n<figure class=\"wp-block-gallery columns-1 is-cropped wp-block-gallery-1 is-layout-flex wp-block-gallery-is-layout-flex\"><ul class=\"blocks-gallery-grid\"><li class=\"blocks-gallery-item\"><figure><img loading=\"lazy\" decoding=\"async\" width=\"1024\" height=\"575\" src=\"http:\/\/vertienteglobal.com\/wp-content\/uploads\/2020\/05\/IMG_20200501_201252.jpg\" alt=\"\" data-id=\"155580\" data-full-url=\"http:\/\/vertienteglobal.com\/wp-content\/uploads\/2020\/05\/IMG_20200501_201252.jpg\" data-link=\"http:\/\/vertienteglobal.com\/?attachment_id=155580\" class=\"wp-image-155580\" srcset=\"http:\/\/vertienteglobal.com\/wp-content\/uploads\/2020\/05\/IMG_20200501_201252.jpg 1024w, http:\/\/vertienteglobal.com\/wp-content\/uploads\/2020\/05\/IMG_20200501_201252-300x168.jpg 300w, http:\/\/vertienteglobal.com\/wp-content\/uploads\/2020\/05\/IMG_20200501_201252-150x84.jpg 150w, http:\/\/vertienteglobal.com\/wp-content\/uploads\/2020\/05\/IMG_20200501_201252-768x431.jpg 768w\" sizes=\"auto, (max-width: 1024px) 100vw, 1024px\" \/><\/figure><\/li><\/ul><\/figure>\n\n\n\n<p>(Redacci\u00f3n)<\/p>\n\n\n\n<p>Reafirm\u00f3: \u00abEsto quiere decir que ya se ve luz al final del t\u00fanel, pero ya hay esperanza de que empiece a cambiar la tendencia de la epidemia. Ya no est\u00e1n en este asenso continuo en el n\u00famero diario de casos\u00bb<\/p>\n\n\n\n<p>Ciudad de M\u00e9xico a 01 de mayo de 2020.-El Subsecretario de Prevenci\u00f3n y Promoci\u00f3n de la Salud, Hugo L\u00f3pez Gatell, afirm\u00f3 que Canc\u00fan no ha alcanzado su pico m\u00e1ximo de contagios, pero se empieza a ver una reducci\u00f3n en casos, lo que significa \u201cluz al final del t\u00fanel\u201d.<\/p>\n\n\n\n<p>Y es que en conferencia de prensa, el funcionario federal, se\u00f1al\u00f3: \u00abEn el caso de Canc\u00fan se estar\u00e1 en un punto m\u00e1ximo en estas fechas, de manera puntual.<\/p>\n\n\n\n<p>L\u00f3pez Gatell, sostuvo que este tarde habl\u00f3 con Alejandra Aguirre Crespo, titular de los Servicios Estatales de Salud (Sesa) en Quintana Roo para saber cu\u00e1l era la situaci\u00f3n en la entidad.<\/p>\n\n\n\n<p>\u201cMe coment\u00f3 que todav\u00eda no se manifiesta en los datos observados este punto de inflexi\u00f3n, este punto de disminuci\u00f3n, pero han notado ya una menor afluencia y una estabilizaci\u00f3n en la afluencia de pacientes\u201d, dijo L\u00f3pez Gatell esta noche.<\/p>\n\n\n\n<p>\u201cEstamos muy cerca de que empiecen a bajar y Canc\u00fan estar\u00eda muy pr\u00f3ximo a salir de la epidemia\u201d, a\u00f1adi\u00f3 el Subsecretario de Prevenci\u00f3n y Promoci\u00f3n de la Salud, quien adem\u00e1s dijo que pese a empezar a salir, no se pueden relajar y se tienen que continuar con todas las medidas de prevenci\u00f3n.<\/p>\n\n\n\n<p>Reafirm\u00f3: \u00abEsto quiere decir que ya se ve luz al final del t\u00fanel, pero ya hay esperanza de que empiece a cambiar la tendencia de la epidemia. Ya no est\u00e1n en este asenso continuo en el n\u00famero diario de casos\u00bb.<\/p>\n\n\n\n<p>Agreg\u00f3 que \u201ceso de ninguna manera quiere decir que se pueden relajar o suspender anticipadamente las medidas de la Jornada Nacional de Sana Distancia. Porque esto regresar\u00eda hacia arriba y hay un rebrote\u201d.<\/p>\n","protected":false},"excerpt":{"rendered":"<p>(Redacci\u00f3n) Reafirm\u00f3: \u00abEsto quiere decir que ya se ve luz al final del t\u00fanel, pero ya hay esperanza de que empiece a cambiar la tendencia de la epidemia. Ya no est\u00e1n en este asenso continuo en el n\u00famero diario de casos\u00bb Ciudad de M\u00e9xico a 01 de mayo de 2020.-El Subsecretario de Prevenci\u00f3n y Promoci\u00f3n [&hellip;]<\/p>\n","protected":false},"author":1,"featured_media":155580,"comment_status":"open","ping_status":"open","sticky":false,"template":"","format":"standard","meta":{"footnotes":""},"categories":[8,3],"tags":[],"class_list":["post-155579","post","type-post","status-publish","format-standard","has-post-thumbnail","hentry","category-pais","category-quintana-roo","entry","has-media"],"jetpack_featured_media_url":"http:\/\/vertienteglobal.com\/wp-content\/uploads\/2020\/05\/IMG_20200501_201252.jpg","_links":{"self":[{"href":"http:\/\/vertienteglobal.com\/index.php?rest_route=\/wp\/v2\/posts\/155579","targetHints":{"allow":["GET"]}}],"collection":[{"href":"http:\/\/vertienteglobal.com\/index.php?rest_route=\/wp\/v2\/posts"}],"about":[{"href":"http:\/\/vertienteglobal.com\/index.php?rest_route=\/wp\/v2\/types\/post"}],"author":[{"embeddable":true,"href":"http:\/\/vertienteglobal.com\/index.php?rest_route=\/wp\/v2\/users\/1"}],"replies":[{"embeddable":true,"href":"http:\/\/vertienteglobal.com\/index.php?rest_route=%2Fwp%2Fv2%2Fcomments&post=155579"}],"version-history":[{"count":0,"href":"http:\/\/vertienteglobal.com\/index.php?rest_route=\/wp\/v2\/posts\/155579\/revisions"}],"wp:featuredmedia":[{"embeddable":true,"href":"http:\/\/vertienteglobal.com\/index.php?rest_route=\/wp\/v2\/media\/155580"}],"wp:attachment":[{"href":"http:\/\/vertienteglobal.com\/index.php?rest_route=%2Fwp%2Fv2%2Fmedia&parent=155579"}],"wp:term":[{"taxonomy":"category","embeddable":true,"href":"http:\/\/vertienteglobal.com\/index.php?rest_route=%2Fwp%2Fv2%2Fcategories&post=155579"},{"taxonomy":"post_tag","embeddable":true,"href":"http:\/\/vertienteglobal.com\/index.php?rest_route=%2Fwp%2Fv2%2Ftags&post=155579"}],"curies":[{"name":"wp","href":"https:\/\/api.w.org\/{rel}","templated":true}]}}