{"id":155557,"date":"2020-05-01T17:32:00","date_gmt":"2020-05-01T22:32:00","guid":{"rendered":"http:\/\/vertienteglobal.com\/?p=155557"},"modified":"2020-05-01T18:43:09","modified_gmt":"2020-05-01T23:43:09","slug":"llegan-a-temozon-municipio-gobernado-por-morena-mas-de-50-traileres-cargados-de-viveres","status":"publish","type":"post","link":"http:\/\/vertienteglobal.com\/?p=155557","title":{"rendered":"Llegan a Temoz\u00f3n municipio gobernado por Morena m\u00e1s de 50 tr\u00e1ileres cargados de v\u00edveres"},"content":{"rendered":"\n<div class=\"twitterbutton\" style=\"float: right; padding-left: 5px;\"><a href=\"http:\/\/twitter.com\/share\" class=\"twitter-share-button\" data-count=\"horizontal\" data-text=\"Llegan a Temoz\u00f3n municipio gobernado por Morena m\u00e1s de 50 tr\u00e1ileres cargados ...\" data-via=\"https:\/\/twitter.com\/VertienteGloba1\" data-url=\"http:\/\/vertienteglobal.com\/?p=155557\" data-lang=\"es\" data-related=\"Informaci\u00f3n general:S\u00edguenos para que est\u00e9ss informado\"><\/a><\/div>\n<figure class=\"wp-block-gallery columns-1 is-cropped wp-block-gallery-1 is-layout-flex wp-block-gallery-is-layout-flex\"><ul class=\"blocks-gallery-grid\"><li class=\"blocks-gallery-item\"><figure><img loading=\"lazy\" decoding=\"async\" width=\"1024\" height=\"448\" src=\"http:\/\/vertienteglobal.com\/wp-content\/uploads\/2020\/05\/IMG_20200501_170157.jpg\" alt=\"\" data-id=\"155558\" data-full-url=\"http:\/\/vertienteglobal.com\/wp-content\/uploads\/2020\/05\/IMG_20200501_170157.jpg\" data-link=\"http:\/\/vertienteglobal.com\/?attachment_id=155558\" class=\"wp-image-155558\" srcset=\"http:\/\/vertienteglobal.com\/wp-content\/uploads\/2020\/05\/IMG_20200501_170157.jpg 1024w, http:\/\/vertienteglobal.com\/wp-content\/uploads\/2020\/05\/IMG_20200501_170157-300x131.jpg 300w, http:\/\/vertienteglobal.com\/wp-content\/uploads\/2020\/05\/IMG_20200501_170157-150x66.jpg 150w, http:\/\/vertienteglobal.com\/wp-content\/uploads\/2020\/05\/IMG_20200501_170157-768x336.jpg 768w\" sizes=\"auto, (max-width: 1024px) 100vw, 1024px\" \/><\/figure><\/li><\/ul><\/figure>\n\n\n\n<p>(Redacci\u00f3n)<\/p>\n\n\n\n<p>Temoz\u00f3n es gobernado por Morena y se asume que por ello los camiones est\u00e1n llegando a esta villa, pero se ignora cu\u00e1ndo se iniciar\u00e1 el reparto de la carga, cuya cantidad se ignora, pero hasta ayer hab\u00edan llegado alrededor de 50 camiones y otros m\u00e1s continuaban su arribo<\/p>\n\n\n\n<p>Temoz\u00f3n, Yucat\u00e1n a 01 de mayo de 2020.-Decenas de tr\u00e1ileres del Programa Emergente de Abasto a la Comunidad del gobierno federal, enviados de manera directa desde Ciudad de M\u00e9xico, llegaron ayer a Temoz\u00f3n, al parecer cargados de v\u00edveres para las familias de la regi\u00f3n, pero hasta el momento se ignora cu\u00e1ndo se iniciar\u00e1 la distribuci\u00f3n de los paquetes.<\/p>\n\n\n\n<p>Y es que los tractocamiones permanecen estacionados en los terrenos de la expoferia, donde supuesto personal de la comuna verifica su arribo y lleva un control.<\/p>\n\n\n\n<p>Personas que han visto la llegada de los camiones publican en redes sociales que podr\u00eda tratarse de un apoyo con fines pol\u00edticos del presidente de la Rep\u00fablica Andr\u00e9s Manuel L\u00f3pez Obrador.<\/p>\n\n\n\n<p>Algunos de los camiones son m\u00e1s grandes que otros, pero todos son del Programa Emergente de Abasto a la Comunidad, incluso llevan los logotipos del plan y las dependencias que lo avalan como la Secretar\u00eda de Agricultura, Seguridad Alimentaria Mexicana y Diconsa.<\/p>\n\n\n\n<p>Temoz\u00f3n es gobernado por Morena y se asume que por ello los camiones est\u00e1n llegando a esta villa, pero se ignora cu\u00e1ndo se iniciar\u00e1 el reparto de la carga, cuya cantidad se ignora, pero hasta ayer hab\u00edan llegado alrededor de 50 camiones y otros m\u00e1s continuaban su arribo.<\/p>\n\n\n\n<p>En busca de confirmar datos se le hicieron tres llamadas al alcalde Carlos Kuyoc, pero no respondi\u00f3, y se hizo lo mismo con los delegados Alpha Tavera Escalante, y Joaqu\u00edn D\u00edaz Mena, con el mismo resultado.<\/p>\n\n\n\n<p>La \u201carribaz\u00f3n\u201d de camiones llama la atenci\u00f3n de las familias de esta villa y de personas que pasan por el lugar, ya que no hay informaci\u00f3n de la cantidad de productos que traen, mucho menos cu\u00e1ndo se iniciar\u00e1 la distribuci\u00f3n de lo que suponen son apoyos para las familias que lo necesitan.<\/p>\n\n\n\n<p>En las redes sociales tambi\u00e9n se expone que podr\u00eda tener tintes pol\u00edticos, ya que el programa lo controlar\u00eda la delegaci\u00f3n de Morena, a cargo de D\u00edaz Mena, incluso temen que solo se le entregue a gente identificada con ese partido.<\/p>\n","protected":false},"excerpt":{"rendered":"<p>(Redacci\u00f3n) Temoz\u00f3n es gobernado por Morena y se asume que por ello los camiones est\u00e1n llegando a esta villa, pero se ignora cu\u00e1ndo se iniciar\u00e1 el reparto de la carga, cuya cantidad se ignora, pero hasta ayer hab\u00edan llegado alrededor de 50 camiones y otros m\u00e1s continuaban su arribo Temoz\u00f3n, Yucat\u00e1n a 01 de mayo [&hellip;]<\/p>\n","protected":false},"author":1,"featured_media":155558,"comment_status":"open","ping_status":"open","sticky":false,"template":"","format":"standard","meta":{"footnotes":""},"categories":[2],"tags":[],"class_list":["post-155557","post","type-post","status-publish","format-standard","has-post-thumbnail","hentry","category-yucatan","entry","has-media"],"jetpack_featured_media_url":"http:\/\/vertienteglobal.com\/wp-content\/uploads\/2020\/05\/IMG_20200501_170157.jpg","_links":{"self":[{"href":"http:\/\/vertienteglobal.com\/index.php?rest_route=\/wp\/v2\/posts\/155557","targetHints":{"allow":["GET"]}}],"collection":[{"href":"http:\/\/vertienteglobal.com\/index.php?rest_route=\/wp\/v2\/posts"}],"about":[{"href":"http:\/\/vertienteglobal.com\/index.php?rest_route=\/wp\/v2\/types\/post"}],"author":[{"embeddable":true,"href":"http:\/\/vertienteglobal.com\/index.php?rest_route=\/wp\/v2\/users\/1"}],"replies":[{"embeddable":true,"href":"http:\/\/vertienteglobal.com\/index.php?rest_route=%2Fwp%2Fv2%2Fcomments&post=155557"}],"version-history":[{"count":0,"href":"http:\/\/vertienteglobal.com\/index.php?rest_route=\/wp\/v2\/posts\/155557\/revisions"}],"wp:featuredmedia":[{"embeddable":true,"href":"http:\/\/vertienteglobal.com\/index.php?rest_route=\/wp\/v2\/media\/155558"}],"wp:attachment":[{"href":"http:\/\/vertienteglobal.com\/index.php?rest_route=%2Fwp%2Fv2%2Fmedia&parent=155557"}],"wp:term":[{"taxonomy":"category","embeddable":true,"href":"http:\/\/vertienteglobal.com\/index.php?rest_route=%2Fwp%2Fv2%2Fcategories&post=155557"},{"taxonomy":"post_tag","embeddable":true,"href":"http:\/\/vertienteglobal.com\/index.php?rest_route=%2Fwp%2Fv2%2Ftags&post=155557"}],"curies":[{"name":"wp","href":"https:\/\/api.w.org\/{rel}","templated":true}]}}