{"id":155472,"date":"2020-04-30T20:24:00","date_gmt":"2020-05-01T01:24:00","guid":{"rendered":"http:\/\/vertienteglobal.com\/?p=155472"},"modified":"2020-05-01T00:07:19","modified_gmt":"2020-05-01T05:07:19","slug":"la-croc-apoyara-siempre-el-interes-de-mexico-y-sus-trabajadores-mario-machuca","status":"publish","type":"post","link":"http:\/\/vertienteglobal.com\/?p=155472","title":{"rendered":"La CROC apoyar\u00e1 siempre el inter\u00e9s de m\u00e9xico y sus trabajadores: Mario Machuca"},"content":{"rendered":"\n<div class=\"twitterbutton\" style=\"float: right; padding-left: 5px;\"><a href=\"http:\/\/twitter.com\/share\" class=\"twitter-share-button\" data-count=\"horizontal\" data-text=\"La CROC apoyar\u00e1 siempre el inter\u00e9s de m\u00e9xico y sus trabajadores: Mario Machuc...\" data-via=\"https:\/\/twitter.com\/VertienteGloba1\" data-url=\"http:\/\/vertienteglobal.com\/?p=155472\" data-lang=\"es\" data-related=\"Informaci\u00f3n general:S\u00edguenos para que est\u00e9ss informado\"><\/a><\/div>\n<figure class=\"wp-block-gallery columns-1 is-cropped wp-block-gallery-1 is-layout-flex wp-block-gallery-is-layout-flex\"><ul class=\"blocks-gallery-grid\"><li class=\"blocks-gallery-item\"><figure><img loading=\"lazy\" decoding=\"async\" width=\"866\" height=\"1024\" src=\"http:\/\/vertienteglobal.com\/wp-content\/uploads\/2020\/05\/IMG_20200430_211518-866x1024.jpg\" alt=\"\" data-id=\"155473\" data-full-url=\"http:\/\/vertienteglobal.com\/wp-content\/uploads\/2020\/05\/IMG_20200430_211518.jpg\" data-link=\"http:\/\/vertienteglobal.com\/?attachment_id=155473\" class=\"wp-image-155473\" srcset=\"http:\/\/vertienteglobal.com\/wp-content\/uploads\/2020\/05\/IMG_20200430_211518-866x1024.jpg 866w, http:\/\/vertienteglobal.com\/wp-content\/uploads\/2020\/05\/IMG_20200430_211518-254x300.jpg 254w, http:\/\/vertienteglobal.com\/wp-content\/uploads\/2020\/05\/IMG_20200430_211518-127x150.jpg 127w, http:\/\/vertienteglobal.com\/wp-content\/uploads\/2020\/05\/IMG_20200430_211518-768x908.jpg 768w, http:\/\/vertienteglobal.com\/wp-content\/uploads\/2020\/05\/IMG_20200430_211518.jpg 1083w\" sizes=\"auto, (max-width: 866px) 100vw, 866px\" \/><\/figure><\/li><\/ul><\/figure>\n\n\n\n<p>(Antonio Rivera)<\/p>\n\n\n\n<p>La Central Obrera de Canc\u00fan se une a la postura nacional croquista para hacer frente a la crisis por contingencia sanitaria<\/p>\n\n\n\n<p>No es tiempo de confrontaciones pol\u00edticas, es momento de unirnos para salir juntos adelante<\/p>\n\n\n\n<p>Canc\u00fan, Quintana Roo a 30 de abril de 2020.- La CROC y los trabajadores acudiremos siempre donde est\u00e9 presente el inter\u00e9s de M\u00e9xico y hoy vivimos una crisis terrible que debemos enfrentar con solidaridad entre todos, dijo al dirigente croquista en Canc\u00fan, Mario Machuca S\u00e1nchez, al unirse a la postura nacional de la central obrera frente a la contingencia por coronavirus.<\/p>\n\n\n\n<p>Coincidi\u00f3 con el dirigente nacional, Isas\u00edas Gonz\u00e1lez Cuevas, en el sentido de que no es el tiempo de debate ideol\u00f3gico ni partidario y dijo que hoy se debe evitar la confrontaci\u00f3n con el gobierno y la polarizaci\u00f3n de la gente, rehuyendo a una crisis pol\u00edtica.<\/p>\n\n\n\n<p>Se\u00f1al\u00f3 que la CROC est\u00e1 en la mejor disposici\u00f3n de formular los censos de meseros, taxistas, transportistas de materiales, trabajadores que perdieron su empleo, de la econom\u00eda informal, entre otros y contribuir al dise\u00f1o de la metodolog\u00eda para dispersar los apoyos gubernamentales para que lleguen de manera directa.<\/p>\n\n\n\n<p>Machuca S\u00e1nchez se refiri\u00f3 al tema de la salud y dijo que la CROC hace un reconocimiento al personal m\u00e9dico que permanece en la primera l\u00ednea del combate a la pandemia. \u201cPedimos reconocerles su trabajo y garantizarles su estabilidad laboral, su protecci\u00f3n y la de sus familias\u201d, expuso.<\/p>\n\n\n\n<p>Resalt\u00f3 la propuesta del comit\u00e9 nacional de la central obrera para que se hagan pruebas masivas a los trabajadores en las empresas que est\u00e1n funcionando y a las que empezar\u00e1n a funcionar por la reactivaci\u00f3n.<\/p>\n\n\n\n<p>Como central obrera, abund\u00f3, ofrecemos la comunicaci\u00f3n con nuestros compa\u00f1eros, para informar las determinaciones del Consejo De Salubridad General del gobierno federal, para acatar sus indicaciones puntualmente. \u201cContamos con un gran n\u00famero de afiliados que est\u00e1n dispuesto a aportarle al pa\u00eds en esta crisis, dentro de sus posibilidades\u201d.<\/p>\n\n\n\n<p>Lament\u00f3 la p\u00e9rdida de empleos reportada por las autoridades y estableci\u00f3 la urgente necesidad de terminar con pr\u00e1cticas como el outsourcing, as\u00ed como garantizar que los apoyos que se puedan dar para estos trabajadores despedidos se hagan de manera directa.<\/p>\n\n\n\n<p>\u201cLas outsourcing y sindicatos blancos, han hecho una actividad muy lucrativa. Urge que el poder legislativo regule de manera adecuada el tema de la subcontrataci\u00f3n, evitando que estas manejen la n\u00f3mina\u201d, apunt\u00f3.<\/p>\n\n\n\n<p>Indic\u00f3 que la CROC pide que se le informe con anticipaci\u00f3n cu\u00e1les empresas se ir\u00e1n incorporando en las cadenas de valor y l\u00edneas de insumos para preparar a los trabajadores y protegerlos, a fin de evitar una nueva propagaci\u00f3n de la pandemia.<\/p>\n\n\n\n<p>Consider\u00f3 que los apoyos y cr\u00e9ditos que el Banco de M\u00e9xico y el gobierno est\u00e1n ofertando, se concentren en las actividades productivas que den certeza a las empresas medianas, peque\u00f1as y micros, facilit\u00e1ndoles las v\u00edas de acceso.<\/p>\n\n\n\n<p>Las empresas medianas y peque\u00f1as, abund\u00f3, que dan altos vol\u00famenes de empleo, deben ser asesoradas en plataformas digitales, a efecto de que puedan renegociar sus adeudos, posponerlos o, de plano, cancelarlos sin penas o cl\u00e1usulas punitivas, siendo que la asesor\u00eda jur\u00eddica ah\u00ed es vital porque no est\u00e1n en posibilidad de pagar especialistas para que los apoyen.<\/p>\n\n\n\n<p>Calific\u00f3 de indispensable que los banqueros cumplan con el compromiso de cobrar comisiones bancarias, a nivel de los est\u00e1ndares internacionales, y en torno a las Afores, el dirigente croquista expuso que se trata de un tema pendiente que preocupa por lo que debe haber un sistema que garantice pensiones dignas a los trabajadores cuando m\u00e1s lo necesiten.<\/p>\n\n\n\n<p>Es urgente, coment\u00f3, elaborar un programa masivo de vivienda, toda vez que el Infonavit tiene recursos suficientes que deben ser bien aprovechados, \u201cla vivienda genera un impacto en m\u00e1s de 80 actividades conexas que generan miles de empleos con empresas locales.<\/p>\n\n\n\n<p>Demand\u00f3 que en estos d\u00edas terribles no se acaparen los bienes b\u00e1sicos e indispensables para la sobrevivencia de la gente y, menos, se especule ocultando y subiendo precios a los art\u00edculos que son indispensables para la protecci\u00f3n sanitaria de la gente.<\/p>\n\n\n\n<p>Calific\u00f3 de imprescindible el Consejo Econ\u00f3mico Social y Ambiental de M\u00e9xico para aprovechar todos los sectores en la operaci\u00f3n de la crisis. Este organismo, a\u00f1adi\u00f3, existe en otros pa\u00edses y funciona en la Ciudad de M\u00e9xico en el que estar\u00edan representados, los empresarios, las instituciones acad\u00e9micas, cient\u00edficas y los trabajadores a trav\u00e9s de todas sus organizaciones gremiales, lo que enriquecer\u00eda a la participaci\u00f3n.<\/p>\n\n\n\n<p>\u201cCon la participaci\u00f3n de la mayor\u00eda de las organizaciones del sector laboral dar\u00edamos voz a los millones de trabajadores del pa\u00eds, y se dar\u00eda vida institucional al di\u00e1logo evitando la polarizaci\u00f3n o, peor a\u00fan, el pretender aprovechar la crisis para intereses que no suman a todos\u201d, concluy\u00f3.<\/p>\n","protected":false},"excerpt":{"rendered":"<p>(Antonio Rivera) La Central Obrera de Canc\u00fan se une a la postura nacional croquista para hacer frente a la crisis por contingencia sanitaria No es tiempo de confrontaciones pol\u00edticas, es momento de unirnos para salir juntos adelante Canc\u00fan, Quintana Roo a 30 de abril de 2020.- La CROC y los trabajadores acudiremos siempre donde est\u00e9 [&hellip;]<\/p>\n","protected":false},"author":1,"featured_media":155473,"comment_status":"open","ping_status":"open","sticky":false,"template":"","format":"standard","meta":{"footnotes":""},"categories":[3],"tags":[],"class_list":["post-155472","post","type-post","status-publish","format-standard","has-post-thumbnail","hentry","category-quintana-roo","entry","has-media"],"jetpack_featured_media_url":"http:\/\/vertienteglobal.com\/wp-content\/uploads\/2020\/05\/IMG_20200430_211518.jpg","_links":{"self":[{"href":"http:\/\/vertienteglobal.com\/index.php?rest_route=\/wp\/v2\/posts\/155472","targetHints":{"allow":["GET"]}}],"collection":[{"href":"http:\/\/vertienteglobal.com\/index.php?rest_route=\/wp\/v2\/posts"}],"about":[{"href":"http:\/\/vertienteglobal.com\/index.php?rest_route=\/wp\/v2\/types\/post"}],"author":[{"embeddable":true,"href":"http:\/\/vertienteglobal.com\/index.php?rest_route=\/wp\/v2\/users\/1"}],"replies":[{"embeddable":true,"href":"http:\/\/vertienteglobal.com\/index.php?rest_route=%2Fwp%2Fv2%2Fcomments&post=155472"}],"version-history":[{"count":0,"href":"http:\/\/vertienteglobal.com\/index.php?rest_route=\/wp\/v2\/posts\/155472\/revisions"}],"wp:featuredmedia":[{"embeddable":true,"href":"http:\/\/vertienteglobal.com\/index.php?rest_route=\/wp\/v2\/media\/155473"}],"wp:attachment":[{"href":"http:\/\/vertienteglobal.com\/index.php?rest_route=%2Fwp%2Fv2%2Fmedia&parent=155472"}],"wp:term":[{"taxonomy":"category","embeddable":true,"href":"http:\/\/vertienteglobal.com\/index.php?rest_route=%2Fwp%2Fv2%2Fcategories&post=155472"},{"taxonomy":"post_tag","embeddable":true,"href":"http:\/\/vertienteglobal.com\/index.php?rest_route=%2Fwp%2Fv2%2Ftags&post=155472"}],"curies":[{"name":"wp","href":"https:\/\/api.w.org\/{rel}","templated":true}]}}