{"id":155305,"date":"2020-04-28T12:32:00","date_gmt":"2020-04-28T17:32:00","guid":{"rendered":"http:\/\/vertienteglobal.com\/?p=155305"},"modified":"2020-04-28T13:25:06","modified_gmt":"2020-04-28T18:25:06","slug":"aprueba-cabildo-de-tulum-contratacion-de-un-credito-por-43-millones-349-mil-pesos-para-atender-la-contingencia-sanitaria","status":"publish","type":"post","link":"http:\/\/vertienteglobal.com\/?p=155305","title":{"rendered":"Aprueba Cabildo de Tulum contrataci\u00f3n de un cr\u00e9dito por 43 millones 349 mil pesos para atender la contingencia sanitaria"},"content":{"rendered":"\n<div class=\"twitterbutton\" style=\"float: right; padding-left: 5px;\"><a href=\"http:\/\/twitter.com\/share\" class=\"twitter-share-button\" data-count=\"horizontal\" data-text=\"Aprueba Cabildo de Tulum contrataci\u00f3n de un cr\u00e9dito por 43 millones 349 mil pe...\" data-via=\"https:\/\/twitter.com\/VertienteGloba1\" data-url=\"http:\/\/vertienteglobal.com\/?p=155305\" data-lang=\"es\" data-related=\"Informaci\u00f3n general:S\u00edguenos para que est\u00e9ss informado\"><\/a><\/div>\n<figure class=\"wp-block-gallery columns-1 is-cropped wp-block-gallery-1 is-layout-flex wp-block-gallery-is-layout-flex\"><ul class=\"blocks-gallery-grid\"><li class=\"blocks-gallery-item\"><figure><img loading=\"lazy\" decoding=\"async\" width=\"1024\" height=\"682\" src=\"http:\/\/vertienteglobal.com\/wp-content\/uploads\/2020\/04\/IMG_20200428_131709.jpg\" alt=\"\" data-id=\"155306\" data-full-url=\"http:\/\/vertienteglobal.com\/wp-content\/uploads\/2020\/04\/IMG_20200428_131709.jpg\" data-link=\"http:\/\/vertienteglobal.com\/?attachment_id=155306\" class=\"wp-image-155306\" srcset=\"http:\/\/vertienteglobal.com\/wp-content\/uploads\/2020\/04\/IMG_20200428_131709.jpg 1024w, http:\/\/vertienteglobal.com\/wp-content\/uploads\/2020\/04\/IMG_20200428_131709-300x200.jpg 300w, http:\/\/vertienteglobal.com\/wp-content\/uploads\/2020\/04\/IMG_20200428_131709-150x100.jpg 150w, http:\/\/vertienteglobal.com\/wp-content\/uploads\/2020\/04\/IMG_20200428_131709-768x512.jpg 768w\" sizes=\"auto, (max-width: 1024px) 100vw, 1024px\" \/><\/figure><\/li><\/ul><\/figure>\n\n\n\n<p>(Antonio Rivera)<\/p>\n\n\n\n<p>Destac\u00f3, que tambi\u00e9n con estos recursos se contratar\u00e1 un seguro de vida especial para los trabajadores de la salud, polic\u00edas, empleados de servicios de emergencia y de servicios p\u00fablicos porque son los que mayor riesgo enfrentan cotidianamente y en caso de deceso por COVID-19 les ser\u00e1 cubierto a sus familiares, \u201ctenemos la obligaci\u00f3n de ser conscientes y corresponsables de esfuerzo y el compromiso que tienen para servir a la sociedad a\u00fan a costa de su salud\u201d<\/p>\n\n\n\n<p>Tulum, Quintana Roo a 28 de abril de 2020.- Debido a que desde la \u00faltima semana de marzo cay\u00f3 la recaudaci\u00f3n, para los primeros d\u00edas del mes de abril significar un 95 por ciento menos de los ingresos presupuestados, los concejales en XIX Sesi\u00f3n Extraordinaria de Cabildo autorizaron que el ayuntamiento pueda contratar un financiamiento de corto plazo hasta por un monto de 43 millones 344 mil 281 pesos para estar en condiciones de atender la emergencia sanitaria.<\/p>\n\n\n\n<p>Y es que por mayor\u00eda los concejales aprobaron el acuerdo, excepci\u00f3n hecha del regidor Marciano Dzul Caamal que voto en contra, pero para el presidente, V\u00edctor Mas Tah, el acuerdo era indispensable para poder continuar brindando ayuda humanitaria a las familias vulnerables y a las que se quedaron sin empleo y sin ingresos por la ca\u00edda que provoc\u00f3 en la actividad econ\u00f3mica la pandemia.<\/p>\n\n\n\n<p>\u201cNecesitamos continuar brindando ayuda alimentaria, servicios vitales como el de salud, seguridad p\u00fablica, servicios de emergencia y los servicios p\u00fablicos, los cuales son esenciales para los habitantes de las zonas urbanas y las comunidades rurales; con entradas mensuales en la Tesorer\u00eda de apenas un 5 por ciento de lo presupuestado en la Ley de Ingresos es imposible atender esas prioridades\u201d, expres\u00f3 el presidente.<\/p>\n\n\n\n<p>Le estamos muy agradecidos al gobierno de la Rep\u00fablica por el equipamiento que realizar\u00e1n, y la puesta en operaci\u00f3n, del Hospital Comunitario de Tulum en estos tiempos de apremio, sin embargo, hay que mencionarlo, otro factor que debilit\u00f3 las finanzas del ayuntamiento fue una sensible reducci\u00f3n de las participaciones federales, \u201cla situaci\u00f3n es cr\u00edtica, pero tenemos la obligaci\u00f3n constitucional de velar por el bien de la sociedad y m\u00e1s a\u00fan en las actuales condiciones de zozobra econ\u00f3mica y de riesgo en salud de nuestro pr\u00f3jimo\u201d, indic\u00f3.<\/p>\n\n\n\n<p>Destac\u00f3, que tambi\u00e9n con estos recursos se contratar\u00e1 un seguro de vida especial para los trabajadores de la salud, polic\u00edas, empleados de servicios de emergencia y de servicios p\u00fablicos porque son los que mayor riesgo enfrentan cotidianamente y en caso de deceso por COVID-19 les ser\u00e1 cubierto a sus familiares, \u201ctenemos la obligaci\u00f3n de ser conscientes y corresponsables de esfuerzo y el compromiso que tienen para servir a la sociedad a\u00fan a costa de su salud\u201d.<\/p>\n\n\n\n<p>Es de precisar, que el acuerdo que establece que empr\u00e9stito podr\u00e1 contratarse por partes hasta sumar los 43 millones 344 mil 281 pesos y pagarse en un plazo l\u00edmite de un a\u00f1o o bien 3 meses antes de que concluya la actual administraci\u00f3n y que conforme a la ley no necesita autorizaci\u00f3n de la Legislatura toda vez que el ayuntamiento est\u00e1 facultado a contratar hasta por un monto equivalente al 6 ciento de lo establecido en la Ley de Ingresos.<\/p>\n","protected":false},"excerpt":{"rendered":"<p>(Antonio Rivera) Destac\u00f3, que tambi\u00e9n con estos recursos se contratar\u00e1 un seguro de vida especial para los trabajadores de la salud, polic\u00edas, empleados de servicios de emergencia y de servicios p\u00fablicos porque son los que mayor riesgo enfrentan cotidianamente y en caso de deceso por COVID-19 les ser\u00e1 cubierto a sus familiares, \u201ctenemos la obligaci\u00f3n [&hellip;]<\/p>\n","protected":false},"author":1,"featured_media":155306,"comment_status":"open","ping_status":"open","sticky":false,"template":"","format":"standard","meta":{"footnotes":""},"categories":[3],"tags":[],"class_list":["post-155305","post","type-post","status-publish","format-standard","has-post-thumbnail","hentry","category-quintana-roo","entry","has-media"],"jetpack_featured_media_url":"http:\/\/vertienteglobal.com\/wp-content\/uploads\/2020\/04\/IMG_20200428_131709.jpg","_links":{"self":[{"href":"http:\/\/vertienteglobal.com\/index.php?rest_route=\/wp\/v2\/posts\/155305","targetHints":{"allow":["GET"]}}],"collection":[{"href":"http:\/\/vertienteglobal.com\/index.php?rest_route=\/wp\/v2\/posts"}],"about":[{"href":"http:\/\/vertienteglobal.com\/index.php?rest_route=\/wp\/v2\/types\/post"}],"author":[{"embeddable":true,"href":"http:\/\/vertienteglobal.com\/index.php?rest_route=\/wp\/v2\/users\/1"}],"replies":[{"embeddable":true,"href":"http:\/\/vertienteglobal.com\/index.php?rest_route=%2Fwp%2Fv2%2Fcomments&post=155305"}],"version-history":[{"count":0,"href":"http:\/\/vertienteglobal.com\/index.php?rest_route=\/wp\/v2\/posts\/155305\/revisions"}],"wp:featuredmedia":[{"embeddable":true,"href":"http:\/\/vertienteglobal.com\/index.php?rest_route=\/wp\/v2\/media\/155306"}],"wp:attachment":[{"href":"http:\/\/vertienteglobal.com\/index.php?rest_route=%2Fwp%2Fv2%2Fmedia&parent=155305"}],"wp:term":[{"taxonomy":"category","embeddable":true,"href":"http:\/\/vertienteglobal.com\/index.php?rest_route=%2Fwp%2Fv2%2Fcategories&post=155305"},{"taxonomy":"post_tag","embeddable":true,"href":"http:\/\/vertienteglobal.com\/index.php?rest_route=%2Fwp%2Fv2%2Ftags&post=155305"}],"curies":[{"name":"wp","href":"https:\/\/api.w.org\/{rel}","templated":true}]}}