{"id":155249,"date":"2020-04-27T21:36:00","date_gmt":"2020-04-28T02:36:00","guid":{"rendered":"http:\/\/vertienteglobal.com\/?p=155249"},"modified":"2020-04-27T22:28:25","modified_gmt":"2020-04-28T03:28:25","slug":"identificar-a-tiempo-los-sintomas-del-covid-19-es-importante-para-evitar-contagios-y-salvar-vidas-carlos-joaquin","status":"publish","type":"post","link":"http:\/\/vertienteglobal.com\/?p=155249","title":{"rendered":"Identificar a tiempo los s\u00edntomas del covid-19 es importante para evitar contagios y salvar vidas: Carlos Joaqu\u00edn"},"content":{"rendered":"\n<div class=\"twitterbutton\" style=\"float: right; padding-left: 5px;\"><a href=\"http:\/\/twitter.com\/share\" class=\"twitter-share-button\" data-count=\"horizontal\" data-text=\"Identificar a tiempo los s\u00edntomas del covid-19 es importante para evitar contag...\" data-via=\"https:\/\/twitter.com\/VertienteGloba1\" data-url=\"http:\/\/vertienteglobal.com\/?p=155249\" data-lang=\"es\" data-related=\"Informaci\u00f3n general:S\u00edguenos para que est\u00e9ss informado\"><\/a><\/div>\n<figure class=\"wp-block-gallery columns-1 is-cropped wp-block-gallery-1 is-layout-flex wp-block-gallery-is-layout-flex\"><ul class=\"blocks-gallery-grid\"><li class=\"blocks-gallery-item\"><figure><img loading=\"lazy\" decoding=\"async\" width=\"1024\" height=\"658\" src=\"http:\/\/vertienteglobal.com\/wp-content\/uploads\/2020\/04\/cjentrevistacovid-1024x658.jpg\" alt=\"\" data-id=\"155250\" data-full-url=\"http:\/\/vertienteglobal.com\/wp-content\/uploads\/2020\/04\/cjentrevistacovid.jpg\" data-link=\"http:\/\/vertienteglobal.com\/?attachment_id=155250\" class=\"wp-image-155250\" srcset=\"http:\/\/vertienteglobal.com\/wp-content\/uploads\/2020\/04\/cjentrevistacovid-1024x658.jpg 1024w, http:\/\/vertienteglobal.com\/wp-content\/uploads\/2020\/04\/cjentrevistacovid-300x193.jpg 300w, http:\/\/vertienteglobal.com\/wp-content\/uploads\/2020\/04\/cjentrevistacovid-150x96.jpg 150w, http:\/\/vertienteglobal.com\/wp-content\/uploads\/2020\/04\/cjentrevistacovid-768x493.jpg 768w, http:\/\/vertienteglobal.com\/wp-content\/uploads\/2020\/04\/cjentrevistacovid.jpg 1280w\" sizes=\"auto, (max-width: 1024px) 100vw, 1024px\" \/><\/figure><\/li><\/ul><\/figure>\n\n\n\n<p>(Redacci\u00f3n)<\/p>\n\n\n\n<p>El gobernador de Quintana Roo exhorta a la ciudadan\u00eda a dedicar dos minutos de su tiempo para contestar un cuestionario digital de signos y s\u00edntomas<\/p>\n\n\n\n<p>En la vigilancia de la epidemia, se requiere de la participaci\u00f3n de la gente y respetar la medida de \u201cQu\u00e9date en casa\u201d, para evitar as\u00ed continuar con la transmisi\u00f3n por contagio<\/p>\n\n\n\n<p>Chetumal, Quintana Roo a 27 de abril de 2020.- El gobernador Carlos Joaqu\u00edn expres\u00f3 que identificar a tiempo s\u00edntomas que pudieran tratarse del covid-19 es importante para cuidar la salud, evitar contagios y salvar vidas, principalmente ahora que la epidemia se encuentra en la fase tres y representa un incremento de los casos comunitarios.<\/p>\n\n\n\n<p>El gobernador de Quintana Roo exhort\u00f3 a las y los quintanarroenses a dedicar dos minutos del d\u00eda a contestar un cuestionario digital de signos y s\u00edntomas que se encuentra en www.qroo.gob.mx\/sesa\/cuestionario.<\/p>\n\n\n\n<p>Carlos Joaqu\u00edn explic\u00f3 que, a trav\u00e9s de las respuestas que se generen de este cuestionario, se permitir\u00e1 conocer el estado de salud de la gente, tanto personal y de la familia como de la comunidad.<\/p>\n\n\n\n<p>Desde que la Secretar\u00eda Estatal de Salud (SESA), que dirige Alejandra Aguirre Crespo, puso en l\u00ednea el cuestionario hasta el d\u00eda 27 de este mes, han accedido m\u00e1s de 36 mil 120 personas.<\/p>\n\n\n\n<p>En el cuestionario, se piden datos como nombre, edad, sexo, municipio, localidad, tel\u00e9fono y correo electr\u00f3nico.<\/p>\n\n\n\n<p>Del total de los cuestionarios contestados, el 51.53 por ciento fue del municipio de Benito Ju\u00e1rez, el 18.31 de Oth\u00f3n P. Blanco, el 16.58 por ciento de Solidaridad, el 4.93 de Cozumel, el 3.10 de Tulum, el 1.36 de Puerto Morelos, el 1.26 de Felipe Carrillo Puerto, el 0.94 de L\u00e1zaro C\u00e1rdenas y el 0.52 por ciento de Bacalar.<\/p>\n\n\n\n<p>De acuerdo con expertos de la SESA, una persona debe sospechar de estar enfermo de covid-19 cuando presenta s\u00edntomas como tos, fiebre mayor a 38 grados, dolor de cabeza, dificultad para respirar, dolor o ardor de garganta, escurrimiento nasal, ojos rojos y dolores en m\u00fasculos y articulaciones.<\/p>\n\n\n\n<p>Carlos Joaqu\u00edn afirm\u00f3 que lo que se haga de manera individual va a tener efectos en lo colectivo, en toda la sociedad. Por eso hay que proteger a la familia, a los seres m\u00e1s queridos y a las personas m\u00e1s vulnerables.<\/p>\n\n\n\n<p>Explic\u00f3 que el cuestionario forma parte de la vigilancia epidemiol\u00f3gica activa que se hace en Quintana Roo, pero se requiere de la colaboraci\u00f3n de todos, para juntos salir adelante y e iniciar la recuperaci\u00f3n.<\/p>\n","protected":false},"excerpt":{"rendered":"<p>(Redacci\u00f3n) El gobernador de Quintana Roo exhorta a la ciudadan\u00eda a dedicar dos minutos de su tiempo para contestar un cuestionario digital de signos y s\u00edntomas En la vigilancia de la epidemia, se requiere de la participaci\u00f3n de la gente y respetar la medida de \u201cQu\u00e9date en casa\u201d, para evitar as\u00ed continuar con la transmisi\u00f3n [&hellip;]<\/p>\n","protected":false},"author":1,"featured_media":155250,"comment_status":"open","ping_status":"open","sticky":false,"template":"","format":"standard","meta":{"footnotes":""},"categories":[3],"tags":[],"class_list":["post-155249","post","type-post","status-publish","format-standard","has-post-thumbnail","hentry","category-quintana-roo","entry","has-media"],"jetpack_featured_media_url":"http:\/\/vertienteglobal.com\/wp-content\/uploads\/2020\/04\/cjentrevistacovid.jpg","_links":{"self":[{"href":"http:\/\/vertienteglobal.com\/index.php?rest_route=\/wp\/v2\/posts\/155249","targetHints":{"allow":["GET"]}}],"collection":[{"href":"http:\/\/vertienteglobal.com\/index.php?rest_route=\/wp\/v2\/posts"}],"about":[{"href":"http:\/\/vertienteglobal.com\/index.php?rest_route=\/wp\/v2\/types\/post"}],"author":[{"embeddable":true,"href":"http:\/\/vertienteglobal.com\/index.php?rest_route=\/wp\/v2\/users\/1"}],"replies":[{"embeddable":true,"href":"http:\/\/vertienteglobal.com\/index.php?rest_route=%2Fwp%2Fv2%2Fcomments&post=155249"}],"version-history":[{"count":0,"href":"http:\/\/vertienteglobal.com\/index.php?rest_route=\/wp\/v2\/posts\/155249\/revisions"}],"wp:featuredmedia":[{"embeddable":true,"href":"http:\/\/vertienteglobal.com\/index.php?rest_route=\/wp\/v2\/media\/155250"}],"wp:attachment":[{"href":"http:\/\/vertienteglobal.com\/index.php?rest_route=%2Fwp%2Fv2%2Fmedia&parent=155249"}],"wp:term":[{"taxonomy":"category","embeddable":true,"href":"http:\/\/vertienteglobal.com\/index.php?rest_route=%2Fwp%2Fv2%2Fcategories&post=155249"},{"taxonomy":"post_tag","embeddable":true,"href":"http:\/\/vertienteglobal.com\/index.php?rest_route=%2Fwp%2Fv2%2Ftags&post=155249"}],"curies":[{"name":"wp","href":"https:\/\/api.w.org\/{rel}","templated":true}]}}