{"id":155138,"date":"2020-04-26T22:46:00","date_gmt":"2020-04-27T03:46:00","guid":{"rendered":"http:\/\/vertienteglobal.com\/?p=155138"},"modified":"2020-04-26T20:58:43","modified_gmt":"2020-04-27T01:58:43","slug":"si-el-virus-trae-un-mundo-mejor-por-que-estar-tristes-cuestiona-escritor-juan-villoro","status":"publish","type":"post","link":"http:\/\/vertienteglobal.com\/?p=155138","title":{"rendered":"Si el virus trae un mundo mejor, \u00bfpor qu\u00e9 estar tristes?, cuestiona escritor Juan Villoro"},"content":{"rendered":"\n<div class=\"twitterbutton\" style=\"float: right; padding-left: 5px;\"><a href=\"http:\/\/twitter.com\/share\" class=\"twitter-share-button\" data-count=\"horizontal\" data-text=\"Si el virus trae un mundo mejor, \u00bfpor qu\u00e9 estar tristes?, cuestiona escritor J...\" data-via=\"https:\/\/twitter.com\/VertienteGloba1\" data-url=\"http:\/\/vertienteglobal.com\/?p=155138\" data-lang=\"es\" data-related=\"Informaci\u00f3n general:S\u00edguenos para que est\u00e9ss informado\"><\/a><\/div>\n<figure class=\"wp-block-gallery columns-1 is-cropped wp-block-gallery-1 is-layout-flex wp-block-gallery-is-layout-flex\"><ul class=\"blocks-gallery-grid\"><li class=\"blocks-gallery-item\"><figure><img loading=\"lazy\" decoding=\"async\" width=\"1024\" height=\"658\" src=\"http:\/\/vertienteglobal.com\/wp-content\/uploads\/2020\/04\/1097702.jpg\" alt=\"\" data-id=\"155139\" data-full-url=\"http:\/\/vertienteglobal.com\/wp-content\/uploads\/2020\/04\/1097702.jpg\" data-link=\"http:\/\/vertienteglobal.com\/?attachment_id=155139\" class=\"wp-image-155139\" srcset=\"http:\/\/vertienteglobal.com\/wp-content\/uploads\/2020\/04\/1097702.jpg 1024w, http:\/\/vertienteglobal.com\/wp-content\/uploads\/2020\/04\/1097702-300x193.jpg 300w, http:\/\/vertienteglobal.com\/wp-content\/uploads\/2020\/04\/1097702-150x96.jpg 150w, http:\/\/vertienteglobal.com\/wp-content\/uploads\/2020\/04\/1097702-768x494.jpg 768w\" sizes=\"auto, (max-width: 1024px) 100vw, 1024px\" \/><\/figure><\/li><\/ul><\/figure>\n\n\n\n<p>(Redacci\u00f3n)<\/p>\n\n\n\n<p>Destac\u00f3 que \u201cla incertidumbre se ha apoderado de muchos de nosotros\u2026<\/p>\n\n\n\n<p>Ciudad de M\u00e9xico va 26 de abril de 2020.- El escritor Juan Villoro reflexion\u00f3 sobre algunos aspectos que han cambiado y cambiar\u00e1n a partir de la contingencia sanitaria por el covid-19, con la cual dijo que \u00abse ha terminado el mundo tal y como lo conoc\u00edamos y, en ese sentido, creo que no debemos estar muy tristes, porque no era el mejor de los mundos posibles: era un mundo lleno de fanatismos, injusticias, ecocidio, polarizaciones pol\u00edticas\u2026 dif\u00edcilmente pod\u00edamos defender ese estado de cosas\u00bb.<\/p>\n\n\n\n<p>Y es que en entrevista con Milenio, consider\u00f3 que \u201clo que est\u00e1 ocurriendo es una oportunidad extraordinaria de replantearnos nuevas soluciones.<\/p>\n\n\n\n<p>Para esas nuevas soluciones ni siquiera es necesaria la acci\u00f3n del ser humano, sino quiz\u00e1 m\u00e1s bien la inacci\u00f3n: el virus ha sido terrible porque ha paralizado el planeta, pero al mismo tiempo se han limpiado los canales de Venecia, la nube negra sobre China ha desaparecido, un puma recorri\u00f3 las calles de Santiago, en el balc\u00f3n de un amigo en Barcelona acaban de anidar unos b\u00fahos\u201d.<\/p>\n\n\n\n<p>Destac\u00f3 que \u201cla incertidumbre se ha apoderado de muchos de nosotros\u2026<\/p>\n\n\n\n<p>La principal variable que tenemos es lo desconocido, no saber qui\u00e9n es el enemigo, ni c\u00f3mo ni con qu\u00e9 intensidad puede atacarnos. Creo que eso es lo que m\u00e1s nos afecta frente al covid-19.<\/p>\n\n\n\n<p>Es una enfermedad menos letal que muchas otras que tenemos, la gente sigue muriendo de numerosas causas, pero el hecho de que haya un virus contra el que no se puede combatir, contra el cual no hay protocolos, que carece de historia y que obliga a estar en confinamiento, lo convierte en un enemigo invisible.<\/p>\n\n\n\n<p>El combate que hacemos contra el virus tambi\u00e9n es invisible, porque no podemos saber en qu\u00e9 medida, gracias a nuestra reclusi\u00f3n, se han evitado muchas muertes o algunas infecciones.<\/p>\n\n\n\n<p>El virus es una amenaza que no vemos, nuestra reacci\u00f3n es una defensa que tampoco tiene efecto, es como una lucha de invisibilidades que ha creado una sensaci\u00f3n in\u00e9dita para todos nosotros.<\/p>\n\n\n\n<p>El virus es una amenaza que no vemos, nuestra reacci\u00f3n es una defensa que tampoco tiene efecto\u201d.<\/p>\n\n\n\n<p>Se\u00f1al\u00f3 que M\u00e9xico saldr\u00e1 de esta crisis solo con \u201cideas; todos los pa\u00edses tienen salidas a sus crisis.<\/p>\n\n\n\n<p>Continuamente caemos en la presunci\u00f3n de pensar que nuestro momento es \u00fanico.<\/p>\n\n\n\n<p>Es obvio que atravesamos dificultades econ\u00f3micas, con un horizonte mundial in\u00e9dito y con muy poca certeza de lo que ocurrir\u00e1.<\/p>\n\n\n\n<p>Hay inc\u00f3gnitas graves. Por ejemplo, \u00bfqu\u00e9 papel asumir\u00e1 el crimen organizado en un pa\u00eds que ha perdido la soberan\u00eda en grandes regiones? Despu\u00e9s de pasar por el narcotr\u00e1fico, la trata, la venta de armas, la pirater\u00eda y el robo de combustibles, \u00bflos c\u00e1rteles se har\u00e1n cargo de los alimentos y las medicinas?\u201d<\/p>\n\n\n\n<p>Agreg\u00f3: \u201cMe preocupa que haya un resurgimiento de autoritarismos y que se pierdan garant\u00edas y derechos individuales. Es una oportunidad para replantear el estado de cosas y encontrar soluciones que, espero, sean positivas, porque el mundo anterior no era muy bueno y tambi\u00e9n hay amenazas de que esto pudiera ser m\u00e1s preocupante en el futuro\u201d. (Fuente y foto: Milenio)<\/p>\n","protected":false},"excerpt":{"rendered":"<p>(Redacci\u00f3n) Destac\u00f3 que \u201cla incertidumbre se ha apoderado de muchos de nosotros\u2026 Ciudad de M\u00e9xico va 26 de abril de 2020.- El escritor Juan Villoro reflexion\u00f3 sobre algunos aspectos que han cambiado y cambiar\u00e1n a partir de la contingencia sanitaria por el covid-19, con la cual dijo que \u00abse ha terminado el mundo tal y [&hellip;]<\/p>\n","protected":false},"author":1,"featured_media":155139,"comment_status":"open","ping_status":"open","sticky":false,"template":"","format":"standard","meta":{"footnotes":""},"categories":[9,8],"tags":[],"class_list":["post-155138","post","type-post","status-publish","format-standard","has-post-thumbnail","hentry","category-educacion","category-pais","entry","has-media"],"jetpack_featured_media_url":"http:\/\/vertienteglobal.com\/wp-content\/uploads\/2020\/04\/1097702.jpg","_links":{"self":[{"href":"http:\/\/vertienteglobal.com\/index.php?rest_route=\/wp\/v2\/posts\/155138","targetHints":{"allow":["GET"]}}],"collection":[{"href":"http:\/\/vertienteglobal.com\/index.php?rest_route=\/wp\/v2\/posts"}],"about":[{"href":"http:\/\/vertienteglobal.com\/index.php?rest_route=\/wp\/v2\/types\/post"}],"author":[{"embeddable":true,"href":"http:\/\/vertienteglobal.com\/index.php?rest_route=\/wp\/v2\/users\/1"}],"replies":[{"embeddable":true,"href":"http:\/\/vertienteglobal.com\/index.php?rest_route=%2Fwp%2Fv2%2Fcomments&post=155138"}],"version-history":[{"count":0,"href":"http:\/\/vertienteglobal.com\/index.php?rest_route=\/wp\/v2\/posts\/155138\/revisions"}],"wp:featuredmedia":[{"embeddable":true,"href":"http:\/\/vertienteglobal.com\/index.php?rest_route=\/wp\/v2\/media\/155139"}],"wp:attachment":[{"href":"http:\/\/vertienteglobal.com\/index.php?rest_route=%2Fwp%2Fv2%2Fmedia&parent=155138"}],"wp:term":[{"taxonomy":"category","embeddable":true,"href":"http:\/\/vertienteglobal.com\/index.php?rest_route=%2Fwp%2Fv2%2Fcategories&post=155138"},{"taxonomy":"post_tag","embeddable":true,"href":"http:\/\/vertienteglobal.com\/index.php?rest_route=%2Fwp%2Fv2%2Ftags&post=155138"}],"curies":[{"name":"wp","href":"https:\/\/api.w.org\/{rel}","templated":true}]}}