{"id":154930,"date":"2020-04-24T21:48:00","date_gmt":"2020-04-25T02:48:00","guid":{"rendered":"http:\/\/vertienteglobal.com\/?p=154930"},"modified":"2020-04-25T00:04:23","modified_gmt":"2020-04-25T05:04:23","slug":"154930","status":"publish","type":"post","link":"http:\/\/vertienteglobal.com\/?p=154930","title":{"rendered":"Supervisa el gobernador Carlos Joaqu\u00edn la reconversi\u00f3n del Hospital Comunitario de Tulum para pacientes que padecen de covid-19"},"content":{"rendered":"\n<div class=\"twitterbutton\" style=\"float: right; padding-left: 5px;\"><a href=\"http:\/\/twitter.com\/share\" class=\"twitter-share-button\" data-count=\"horizontal\" data-text=\"Supervisa el gobernador Carlos Joaqu\u00edn la reconversi\u00f3n del Hospital Comunitari...\" data-via=\"https:\/\/twitter.com\/VertienteGloba1\" data-url=\"http:\/\/vertienteglobal.com\/?p=154930\" data-lang=\"es\" data-related=\"Informaci\u00f3n general:S\u00edguenos para que est\u00e9ss informado\"><\/a><\/div>\n<figure class=\"wp-block-gallery columns-1 is-cropped wp-block-gallery-1 is-layout-flex wp-block-gallery-is-layout-flex\"><ul class=\"blocks-gallery-grid\"><li class=\"blocks-gallery-item\"><figure><img loading=\"lazy\" decoding=\"async\" width=\"1024\" height=\"532\" src=\"http:\/\/vertienteglobal.com\/wp-content\/uploads\/2020\/04\/reconversion-hospital1.jpg\" alt=\"\" data-id=\"154931\" data-full-url=\"http:\/\/vertienteglobal.com\/wp-content\/uploads\/2020\/04\/reconversion-hospital1.jpg\" data-link=\"http:\/\/vertienteglobal.com\/?attachment_id=154931\" class=\"wp-image-154931\" srcset=\"http:\/\/vertienteglobal.com\/wp-content\/uploads\/2020\/04\/reconversion-hospital1.jpg 1024w, http:\/\/vertienteglobal.com\/wp-content\/uploads\/2020\/04\/reconversion-hospital1-300x156.jpg 300w, http:\/\/vertienteglobal.com\/wp-content\/uploads\/2020\/04\/reconversion-hospital1-150x78.jpg 150w, http:\/\/vertienteglobal.com\/wp-content\/uploads\/2020\/04\/reconversion-hospital1-768x399.jpg 768w\" sizes=\"auto, (max-width: 1024px) 100vw, 1024px\" \/><\/figure><\/li><\/ul><\/figure>\n\n\n\n<p>(Redacci\u00f3n)<\/p>\n\n\n\n<p>El nosocomio comenzar\u00e1 a operar en mayo, estar\u00e1 dotado de 30 camas de hospitalizaci\u00f3n y 20 m\u00e1s para terapia intensiva<\/p>\n\n\n\n<p>El hospital estar\u00e1 a cargo de la Secretar\u00eda de la Defensa Nacional y brindar\u00e1 servicios a pacientes de la zona centro de la entidad<\/p>\n\n\n\n<p>Tulum, Quintana Roo a 24 de abril de 2020.- El gobernador Carlos Joaqu\u00edn supervis\u00f3 este viernes el avance de la reconversi\u00f3n del Hospital Comunitario de Tulum, el cual ha sido designado para brindar atenci\u00f3n a pacientes enfermos de covid-19, en la zona centro de la entidad.<\/p>\n\n\n\n<p>Acompa\u00f1ado por el general de brigada Jos\u00e9 Luis V\u00e1zquez Araiza, comandante de la 34 Zona Militar; el coronel de infanter\u00eda Jos\u00e9 Alfredo Garc\u00eda Castro, comandante del 64 Batall\u00f3n; y el presidente municipal V\u00edctor Mas Tah, el gobernador de Quintana Roo inform\u00f3 que este hospital contar\u00e1 con 30 camas de hospitalizaci\u00f3n y 20 camas m\u00e1s para pacientes de terapia intensiva.<\/p>\n\n\n\n<p>Carlos Joaqu\u00edn insisti\u00f3 en la necesidad de que la poblaci\u00f3n cumpla con las medidas de higiene y distanciamiento social, y se quede en casa, ya que de esto depender\u00e1 evitar el contagio, usar el hospital y, por lo tanto, muertes a causa del covid-19.<\/p>\n\n\n\n<p>\u201cVamos avanzando en la ampliaci\u00f3n del Hospital General de Canc\u00fan Jes\u00fas Kumate Rodr\u00edguez, de Canc\u00fan, y en la reconversi\u00f3n del Hospital Comunitario de Tulum como hospitales para atender casos de covid-19, para atender los requerimientos de la fase tres, que es cuando se disparan los contagios\u201d, expres\u00f3 el gobernador Carlos Joaqu\u00edn.<\/p>\n\n\n\n<p>\u201cEste hospital comunitario estar\u00e1 listo en los primeros d\u00edas del mes de mayo, esperamos que pueda dar atenci\u00f3n y servicio a quienes la necesiten\u201d, extern\u00f3 el gobernador.<\/p>\n\n\n\n<p>\u201cEs momento del cuidado de la salud y de salvar vidas, y lo m\u00e1s importante es quedarse en casa. Tratar de hacer como que no pasa nada no enga\u00f1a al coronavirus. Aqu\u00ed el tema es que la \u00fanica forma de cortar la epidemia del contagio es aplicando estos esquemas de distanciamiento social y permanecer el mayor tiempo posible en casa\u201d, sostuvo Carlos Joaqu\u00edn.<\/p>\n\n\n\n<p>En el recorrido, realizado por el gobernador de Quintana Roo, tambi\u00e9n estuvieron presentes el teniente coronel de infanter\u00eda Humberto Jim\u00e9nez Casta\u00f1eda, administrador del Hospital Comunitario de Tulum, y la teniente coronel Guillermina Hern\u00e1ndez V\u00e1zquez, asesora t\u00e9cnica del hospital.<\/p>\n\n\n\n<p>La explicaci\u00f3n t\u00e9cnica de la operaci\u00f3n del Hospital Comunitario de Tulum estuvo a cargo del ingeniero Guillermo Canul Cruz, director de Desarrollo de Infraestructura de la Secretar\u00eda de Salud.<\/p>\n\n\n\n<figure class=\"wp-block-gallery columns-1 is-cropped wp-block-gallery-2 is-layout-flex wp-block-gallery-is-layout-flex\"><ul class=\"blocks-gallery-grid\"><li class=\"blocks-gallery-item\"><figure><img loading=\"lazy\" decoding=\"async\" width=\"585\" height=\"390\" src=\"http:\/\/vertienteglobal.com\/wp-content\/uploads\/2020\/04\/reconversion-hospital2-585x390-1.jpg\" alt=\"\" data-id=\"154933\" data-full-url=\"http:\/\/vertienteglobal.com\/wp-content\/uploads\/2020\/04\/reconversion-hospital2-585x390-1.jpg\" data-link=\"http:\/\/vertienteglobal.com\/?attachment_id=154933\" class=\"wp-image-154933\" srcset=\"http:\/\/vertienteglobal.com\/wp-content\/uploads\/2020\/04\/reconversion-hospital2-585x390-1.jpg 585w, http:\/\/vertienteglobal.com\/wp-content\/uploads\/2020\/04\/reconversion-hospital2-585x390-1-300x200.jpg 300w, http:\/\/vertienteglobal.com\/wp-content\/uploads\/2020\/04\/reconversion-hospital2-585x390-1-150x100.jpg 150w\" sizes=\"auto, (max-width: 585px) 100vw, 585px\" \/><\/figure><\/li><\/ul><\/figure>\n\n\n\n<figure class=\"wp-block-gallery columns-1 is-cropped wp-block-gallery-3 is-layout-flex wp-block-gallery-is-layout-flex\"><ul class=\"blocks-gallery-grid\"><li class=\"blocks-gallery-item\"><figure><img loading=\"lazy\" decoding=\"async\" width=\"585\" height=\"317\" src=\"http:\/\/vertienteglobal.com\/wp-content\/uploads\/2020\/04\/reconversion-hospital3-585x317-1.jpg\" alt=\"\" data-id=\"154934\" data-full-url=\"http:\/\/vertienteglobal.com\/wp-content\/uploads\/2020\/04\/reconversion-hospital3-585x317-1.jpg\" data-link=\"http:\/\/vertienteglobal.com\/?attachment_id=154934\" class=\"wp-image-154934\" srcset=\"http:\/\/vertienteglobal.com\/wp-content\/uploads\/2020\/04\/reconversion-hospital3-585x317-1.jpg 585w, http:\/\/vertienteglobal.com\/wp-content\/uploads\/2020\/04\/reconversion-hospital3-585x317-1-300x163.jpg 300w, http:\/\/vertienteglobal.com\/wp-content\/uploads\/2020\/04\/reconversion-hospital3-585x317-1-150x81.jpg 150w\" sizes=\"auto, (max-width: 585px) 100vw, 585px\" \/><\/figure><\/li><\/ul><\/figure>\n","protected":false},"excerpt":{"rendered":"<p>(Redacci\u00f3n) El nosocomio comenzar\u00e1 a operar en mayo, estar\u00e1 dotado de 30 camas de hospitalizaci\u00f3n y 20 m\u00e1s para terapia intensiva El hospital estar\u00e1 a cargo de la Secretar\u00eda de la Defensa Nacional y brindar\u00e1 servicios a pacientes de la zona centro de la entidad Tulum, Quintana Roo a 24 de abril de 2020.- El [&hellip;]<\/p>\n","protected":false},"author":1,"featured_media":154931,"comment_status":"open","ping_status":"open","sticky":false,"template":"","format":"standard","meta":{"footnotes":""},"categories":[3],"tags":[],"class_list":["post-154930","post","type-post","status-publish","format-standard","has-post-thumbnail","hentry","category-quintana-roo","entry","has-media"],"jetpack_featured_media_url":"http:\/\/vertienteglobal.com\/wp-content\/uploads\/2020\/04\/reconversion-hospital1.jpg","_links":{"self":[{"href":"http:\/\/vertienteglobal.com\/index.php?rest_route=\/wp\/v2\/posts\/154930","targetHints":{"allow":["GET"]}}],"collection":[{"href":"http:\/\/vertienteglobal.com\/index.php?rest_route=\/wp\/v2\/posts"}],"about":[{"href":"http:\/\/vertienteglobal.com\/index.php?rest_route=\/wp\/v2\/types\/post"}],"author":[{"embeddable":true,"href":"http:\/\/vertienteglobal.com\/index.php?rest_route=\/wp\/v2\/users\/1"}],"replies":[{"embeddable":true,"href":"http:\/\/vertienteglobal.com\/index.php?rest_route=%2Fwp%2Fv2%2Fcomments&post=154930"}],"version-history":[{"count":0,"href":"http:\/\/vertienteglobal.com\/index.php?rest_route=\/wp\/v2\/posts\/154930\/revisions"}],"wp:featuredmedia":[{"embeddable":true,"href":"http:\/\/vertienteglobal.com\/index.php?rest_route=\/wp\/v2\/media\/154931"}],"wp:attachment":[{"href":"http:\/\/vertienteglobal.com\/index.php?rest_route=%2Fwp%2Fv2%2Fmedia&parent=154930"}],"wp:term":[{"taxonomy":"category","embeddable":true,"href":"http:\/\/vertienteglobal.com\/index.php?rest_route=%2Fwp%2Fv2%2Fcategories&post=154930"},{"taxonomy":"post_tag","embeddable":true,"href":"http:\/\/vertienteglobal.com\/index.php?rest_route=%2Fwp%2Fv2%2Ftags&post=154930"}],"curies":[{"name":"wp","href":"https:\/\/api.w.org\/{rel}","templated":true}]}}