{"id":154892,"date":"2020-04-24T13:36:00","date_gmt":"2020-04-24T18:36:00","guid":{"rendered":"http:\/\/vertienteglobal.com\/?p=154892"},"modified":"2020-04-24T23:27:13","modified_gmt":"2020-04-25T04:27:13","slug":"arqueologos-del-inah-hallan-aldea-maya-en-mahahual-quintana-roo","status":"publish","type":"post","link":"http:\/\/vertienteglobal.com\/?p=154892","title":{"rendered":"Arque\u00f3logos del INAH hallan aldea maya en Mahahual, Quintana Roo"},"content":{"rendered":"\n<div class=\"twitterbutton\" style=\"float: right; padding-left: 5px;\"><a href=\"http:\/\/twitter.com\/share\" class=\"twitter-share-button\" data-count=\"horizontal\" data-text=\"Arque\u00f3logos del INAH hallan aldea maya en Mahahual, Quintana Roo\" data-via=\"https:\/\/twitter.com\/VertienteGloba1\" data-url=\"http:\/\/vertienteglobal.com\/?p=154892\" data-lang=\"es\" data-related=\"Informaci\u00f3n general:S\u00edguenos para que est\u00e9ss informado\"><\/a><\/div>\n<figure class=\"wp-block-gallery columns-1 is-cropped wp-block-gallery-1 is-layout-flex wp-block-gallery-is-layout-flex\"><ul class=\"blocks-gallery-grid\"><li class=\"blocks-gallery-item\"><figure><img loading=\"lazy\" decoding=\"async\" width=\"1024\" height=\"683\" src=\"http:\/\/vertienteglobal.com\/wp-content\/uploads\/2020\/04\/103650.jpg\" alt=\"\" data-id=\"154893\" data-full-url=\"http:\/\/vertienteglobal.com\/wp-content\/uploads\/2020\/04\/103650.jpg\" data-link=\"http:\/\/vertienteglobal.com\/?attachment_id=154893\" class=\"wp-image-154893\" srcset=\"http:\/\/vertienteglobal.com\/wp-content\/uploads\/2020\/04\/103650.jpg 1024w, http:\/\/vertienteglobal.com\/wp-content\/uploads\/2020\/04\/103650-300x200.jpg 300w, http:\/\/vertienteglobal.com\/wp-content\/uploads\/2020\/04\/103650-150x100.jpg 150w, http:\/\/vertienteglobal.com\/wp-content\/uploads\/2020\/04\/103650-768x512.jpg 768w\" sizes=\"auto, (max-width: 1024px) 100vw, 1024px\" \/><\/figure><\/li><\/ul><\/figure>\n\n\n\n<p>(Redacci\u00f3n\/Agencias)<\/p>\n\n\n\n<p>Los restos de la aldea podr\u00edan pertenecer al periodo Poscl\u00e1sico maya (1200-1546 d.C.), el cual representa el primero de esa temporalidad detectado en esa localidad de la Costa Oriental de la pen\u00ednsula de Yucat\u00e1n<\/p>\n\n\n\n<p>Chetumal, Quintana Roo a 24 de abril de 2020.- Un grupo de arque\u00f3logos del Instituto Nacional de Antropolog\u00eda e Historia (INAH), hallaron una aldea prehisp\u00e1nica de la cultura maya en Mahahual, Quintana Roo.<\/p>\n\n\n\n<p>Y es que los restos de la aldea podr\u00edan pertenecer al periodo Poscl\u00e1sico maya (1200-1546 d.C.), el cual representa el primero de esa temporalidad detectado en esa localidad de la Costa Oriental de la pen\u00ednsula de Yucat\u00e1n.<\/p>\n\n\n\n<p>El INAH dio a conocer el hallazgo a trav\u00e9s de un comunicado en el que inform\u00f3 que el descubrimiento surgi\u00f3 durante la primera parte de un estudio en el que se prospect\u00f3 un espacio de 1.5 kil\u00f3metros de largo por 450 metros de ancho.<\/p>\n\n\n\n<p>\u2018El asentamiento tiene hasta ahora la forma de una red heterog\u00e9nea en el plano, es decir, la conformaci\u00f3n de su entretejido la constituyen predios familiares que daban origen a un extenso pueblo altamente organizado\u2019, dijo el arque\u00f3logo Fernando Cort\u00e9s de Brasdefer, quien tambi\u00e9n se\u00f1al\u00f3 que se buscar\u00e1 continuar con el trabajo de investigaci\u00f3n en el lugar para hallar indicios de espacios de \u00e9lite o de alg\u00fan centro ritual o c\u00edvico-religioso.<\/p>\n\n\n\n<p>Las estructuras localizadas fueron halladas en un espacio de Mahahual en donde su actuales habitantes lo denominan como albarradas, es decir, paredes de piedras superpuestas sin argamasa; sin embargo, en realidad son construcciones que delimitaban predios en cuyo interior exist\u00edan huertos y \u2018peque\u00f1as casas de bajareque construidas sobre plataformas de piedra caliza, con estructuras de madera y palma de guano, iguales a las casas tradicionales edificadas por los mayas contempor\u00e1neos\u2019.<\/p>\n\n\n\n<p>El INAH estima que hay 80 estructuras: vestigios habitacionales, en su mayor\u00eda; \u2018aguadas\u2019, recipientes artificiales para colectar el vital l\u00edquido; y \u2018sartenejas\u2019, pozos naturales que eran perforados en sus fondos para llegar hasta el nivel fre\u00e1tico. (Fuente: El Universal)<\/p>\n","protected":false},"excerpt":{"rendered":"<p>(Redacci\u00f3n\/Agencias) Los restos de la aldea podr\u00edan pertenecer al periodo Poscl\u00e1sico maya (1200-1546 d.C.), el cual representa el primero de esa temporalidad detectado en esa localidad de la Costa Oriental de la pen\u00ednsula de Yucat\u00e1n Chetumal, Quintana Roo a 24 de abril de 2020.- Un grupo de arque\u00f3logos del Instituto Nacional de Antropolog\u00eda e Historia [&hellip;]<\/p>\n","protected":false},"author":1,"featured_media":154893,"comment_status":"open","ping_status":"open","sticky":false,"template":"","format":"standard","meta":{"footnotes":""},"categories":[3],"tags":[],"class_list":["post-154892","post","type-post","status-publish","format-standard","has-post-thumbnail","hentry","category-quintana-roo","entry","has-media"],"jetpack_featured_media_url":"http:\/\/vertienteglobal.com\/wp-content\/uploads\/2020\/04\/103650.jpg","_links":{"self":[{"href":"http:\/\/vertienteglobal.com\/index.php?rest_route=\/wp\/v2\/posts\/154892","targetHints":{"allow":["GET"]}}],"collection":[{"href":"http:\/\/vertienteglobal.com\/index.php?rest_route=\/wp\/v2\/posts"}],"about":[{"href":"http:\/\/vertienteglobal.com\/index.php?rest_route=\/wp\/v2\/types\/post"}],"author":[{"embeddable":true,"href":"http:\/\/vertienteglobal.com\/index.php?rest_route=\/wp\/v2\/users\/1"}],"replies":[{"embeddable":true,"href":"http:\/\/vertienteglobal.com\/index.php?rest_route=%2Fwp%2Fv2%2Fcomments&post=154892"}],"version-history":[{"count":0,"href":"http:\/\/vertienteglobal.com\/index.php?rest_route=\/wp\/v2\/posts\/154892\/revisions"}],"wp:featuredmedia":[{"embeddable":true,"href":"http:\/\/vertienteglobal.com\/index.php?rest_route=\/wp\/v2\/media\/154893"}],"wp:attachment":[{"href":"http:\/\/vertienteglobal.com\/index.php?rest_route=%2Fwp%2Fv2%2Fmedia&parent=154892"}],"wp:term":[{"taxonomy":"category","embeddable":true,"href":"http:\/\/vertienteglobal.com\/index.php?rest_route=%2Fwp%2Fv2%2Fcategories&post=154892"},{"taxonomy":"post_tag","embeddable":true,"href":"http:\/\/vertienteglobal.com\/index.php?rest_route=%2Fwp%2Fv2%2Ftags&post=154892"}],"curies":[{"name":"wp","href":"https:\/\/api.w.org\/{rel}","templated":true}]}}