{"id":154875,"date":"2020-04-24T11:52:00","date_gmt":"2020-04-24T16:52:00","guid":{"rendered":"http:\/\/vertienteglobal.com\/?p=154875"},"modified":"2020-04-24T12:57:20","modified_gmt":"2020-04-24T17:57:20","slug":"podrian-diputados-sesionar-de-forma-virtual-en-el-congreso-de-veracruz","status":"publish","type":"post","link":"http:\/\/vertienteglobal.com\/?p=154875","title":{"rendered":"Podr\u00edan diputados sesionar de forma virtual en el Congreso de Veracruz"},"content":{"rendered":"\n<div class=\"twitterbutton\" style=\"float: right; padding-left: 5px;\"><a href=\"http:\/\/twitter.com\/share\" class=\"twitter-share-button\" data-count=\"horizontal\" data-text=\"Podr\u00edan diputados sesionar de forma virtual en el Congreso de Veracruz\" data-via=\"https:\/\/twitter.com\/VertienteGloba1\" data-url=\"http:\/\/vertienteglobal.com\/?p=154875\" data-lang=\"es\" data-related=\"Informaci\u00f3n general:S\u00edguenos para que est\u00e9ss informado\"><\/a><\/div>\n<figure class=\"wp-block-gallery columns-1 is-cropped wp-block-gallery-1 is-layout-flex wp-block-gallery-is-layout-flex\"><ul class=\"blocks-gallery-grid\"><li class=\"blocks-gallery-item\"><figure><img loading=\"lazy\" decoding=\"async\" width=\"1024\" height=\"683\" src=\"http:\/\/vertienteglobal.com\/wp-content\/uploads\/2020\/04\/1097352.jpg\" alt=\"\" data-id=\"154876\" data-full-url=\"http:\/\/vertienteglobal.com\/wp-content\/uploads\/2020\/04\/1097352.jpg\" data-link=\"http:\/\/vertienteglobal.com\/?attachment_id=154876\" class=\"wp-image-154876\" srcset=\"http:\/\/vertienteglobal.com\/wp-content\/uploads\/2020\/04\/1097352.jpg 1024w, http:\/\/vertienteglobal.com\/wp-content\/uploads\/2020\/04\/1097352-300x200.jpg 300w, http:\/\/vertienteglobal.com\/wp-content\/uploads\/2020\/04\/1097352-150x100.jpg 150w, http:\/\/vertienteglobal.com\/wp-content\/uploads\/2020\/04\/1097352-768x512.jpg 768w\" sizes=\"auto, (max-width: 1024px) 100vw, 1024px\" \/><\/figure><\/li><\/ul><\/figure>\n\n\n\n<p>(Redacci\u00f3n)<\/p>\n\n\n\n<p>Los coordinadores de las bancadas de diferentes partidos han dialogado sobre el tema en la Junta de Coordinaci\u00f3n Pol\u00edtica, pero hasta el momento nada formal<\/p>\n\n\n\n<p>Xalapa Ver\u00e1cruz a 24 de abril de 2020.- A consecuencia de la pandemia del coronavirus Covid-19, en el Congreso de Veracruz los diputados podr\u00edan sesionar de manera virtual, es decir, a trav\u00e9s de plataformas digitales.<\/p>\n\n\n\n<p>Y es que los coordinadores de las bancadas de diferentes partidos han dialogado sobre el tema en la Junta de Coordinaci\u00f3n Pol\u00edtica, pero hasta el momento nada formal.<\/p>\n\n\n\n<p>El coordinador del PAN, Omar Miranda, afirm\u00f3 que los legisladores han estado \u00abexplorando\u00bb la forma de concretar esa v\u00eda siempre y cuando se cumpla con la normativa.<\/p>\n\n\n\n<p>\u00abEs una posibilidad que se diera esa modificaci\u00f3n que se tendr\u00eda que hacer al reglamento del Congreso para poder realizar sesiones virtuales con algunas de las aplicaciones que est\u00e1n de moda y que han servido de mucho\u00bb.<\/p>\n\n\n\n<p>Ser\u00e1 la pr\u00f3xima semana cuando los diputados se re\u00fanan para aprobar o descartar ese tipo de sesiones, ya que de acuerdo a lo establecido el segundo periodo de sesiones tiene que realizarse en los primeros d\u00edas de mayo.<\/p>\n\n\n\n<p>Las sesiones virtuales pueden sacar adelante el trabajo legislativo, pero el PAN est\u00e1 en contra de que el Congreso haga designaciones o elija a reprentantes de \u00f3rganos y entes descentralizados, de esa forma.<\/p>\n","protected":false},"excerpt":{"rendered":"<p>(Redacci\u00f3n) Los coordinadores de las bancadas de diferentes partidos han dialogado sobre el tema en la Junta de Coordinaci\u00f3n Pol\u00edtica, pero hasta el momento nada formal Xalapa Ver\u00e1cruz a 24 de abril de 2020.- A consecuencia de la pandemia del coronavirus Covid-19, en el Congreso de Veracruz los diputados podr\u00edan sesionar de manera virtual, es [&hellip;]<\/p>\n","protected":false},"author":1,"featured_media":154876,"comment_status":"open","ping_status":"open","sticky":false,"template":"","format":"standard","meta":{"footnotes":""},"categories":[7],"tags":[],"class_list":["post-154875","post","type-post","status-publish","format-standard","has-post-thumbnail","hentry","category-veracruz","entry","has-media"],"jetpack_featured_media_url":"http:\/\/vertienteglobal.com\/wp-content\/uploads\/2020\/04\/1097352.jpg","_links":{"self":[{"href":"http:\/\/vertienteglobal.com\/index.php?rest_route=\/wp\/v2\/posts\/154875","targetHints":{"allow":["GET"]}}],"collection":[{"href":"http:\/\/vertienteglobal.com\/index.php?rest_route=\/wp\/v2\/posts"}],"about":[{"href":"http:\/\/vertienteglobal.com\/index.php?rest_route=\/wp\/v2\/types\/post"}],"author":[{"embeddable":true,"href":"http:\/\/vertienteglobal.com\/index.php?rest_route=\/wp\/v2\/users\/1"}],"replies":[{"embeddable":true,"href":"http:\/\/vertienteglobal.com\/index.php?rest_route=%2Fwp%2Fv2%2Fcomments&post=154875"}],"version-history":[{"count":0,"href":"http:\/\/vertienteglobal.com\/index.php?rest_route=\/wp\/v2\/posts\/154875\/revisions"}],"wp:featuredmedia":[{"embeddable":true,"href":"http:\/\/vertienteglobal.com\/index.php?rest_route=\/wp\/v2\/media\/154876"}],"wp:attachment":[{"href":"http:\/\/vertienteglobal.com\/index.php?rest_route=%2Fwp%2Fv2%2Fmedia&parent=154875"}],"wp:term":[{"taxonomy":"category","embeddable":true,"href":"http:\/\/vertienteglobal.com\/index.php?rest_route=%2Fwp%2Fv2%2Fcategories&post=154875"},{"taxonomy":"post_tag","embeddable":true,"href":"http:\/\/vertienteglobal.com\/index.php?rest_route=%2Fwp%2Fv2%2Ftags&post=154875"}],"curies":[{"name":"wp","href":"https:\/\/api.w.org\/{rel}","templated":true}]}}