{"id":154737,"date":"2020-04-22T23:02:31","date_gmt":"2020-04-23T04:02:31","guid":{"rendered":"http:\/\/vertienteglobal.com\/?p=154737"},"modified":"2020-04-23T00:04:54","modified_gmt":"2020-04-23T05:04:54","slug":"remedios-para-combatir-el-insomnio-durante-la-cuarentena","status":"publish","type":"post","link":"http:\/\/vertienteglobal.com\/?p=154737","title":{"rendered":"Remedios para combatir el insomnio durante la cuarentena"},"content":{"rendered":"\n<div class=\"twitterbutton\" style=\"float: right; padding-left: 5px;\"><a href=\"http:\/\/twitter.com\/share\" class=\"twitter-share-button\" data-count=\"horizontal\" data-text=\"Remedios para combatir el insomnio durante la cuarentena\" data-via=\"https:\/\/twitter.com\/VertienteGloba1\" data-url=\"http:\/\/vertienteglobal.com\/?p=154737\" data-lang=\"es\" data-related=\"Informaci\u00f3n general:S\u00edguenos para que est\u00e9ss informado\"><\/a><\/div>\n<figure class=\"wp-block-gallery columns-1 is-cropped wp-block-gallery-1 is-layout-flex wp-block-gallery-is-layout-flex\"><ul class=\"blocks-gallery-grid\"><li class=\"blocks-gallery-item\"><figure><img loading=\"lazy\" decoding=\"async\" width=\"1024\" height=\"683\" src=\"http:\/\/vertienteglobal.com\/wp-content\/uploads\/2020\/04\/1097012.jpg\" alt=\"\" data-id=\"154738\" data-full-url=\"http:\/\/vertienteglobal.com\/wp-content\/uploads\/2020\/04\/1097012.jpg\" data-link=\"http:\/\/vertienteglobal.com\/?attachment_id=154738\" class=\"wp-image-154738\" srcset=\"http:\/\/vertienteglobal.com\/wp-content\/uploads\/2020\/04\/1097012.jpg 1024w, http:\/\/vertienteglobal.com\/wp-content\/uploads\/2020\/04\/1097012-300x200.jpg 300w, http:\/\/vertienteglobal.com\/wp-content\/uploads\/2020\/04\/1097012-150x100.jpg 150w, http:\/\/vertienteglobal.com\/wp-content\/uploads\/2020\/04\/1097012-768x512.jpg 768w\" sizes=\"auto, (max-width: 1024px) 100vw, 1024px\" \/><\/figure><\/li><\/ul><\/figure>\n\n\n\n<p>(Redacci\u00f3n)<\/p>\n\n\n\n<p>Mucha gente padece de insomnio, lo que afecta el rendimiento a lo largo del d\u00eda por la fatiga, sensaci\u00f3n de malestar o los problemas para concentrarse<\/p>\n\n\n\n<p>Ciudad de M\u00e9xico a 22 de abril de 2020.- El aislamiento provocado por el coronavirus ha alterado los horarios y rutinas de un gran n\u00famero de personas.<\/p>\n\n\n\n<p>Adem\u00e1s de estr\u00e9s o ansiedad, mucha gente padece de insomnio, lo que afecta el rendimiento a lo largo del d\u00eda por la fatiga, sensaci\u00f3n de malestar o los problemas para concentrarse, por ejemplo.<\/p>\n\n\n\n<p>Aqu\u00ed algunos remedios:<\/p>\n\n\n\n<p>Usa un edred\u00f3n pesado. De acuerdo con un estudio publicado por la Sociedad Espa\u00f1ola de Neurolog\u00eda, los espa\u00f1oles han encontrado un truco muy efectivo para lograr conciliar el sue\u00f1o: un edred\u00f3n pesado.<\/p>\n\n\n\n<p>La explicaci\u00f3n es que el peso del edred\u00f3n genera una presi\u00f3n llamada propioceptiva, que reduce el cortisol, que es una sustancia conocida como la hormona del estr\u00e9s, y aumenta la serotonina y melatonina, que son las hormonas de la felicidad y generan sensaci\u00f3n de bienestar.<\/p>\n\n\n\n<p>Adem\u00e1s, tambi\u00e9n existe un efecto psicol\u00f3gico que consiste en la asociaci\u00f3n de la presi\u00f3n que brindan los edredones a la de los padres que envuelven a sus hijos, por lo que genera una sensaci\u00f3n de protecci\u00f3n.Consume magnesio. Este mineral estimula la producci\u00f3n de melatonina; hormona que tambi\u00e9n es la encargada de hacer dormir al organismo.<\/p>\n\n\n\n<p>Toma un t\u00e9 de manzanilla. Es una bebida tranquilizante y relajante que reduce el estr\u00e9s. Una taza antes de dormir es suficiente para conciliar el sue\u00f1o. Para prepararla agrega un pu\u00f1o de manzanilla en \u00bc de agua, hierve por cinco minutos y espera otros cinco antes de ingerirla.<\/p>\n\n\n\n<p>Tomar un vaso de leche caliente. De acuerdo a Maija Valtonen, investigador de la Universidad Kuopio de Noruega, este m\u00e9todo es efectivo porque la leche de vaca tiene melatonina.<\/p>\n\n\n\n<p>Aceites esenciales. Los recomendados son el de melissa y lavanda. Pueden colocarse en hornillos para oler sus fragancias, rociarse en la cama, las s\u00e1banas y almohadas o en ba\u00f1os de inmersi\u00f3n, antes de acostarnos.<\/p>\n\n\n\n<p>Con estos remedios podr\u00e1s dormir mejor.<br>(Fuente: Exc\u00e9lsior)<\/p>\n","protected":false},"excerpt":{"rendered":"<p>(Redacci\u00f3n) Mucha gente padece de insomnio, lo que afecta el rendimiento a lo largo del d\u00eda por la fatiga, sensaci\u00f3n de malestar o los problemas para concentrarse Ciudad de M\u00e9xico a 22 de abril de 2020.- El aislamiento provocado por el coronavirus ha alterado los horarios y rutinas de un gran n\u00famero de personas. Adem\u00e1s [&hellip;]<\/p>\n","protected":false},"author":1,"featured_media":154738,"comment_status":"open","ping_status":"open","sticky":false,"template":"","format":"standard","meta":{"footnotes":""},"categories":[8],"tags":[],"class_list":["post-154737","post","type-post","status-publish","format-standard","has-post-thumbnail","hentry","category-pais","entry","has-media"],"jetpack_featured_media_url":"http:\/\/vertienteglobal.com\/wp-content\/uploads\/2020\/04\/1097012.jpg","_links":{"self":[{"href":"http:\/\/vertienteglobal.com\/index.php?rest_route=\/wp\/v2\/posts\/154737","targetHints":{"allow":["GET"]}}],"collection":[{"href":"http:\/\/vertienteglobal.com\/index.php?rest_route=\/wp\/v2\/posts"}],"about":[{"href":"http:\/\/vertienteglobal.com\/index.php?rest_route=\/wp\/v2\/types\/post"}],"author":[{"embeddable":true,"href":"http:\/\/vertienteglobal.com\/index.php?rest_route=\/wp\/v2\/users\/1"}],"replies":[{"embeddable":true,"href":"http:\/\/vertienteglobal.com\/index.php?rest_route=%2Fwp%2Fv2%2Fcomments&post=154737"}],"version-history":[{"count":0,"href":"http:\/\/vertienteglobal.com\/index.php?rest_route=\/wp\/v2\/posts\/154737\/revisions"}],"wp:featuredmedia":[{"embeddable":true,"href":"http:\/\/vertienteglobal.com\/index.php?rest_route=\/wp\/v2\/media\/154738"}],"wp:attachment":[{"href":"http:\/\/vertienteglobal.com\/index.php?rest_route=%2Fwp%2Fv2%2Fmedia&parent=154737"}],"wp:term":[{"taxonomy":"category","embeddable":true,"href":"http:\/\/vertienteglobal.com\/index.php?rest_route=%2Fwp%2Fv2%2Fcategories&post=154737"},{"taxonomy":"post_tag","embeddable":true,"href":"http:\/\/vertienteglobal.com\/index.php?rest_route=%2Fwp%2Fv2%2Ftags&post=154737"}],"curies":[{"name":"wp","href":"https:\/\/api.w.org\/{rel}","templated":true}]}}