{"id":154721,"date":"2020-04-22T21:42:00","date_gmt":"2020-04-23T02:42:00","guid":{"rendered":"http:\/\/vertienteglobal.com\/?p=154721"},"modified":"2020-04-22T23:41:16","modified_gmt":"2020-04-23T04:41:16","slug":"escasez-de-cerveza-llevara-a-la-quiebra-de-establecimientos-por-covid19-comerciantes-de-cancun","status":"publish","type":"post","link":"http:\/\/vertienteglobal.com\/?p=154721","title":{"rendered":"Escasez de cerveza llevar\u00e1 a la quiebra de establecimientos por COVID19: Comerciantes de Canc\u00fan"},"content":{"rendered":"\n<div class=\"twitterbutton\" style=\"float: right; padding-left: 5px;\"><a href=\"http:\/\/twitter.com\/share\" class=\"twitter-share-button\" data-count=\"horizontal\" data-text=\"Escasez de cerveza llevar\u00e1 a la quiebra de establecimientos por COVID19: Comerc...\" data-via=\"https:\/\/twitter.com\/VertienteGloba1\" data-url=\"http:\/\/vertienteglobal.com\/?p=154721\" data-lang=\"es\" data-related=\"Informaci\u00f3n general:S\u00edguenos para que est\u00e9ss informado\"><\/a><\/div>\n<figure class=\"wp-block-gallery columns-1 is-cropped wp-block-gallery-1 is-layout-flex wp-block-gallery-is-layout-flex\"><ul class=\"blocks-gallery-grid\"><li class=\"blocks-gallery-item\"><figure><img loading=\"lazy\" decoding=\"async\" width=\"1024\" height=\"670\" src=\"http:\/\/vertienteglobal.com\/wp-content\/uploads\/2020\/04\/20200408_174145_Film3-2-1024x670.jpg\" alt=\"\" data-id=\"154723\" data-full-url=\"http:\/\/vertienteglobal.com\/wp-content\/uploads\/2020\/04\/20200408_174145_Film3-2-scaled.jpg\" data-link=\"http:\/\/vertienteglobal.com\/?attachment_id=154723\" class=\"wp-image-154723\" srcset=\"http:\/\/vertienteglobal.com\/wp-content\/uploads\/2020\/04\/20200408_174145_Film3-2-1024x670.jpg 1024w, http:\/\/vertienteglobal.com\/wp-content\/uploads\/2020\/04\/20200408_174145_Film3-2-300x196.jpg 300w, http:\/\/vertienteglobal.com\/wp-content\/uploads\/2020\/04\/20200408_174145_Film3-2-150x98.jpg 150w, http:\/\/vertienteglobal.com\/wp-content\/uploads\/2020\/04\/20200408_174145_Film3-2-768x502.jpg 768w, http:\/\/vertienteglobal.com\/wp-content\/uploads\/2020\/04\/20200408_174145_Film3-2-1536x1005.jpg 1536w, http:\/\/vertienteglobal.com\/wp-content\/uploads\/2020\/04\/20200408_174145_Film3-2-2048x1340.jpg 2048w\" sizes=\"auto, (max-width: 1024px) 100vw, 1024px\" \/><\/figure><\/li><\/ul><\/figure>\n\n\n\n<p>(Redacci\u00f3n)<\/p>\n\n\n\n<p>Cadenas comerciales se constat\u00f3 tambi\u00e9n como los anaqueles y refrigeradores est\u00e1n pr\u00e1cticamente vac\u00edos, otros mantienen la venta de licores que tambi\u00e9n est\u00e1 teniendo fuerte demanda<\/p>\n\n\n\n<p>Canc\u00fan, Quintana Roo a 22 de abril de 2020.- Algunos establecimientos dedicados cadenas comerciales se constat\u00f3 tambi\u00e9n como los anaqueles y refrigeradores est\u00e1n pr\u00e1cticamente vac\u00edos, otros mantienen la venta de licores que tambi\u00e9n est\u00e1 teniendo fuerte demanda.<br>a la venta de bebidas alcoh\u00f3licas denuncian que ante el desbasto de cervezas en Canc\u00fan, est\u00e1n en \u201cgraves aprietos\u201d y a punto de irse a la quiebra porque sus principales ingresos se concentrar\u00e1n en este producto.<\/p>\n\n\n\n<p>Y es que luego de que en supermercados, minisuper y diversas tiendas de conveniencia comienzan a reflejar escasez del producto desde el pasado fin de semana.<\/p>\n\n\n\n<p>El propietario de un mini s\u00faper, Alejandro Amador, sostuvo: \u201cNos han informado que nos van a traer m\u00e1s cerveza, pero nos surten muy poco de la cantidad que pedimos, nos dicen que tampoco est\u00e1 llegando a Canc\u00fan y por eso no pueden distribuir m\u00e1s\u201d.<\/p>\n\n\n\n<p>Afirm\u00f3 que la venta de abarrotes con las que combinan sus ingresos en este tipo de establecimientos no se compara con los ingresos que les deja la venta de cervezas, por lo que este mes no podr\u00e1n cumplir con los compromisos de pago a proveedores, de patente y rentas de los establecimientos.<\/p>\n\n\n\n<p>Por su parte, la encargada de otro negocio, se\u00f1al\u00f3: \u00abMi venta de abarrotes es muy bajo, la gente casi no viene a comprar y si compra es en peque\u00f1as cantidades, la mayor\u00eda se surte en los supermercados para no estar saliendo y eso pues s\u00ed nos afecta en la venta del d\u00eda\u201d.<\/p>\n\n\n\n<p>En un recorrido por cadenas comerciales se constat\u00f3 tambi\u00e9n como los anaqueles y refrigeradores est\u00e1n pr\u00e1cticamente vac\u00edos, otros mantienen la venta de licores que tambi\u00e9n est\u00e1 teniendo fuerte demanda.<\/p>\n\n\n\n<p>Cabe destacar que ante la escasez de cervezas, los establecimientos que a\u00fan cuentan con estos productos han elevado sus precios, seg\u00fan refieren consumidores, productos que no superaban los 40 pesos por el six, actualmente los est\u00e1n comercializando hasta en 90 pesos.<\/p>\n\n\n\n<figure class=\"wp-block-gallery columns-1 is-cropped wp-block-gallery-2 is-layout-flex wp-block-gallery-is-layout-flex\"><ul class=\"blocks-gallery-grid\"><li class=\"blocks-gallery-item\"><figure><img loading=\"lazy\" decoding=\"async\" width=\"833\" height=\"1024\" src=\"http:\/\/vertienteglobal.com\/wp-content\/uploads\/2020\/04\/20200408_174145_Film3-3-833x1024.jpg\" alt=\"\" data-id=\"154722\" data-full-url=\"http:\/\/vertienteglobal.com\/wp-content\/uploads\/2020\/04\/20200408_174145_Film3-3.jpg\" data-link=\"http:\/\/vertienteglobal.com\/?attachment_id=154722\" class=\"wp-image-154722\" srcset=\"http:\/\/vertienteglobal.com\/wp-content\/uploads\/2020\/04\/20200408_174145_Film3-3-833x1024.jpg 833w, http:\/\/vertienteglobal.com\/wp-content\/uploads\/2020\/04\/20200408_174145_Film3-3-244x300.jpg 244w, http:\/\/vertienteglobal.com\/wp-content\/uploads\/2020\/04\/20200408_174145_Film3-3-122x150.jpg 122w, http:\/\/vertienteglobal.com\/wp-content\/uploads\/2020\/04\/20200408_174145_Film3-3-768x944.jpg 768w, http:\/\/vertienteglobal.com\/wp-content\/uploads\/2020\/04\/20200408_174145_Film3-3-1250x1536.jpg 1250w, http:\/\/vertienteglobal.com\/wp-content\/uploads\/2020\/04\/20200408_174145_Film3-3-1667x2048.jpg 1667w, http:\/\/vertienteglobal.com\/wp-content\/uploads\/2020\/04\/20200408_174145_Film3-3.jpg 2017w\" sizes=\"auto, (max-width: 833px) 100vw, 833px\" \/><\/figure><\/li><\/ul><\/figure>\n","protected":false},"excerpt":{"rendered":"<p>(Redacci\u00f3n) Cadenas comerciales se constat\u00f3 tambi\u00e9n como los anaqueles y refrigeradores est\u00e1n pr\u00e1cticamente vac\u00edos, otros mantienen la venta de licores que tambi\u00e9n est\u00e1 teniendo fuerte demanda Canc\u00fan, Quintana Roo a 22 de abril de 2020.- Algunos establecimientos dedicados cadenas comerciales se constat\u00f3 tambi\u00e9n como los anaqueles y refrigeradores est\u00e1n pr\u00e1cticamente vac\u00edos, otros mantienen la venta [&hellip;]<\/p>\n","protected":false},"author":1,"featured_media":154723,"comment_status":"open","ping_status":"open","sticky":false,"template":"","format":"standard","meta":{"footnotes":""},"categories":[3],"tags":[],"class_list":["post-154721","post","type-post","status-publish","format-standard","has-post-thumbnail","hentry","category-quintana-roo","entry","has-media"],"jetpack_featured_media_url":"http:\/\/vertienteglobal.com\/wp-content\/uploads\/2020\/04\/20200408_174145_Film3-2-scaled.jpg","_links":{"self":[{"href":"http:\/\/vertienteglobal.com\/index.php?rest_route=\/wp\/v2\/posts\/154721","targetHints":{"allow":["GET"]}}],"collection":[{"href":"http:\/\/vertienteglobal.com\/index.php?rest_route=\/wp\/v2\/posts"}],"about":[{"href":"http:\/\/vertienteglobal.com\/index.php?rest_route=\/wp\/v2\/types\/post"}],"author":[{"embeddable":true,"href":"http:\/\/vertienteglobal.com\/index.php?rest_route=\/wp\/v2\/users\/1"}],"replies":[{"embeddable":true,"href":"http:\/\/vertienteglobal.com\/index.php?rest_route=%2Fwp%2Fv2%2Fcomments&post=154721"}],"version-history":[{"count":0,"href":"http:\/\/vertienteglobal.com\/index.php?rest_route=\/wp\/v2\/posts\/154721\/revisions"}],"wp:featuredmedia":[{"embeddable":true,"href":"http:\/\/vertienteglobal.com\/index.php?rest_route=\/wp\/v2\/media\/154723"}],"wp:attachment":[{"href":"http:\/\/vertienteglobal.com\/index.php?rest_route=%2Fwp%2Fv2%2Fmedia&parent=154721"}],"wp:term":[{"taxonomy":"category","embeddable":true,"href":"http:\/\/vertienteglobal.com\/index.php?rest_route=%2Fwp%2Fv2%2Fcategories&post=154721"},{"taxonomy":"post_tag","embeddable":true,"href":"http:\/\/vertienteglobal.com\/index.php?rest_route=%2Fwp%2Fv2%2Ftags&post=154721"}],"curies":[{"name":"wp","href":"https:\/\/api.w.org\/{rel}","templated":true}]}}