{"id":154641,"date":"2020-04-22T08:36:00","date_gmt":"2020-04-22T13:36:00","guid":{"rendered":"http:\/\/vertienteglobal.com\/?p=154641"},"modified":"2020-04-22T12:01:53","modified_gmt":"2020-04-22T17:01:53","slug":"las-estaciones-del-metro-metrobus-y-tren-ligero-que-cerraran-por-fase-3-de-covid-19","status":"publish","type":"post","link":"http:\/\/vertienteglobal.com\/?p=154641","title":{"rendered":"Las estaciones del Metro, Metrob\u00fas y Tren Ligero que cerrar\u00e1n por Fase 3 de COVID-19"},"content":{"rendered":"\n<div class=\"twitterbutton\" style=\"float: right; padding-left: 5px;\"><a href=\"http:\/\/twitter.com\/share\" class=\"twitter-share-button\" data-count=\"horizontal\" data-text=\"Las estaciones del Metro, Metrob\u00fas y Tren Ligero que cerrar\u00e1n por Fase 3 de CO...\" data-via=\"https:\/\/twitter.com\/VertienteGloba1\" data-url=\"http:\/\/vertienteglobal.com\/?p=154641\" data-lang=\"es\" data-related=\"Informaci\u00f3n general:S\u00edguenos para que est\u00e9ss informado\"><\/a><\/div>\n<figure class=\"wp-block-gallery columns-2 is-cropped wp-block-gallery-1 is-layout-flex wp-block-gallery-is-layout-flex\"><ul class=\"blocks-gallery-grid\"><li class=\"blocks-gallery-item\"><figure><img loading=\"lazy\" decoding=\"async\" width=\"966\" height=\"1024\" src=\"http:\/\/vertienteglobal.com\/wp-content\/uploads\/2020\/04\/IMG_20200422_084856-966x1024.jpg\" alt=\"\" data-id=\"154643\" data-link=\"http:\/\/vertienteglobal.com\/?attachment_id=154643\" class=\"wp-image-154643\" srcset=\"http:\/\/vertienteglobal.com\/wp-content\/uploads\/2020\/04\/IMG_20200422_084856-966x1024.jpg 966w, http:\/\/vertienteglobal.com\/wp-content\/uploads\/2020\/04\/IMG_20200422_084856-283x300.jpg 283w, http:\/\/vertienteglobal.com\/wp-content\/uploads\/2020\/04\/IMG_20200422_084856-141x150.jpg 141w, http:\/\/vertienteglobal.com\/wp-content\/uploads\/2020\/04\/IMG_20200422_084856-768x814.jpg 768w, http:\/\/vertienteglobal.com\/wp-content\/uploads\/2020\/04\/IMG_20200422_084856.jpg 1207w\" sizes=\"auto, (max-width: 966px) 100vw, 966px\" \/><\/figure><\/li><li class=\"blocks-gallery-item\"><figure><img loading=\"lazy\" decoding=\"async\" width=\"966\" height=\"1024\" src=\"http:\/\/vertienteglobal.com\/wp-content\/uploads\/2020\/04\/IMG_20200422_081244-966x1024.jpg\" alt=\"\" data-id=\"154644\" data-full-url=\"http:\/\/vertienteglobal.com\/wp-content\/uploads\/2020\/04\/IMG_20200422_081244.jpg\" data-link=\"http:\/\/vertienteglobal.com\/?attachment_id=154644\" class=\"wp-image-154644\" srcset=\"http:\/\/vertienteglobal.com\/wp-content\/uploads\/2020\/04\/IMG_20200422_081244-966x1024.jpg 966w, http:\/\/vertienteglobal.com\/wp-content\/uploads\/2020\/04\/IMG_20200422_081244-283x300.jpg 283w, http:\/\/vertienteglobal.com\/wp-content\/uploads\/2020\/04\/IMG_20200422_081244-141x150.jpg 141w, http:\/\/vertienteglobal.com\/wp-content\/uploads\/2020\/04\/IMG_20200422_081244-768x814.jpg 768w, http:\/\/vertienteglobal.com\/wp-content\/uploads\/2020\/04\/IMG_20200422_081244.jpg 1207w\" sizes=\"auto, (max-width: 966px) 100vw, 966px\" \/><\/figure><\/li><\/ul><\/figure>\n\n\n\n<p>(Redacci\u00f3n)<\/p>\n\n\n\n<p>Inform\u00f3 que en total, 38 estaciones del Sistema de Transporte Colectivo (STC) Metro, 47 de Metrob\u00fas y cuatro de Tren Ligero permanecer\u00e1n sin servicio, debido al bajo registro de pasajeros al d\u00eda<\/p>\n\n\n\n<p>Ciudad de M\u00e9xico a 22 de abril de 2020.- La Secretar\u00eda de Movilidad dio a conocer las estaciones del Metro, Metrob\u00fas y Tren Ligero que cerrar\u00e1n ante la Fase 3 de COVID-19<\/p>\n\n\n\n<p>Y es que la Secretaria de Movilidad del Gobierno de la Ciudad de M\u00e9xico inform\u00f3 que, como parte de las medidas implementadas por en la Fase 3 del coronavirus COVID-19, a partir del 23 de abril habr\u00e1 cierre temporal del 20 por ciento de las estaciones con menor demanda en los sistemas de transporte que conforman la Red de Movilidad Integrada, con la finalidad de aumentar la frecuencia de paso en las estaciones de mayor demanda y disminuir aglomeraciones.<\/p>\n\n\n\n<p>Inform\u00f3 que en total, 38 estaciones del Sistema de Transporte Colectivo (STC) Metro, 47 de Metrob\u00fas y cuatro de Tren Ligero permanecer\u00e1n sin servicio, debido al bajo registro de pasajeros al d\u00eda.<\/p>\n\n\n\n<p>Aqu\u00ed las estaciones que cerrar\u00e1 el gobierno capitalino:<\/p>\n\n\n\n<p>Sistema de Transporte Colectivo Metro 1<\/p>\n\n\n\n<p>Juanacatl\u00e1n<br>Allende, Panteones, Popotla y Villa de Cort\u00e9s<\/p>\n\n\n\n<p>(sin cierres)<\/p>\n\n\n\n<p>Bondojito, Canal del Norte, Fray Servando y Talism\u00e1n<\/p>\n\n\n\n<p>Arag\u00f3n, Eduardo Molina, Hangares, Misterios y Valle G\u00f3mez<\/p>\n\n\n\n<p>Lindavista, Norte 45 y Tezoz\u00f3moc<\/p>\n\n\n\n<p>Constituyentes, Refiner\u00eda y San Antonio<\/p>\n\n\n\n<p>Aculco, Cerro de la Estrella, La Viga y Obrera<\/p>\n\n\n\n<p>Ciudad Deportiva, L\u00e1zaro C\u00e1rdenas, Mixiuhca y Vel\u00f3dromo<\/p>\n\n\n\n<p>Eje Central, San Andr\u00e9s Tomatl\u00e1n y Tlaltenco<\/p>\n\n\n\n<p>Agr\u00edcola Oriental, Canal de San Juan y Pe\u00f1\u00f3n Viejo<\/p>\n\n\n\n<p>Deportivo Ocean\u00eda, Ol\u00edmpica, Romero Rubio y Tepito<\/p>\n\n\n\n<p>Metrob\u00fas 1<\/p>\n\n\n\n<p>San Sim\u00f3n, Buenavista II, El Chopo, Campeche, N\u00e1poles, Cd. de los Deportes, Francia, Olivo, C.U y C.C.U.<br>Nicol\u00e1s Bravo, Del Moral, CCH Oriente, R\u00edo Tecolutla, \u00c1lamos, Dr. V\u00e9rtiz, Escand\u00f3n y Antonio Maceo<\/p>\n\n\n\n<p>Poniente 146, Poniente 134, H\u00e9roe de Nacozari, La Raza, Ricardo Flores Mag\u00f3n, Buenavista III y<br>Obrero Mundial.<\/p>\n\n\n\n<p>(sin cierres)<\/p>\n\n\n\n<p>5 de Mayo, Preparatoria 3, R\u00edo Guadalupe, Victoria, R\u00edo Santa Coleta y Archivo General de la Naci\u00f3n<\/p>\n\n\n\n<p>Ferrocarriles Nacionales, San Bartolo, De los Misterios, Pueblo San Juan de Arag\u00f3n, 416 Poniente, Ampliaci\u00f3n Providencia, 482, 416 Oriente y Francisco Moraz\u00e1n<\/p>\n\n\n\n<p>Hospital Infantil La Villa, Necaxa, Clave, Glorieta Violeta, Par\u00eds, La Diana y Antropolog\u00eda<\/p>\n\n\n\n<p>Tren Ligero Las Torres, Xotepingo, Tepepan, Francisco Goitia<br>ECOBICI CE 90 Cicloestaci\u00f3n 90 Pino Su\u00e1rez-Corregidora (por cierre de la explanada)<\/p>\n\n\n\n<p>El servicio operar\u00e1 de manera cotidiana y las personas usuarias podr\u00e1n hacer viajes de una hora por bicicleta.<\/p>\n\n\n\n<figure class=\"wp-block-gallery columns-1 is-cropped wp-block-gallery-2 is-layout-flex wp-block-gallery-is-layout-flex\"><ul class=\"blocks-gallery-grid\"><li class=\"blocks-gallery-item\"><figure><img loading=\"lazy\" decoding=\"async\" width=\"966\" height=\"1024\" src=\"http:\/\/vertienteglobal.com\/wp-content\/uploads\/2020\/04\/IMG_20200422_084856-966x1024.jpg\" alt=\"\" data-id=\"154643\" data-full-url=\"http:\/\/vertienteglobal.com\/wp-content\/uploads\/2020\/04\/IMG_20200422_084856.jpg\" data-link=\"http:\/\/vertienteglobal.com\/?attachment_id=154643\" class=\"wp-image-154643\" srcset=\"http:\/\/vertienteglobal.com\/wp-content\/uploads\/2020\/04\/IMG_20200422_084856-966x1024.jpg 966w, http:\/\/vertienteglobal.com\/wp-content\/uploads\/2020\/04\/IMG_20200422_084856-283x300.jpg 283w, http:\/\/vertienteglobal.com\/wp-content\/uploads\/2020\/04\/IMG_20200422_084856-141x150.jpg 141w, http:\/\/vertienteglobal.com\/wp-content\/uploads\/2020\/04\/IMG_20200422_084856-768x814.jpg 768w, http:\/\/vertienteglobal.com\/wp-content\/uploads\/2020\/04\/IMG_20200422_084856.jpg 1207w\" sizes=\"auto, (max-width: 966px) 100vw, 966px\" \/><\/figure><\/li><\/ul><\/figure>\n\n\n\n<figure class=\"wp-block-gallery columns-1 is-cropped wp-block-gallery-3 is-layout-flex wp-block-gallery-is-layout-flex\"><ul class=\"blocks-gallery-grid\"><li class=\"blocks-gallery-item\"><figure><img loading=\"lazy\" decoding=\"async\" width=\"966\" height=\"1024\" src=\"http:\/\/vertienteglobal.com\/wp-content\/uploads\/2020\/04\/IMG_20200422_081244-966x1024.jpg\" alt=\"\" data-id=\"154644\" data-full-url=\"http:\/\/vertienteglobal.com\/wp-content\/uploads\/2020\/04\/IMG_20200422_081244.jpg\" data-link=\"http:\/\/vertienteglobal.com\/?attachment_id=154644\" class=\"wp-image-154644\" srcset=\"http:\/\/vertienteglobal.com\/wp-content\/uploads\/2020\/04\/IMG_20200422_081244-966x1024.jpg 966w, http:\/\/vertienteglobal.com\/wp-content\/uploads\/2020\/04\/IMG_20200422_081244-283x300.jpg 283w, http:\/\/vertienteglobal.com\/wp-content\/uploads\/2020\/04\/IMG_20200422_081244-141x150.jpg 141w, http:\/\/vertienteglobal.com\/wp-content\/uploads\/2020\/04\/IMG_20200422_081244-768x814.jpg 768w, http:\/\/vertienteglobal.com\/wp-content\/uploads\/2020\/04\/IMG_20200422_081244.jpg 1207w\" sizes=\"auto, (max-width: 966px) 100vw, 966px\" \/><\/figure><\/li><\/ul><\/figure>\n\n\n\n<figure class=\"wp-block-gallery columns-1 is-cropped wp-block-gallery-4 is-layout-flex wp-block-gallery-is-layout-flex\"><ul class=\"blocks-gallery-grid\"><li class=\"blocks-gallery-item\"><figure><img loading=\"lazy\" decoding=\"async\" width=\"731\" height=\"946\" src=\"http:\/\/vertienteglobal.com\/wp-content\/uploads\/2020\/04\/IMG_20200422_081346.jpg\" alt=\"\" data-id=\"154645\" data-full-url=\"http:\/\/vertienteglobal.com\/wp-content\/uploads\/2020\/04\/IMG_20200422_081346.jpg\" data-link=\"http:\/\/vertienteglobal.com\/?attachment_id=154645\" class=\"wp-image-154645\" srcset=\"http:\/\/vertienteglobal.com\/wp-content\/uploads\/2020\/04\/IMG_20200422_081346.jpg 731w, http:\/\/vertienteglobal.com\/wp-content\/uploads\/2020\/04\/IMG_20200422_081346-232x300.jpg 232w, http:\/\/vertienteglobal.com\/wp-content\/uploads\/2020\/04\/IMG_20200422_081346-116x150.jpg 116w\" sizes=\"auto, (max-width: 731px) 100vw, 731px\" \/><\/figure><\/li><\/ul><\/figure>\n","protected":false},"excerpt":{"rendered":"<p>(Redacci\u00f3n) Inform\u00f3 que en total, 38 estaciones del Sistema de Transporte Colectivo (STC) Metro, 47 de Metrob\u00fas y cuatro de Tren Ligero permanecer\u00e1n sin servicio, debido al bajo registro de pasajeros al d\u00eda Ciudad de M\u00e9xico a 22 de abril de 2020.- La Secretar\u00eda de Movilidad dio a conocer las estaciones del Metro, Metrob\u00fas y [&hellip;]<\/p>\n","protected":false},"author":1,"featured_media":154660,"comment_status":"open","ping_status":"open","sticky":false,"template":"","format":"standard","meta":{"footnotes":""},"categories":[8],"tags":[],"class_list":["post-154641","post","type-post","status-publish","format-standard","has-post-thumbnail","hentry","category-pais","entry","has-media"],"jetpack_featured_media_url":"http:\/\/vertienteglobal.com\/wp-content\/uploads\/2020\/04\/IMG_20200422_075700.jpg","_links":{"self":[{"href":"http:\/\/vertienteglobal.com\/index.php?rest_route=\/wp\/v2\/posts\/154641","targetHints":{"allow":["GET"]}}],"collection":[{"href":"http:\/\/vertienteglobal.com\/index.php?rest_route=\/wp\/v2\/posts"}],"about":[{"href":"http:\/\/vertienteglobal.com\/index.php?rest_route=\/wp\/v2\/types\/post"}],"author":[{"embeddable":true,"href":"http:\/\/vertienteglobal.com\/index.php?rest_route=\/wp\/v2\/users\/1"}],"replies":[{"embeddable":true,"href":"http:\/\/vertienteglobal.com\/index.php?rest_route=%2Fwp%2Fv2%2Fcomments&post=154641"}],"version-history":[{"count":0,"href":"http:\/\/vertienteglobal.com\/index.php?rest_route=\/wp\/v2\/posts\/154641\/revisions"}],"wp:featuredmedia":[{"embeddable":true,"href":"http:\/\/vertienteglobal.com\/index.php?rest_route=\/wp\/v2\/media\/154660"}],"wp:attachment":[{"href":"http:\/\/vertienteglobal.com\/index.php?rest_route=%2Fwp%2Fv2%2Fmedia&parent=154641"}],"wp:term":[{"taxonomy":"category","embeddable":true,"href":"http:\/\/vertienteglobal.com\/index.php?rest_route=%2Fwp%2Fv2%2Fcategories&post=154641"},{"taxonomy":"post_tag","embeddable":true,"href":"http:\/\/vertienteglobal.com\/index.php?rest_route=%2Fwp%2Fv2%2Ftags&post=154641"}],"curies":[{"name":"wp","href":"https:\/\/api.w.org\/{rel}","templated":true}]}}