{"id":154608,"date":"2020-04-21T21:42:00","date_gmt":"2020-04-22T02:42:00","guid":{"rendered":"http:\/\/vertienteglobal.com\/?p=154608"},"modified":"2020-04-21T23:24:51","modified_gmt":"2020-04-22T04:24:51","slug":"blindada-entrega-de-despensas-por-fuerzas-castrenses","status":"publish","type":"post","link":"http:\/\/vertienteglobal.com\/?p=154608","title":{"rendered":"Blindada entrega de despensas por fuerzas castrenses"},"content":{"rendered":"\n<div class=\"twitterbutton\" style=\"float: right; padding-left: 5px;\"><a href=\"http:\/\/twitter.com\/share\" class=\"twitter-share-button\" data-count=\"horizontal\" data-text=\"Blindada entrega de despensas por fuerzas castrenses\" data-via=\"https:\/\/twitter.com\/VertienteGloba1\" data-url=\"http:\/\/vertienteglobal.com\/?p=154608\" data-lang=\"es\" data-related=\"Informaci\u00f3n general:S\u00edguenos para que est\u00e9ss informado\"><\/a><\/div>\n<figure class=\"wp-block-gallery columns-1 is-cropped wp-block-gallery-1 is-layout-flex wp-block-gallery-is-layout-flex\"><ul class=\"blocks-gallery-grid\"><li class=\"blocks-gallery-item\"><figure><img loading=\"lazy\" decoding=\"async\" width=\"1024\" height=\"682\" src=\"http:\/\/vertienteglobal.com\/wp-content\/uploads\/2020\/04\/181eea1f-8afe-4992-b3ba-e54dd69109b6-1024x682.jpg\" alt=\"\" data-id=\"154609\" data-full-url=\"http:\/\/vertienteglobal.com\/wp-content\/uploads\/2020\/04\/181eea1f-8afe-4992-b3ba-e54dd69109b6.jpg\" data-link=\"http:\/\/vertienteglobal.com\/?attachment_id=154609\" class=\"wp-image-154609\" srcset=\"http:\/\/vertienteglobal.com\/wp-content\/uploads\/2020\/04\/181eea1f-8afe-4992-b3ba-e54dd69109b6-1024x682.jpg 1024w, http:\/\/vertienteglobal.com\/wp-content\/uploads\/2020\/04\/181eea1f-8afe-4992-b3ba-e54dd69109b6-300x200.jpg 300w, http:\/\/vertienteglobal.com\/wp-content\/uploads\/2020\/04\/181eea1f-8afe-4992-b3ba-e54dd69109b6-150x100.jpg 150w, http:\/\/vertienteglobal.com\/wp-content\/uploads\/2020\/04\/181eea1f-8afe-4992-b3ba-e54dd69109b6-768x512.jpg 768w, http:\/\/vertienteglobal.com\/wp-content\/uploads\/2020\/04\/181eea1f-8afe-4992-b3ba-e54dd69109b6.jpg 1280w\" sizes=\"auto, (max-width: 1024px) 100vw, 1024px\" \/><\/figure><\/li><\/ul><\/figure>\n\n\n\n<p>(Antonio Rivera)<\/p>\n\n\n\n<p>Se lleva un avance de 82.72% en la entrega de ayuda alimentaria<\/p>\n\n\n\n<p>Canc\u00fan, Quintana Roo, a 21 de abril de 2020.- En el marco del anuncio de la Secretar\u00eda de Salud Federal de la entrada de M\u00e9xico a la Fase III de la pandemia por Covid-19, la Presidente Municipal, Mara Lezama, anunci\u00f3 que contin\u00faa la entrega de ayuda alimentaria cumpliendo con los estrictos protocolos sanitarios y medidas de prevenci\u00f3n, proceso adem\u00e1s debidamente transparentado.<\/p>\n\n\n\n<p>Y es que durante su transmisi\u00f3n en vivo v\u00eda redes sociales, en la que se mantiene en contacto con los ciudadanos para darles a conocer la informaci\u00f3n actual sobre el nuevo Coronavirus, la Primera Autoridad Municipal anunci\u00f3 que hasta el momento, en la entrega de apoyos alimentarios se lleva un avance del 82.72 por ciento, en esta primera fase; el trabajo se est\u00e1 haciendo con un gran esfuerzo de los gobiernos municipal y estatal, as\u00ed como voluntarios en coordinaci\u00f3n con la Marina, Ej\u00e9rcito, Guardia Nacional y Polic\u00eda Quintana Roo.<\/p>\n\n\n\n<p>Aclar\u00f3 detalles sobre la entrega de la ayuda alimentaria, que inicia desde que llega a las instalaciones del Ej\u00e9rcito en donde no las toca nadie m\u00e1s, y dej\u00f3 claro el proceso de transparencia en la adquisici\u00f3n y repartici\u00f3n de los apoyos.<\/p>\n\n\n\n<p>\u201cSobre las despensas que forman parte del apoyo alimentario y que el municipio de Benito Ju\u00e1rez financia, este logro se hizo a trav\u00e9s del Fideicomiso del Derecho de Saneamiento, que es un instrumento transparente, en el que los egresos e ingresos pasan por un comit\u00e9. No se puede sacar a discreci\u00f3n ninguna despensa, quien le diga otra cosa les est\u00e1 mintiendo y los est\u00e1n enga\u00f1ando\u201d, dijo con firmeza.<\/p>\n\n\n\n<p>Destac\u00f3 que para que todas las personas en situaci\u00f3n vulnerable reciban su ayuda, se puso a disposici\u00f3n de la ciudadan\u00eda el n\u00famero de tel\u00e9fono de WhatsApp 998 2585588 en el cual pueden ponerse en contacto en caso que no hayan recibido la ayuda a pesar de que el convoy haya pasado por la colonia donde se viva, por lo que es importante que env\u00ede un mensaje con su nombre completo, direcci\u00f3n exacta y un tel\u00e9fono al que se puedan comunicar con alguna persona, y para dudas de la entrega por parte del Gobierno Estatal se deber\u00e1 llamar al 983 9800552.<\/p>\n\n\n\n<p>Con referencia al anuncio del Subsecretario de Prevenci\u00f3n y Promoci\u00f3n de la Salud a nivel federal, Hugo L\u00f3pez-Gatell, sobre de la entrada de la Fase III en M\u00e9xico, Mara Lezama fue enf\u00e1tica al recordar las recomendaciones a los ciudadanos y pidi\u00f3 se tomara con mucha seriedad esta etapa, ya que de acuerdo con la informaci\u00f3n emitida por la Secretar\u00eda de Salud Federal, es en estos momentos en que la transmisi\u00f3n se acelera y se podr\u00edan acumular gran n\u00famero de casos y de hospitalizaciones, por lo que se deben reforzar las medidas para que sean los m\u00ednimos posibles.<\/p>\n\n\n\n<p>\u201cNo permitir que entre a nuestro cuerpo el virus, lo podemos hacer de manera particular, cada persona y estaremos triunfando en lo colectivo. Estamos en Fase III, toma las medidas de prevenci\u00f3n, cuida a los tuyos sobre todo a los m\u00e1s vulnerables. Pon tus barreras protectoras. Qu\u00e9date en casa. Hay que salvar vidas\u201d, dijo Mara Lezama.<\/p>\n\n\n\n<p>Finalmente, la Primera Edil comparti\u00f3 la informaci\u00f3n emitida por la Secretar\u00eda de Educaci\u00f3n sobre el regreso a clases y las actividades escolares para que los alumnos no presenten retraso en su aprendizaje e hizo un reconocimiento a los integrantes y voluntarios de la Cruz Roja Canc\u00fan por la labor que realizan las 24 horas del d\u00eda, los siete d\u00edas de la semana.<\/p>\n\n\n\n<p>COMPLEMENTOS INFORMATIVOS<\/p>\n\n\n\n<p>CITA TEXTUAL:<\/p>\n\n\n\n<p>\u201cQu\u00e9date en casa, estamos en la Fase III hay que agudizar todas las medidas para que nadie salga del hogar, solo exclusivamente a actividades esenciales\u201d.<\/p>\n\n\n\n<p>Mara Lezama, Presidente Municipal de Benito Ju\u00e1rez.<\/p>\n\n\n\n<p>CAJA DE DATOS:<\/p>\n\n\n\n<p>Recomendaciones para prevenir el contagio por COVID-19:<\/p>\n\n\n\n<p>Lavarse las manos frecuentemente con agua y jab\u00f3n.<\/p>\n\n\n\n<p>Cubrirse nariz y boca con el lado interno del brazo al toser y estornudar; usar pa\u00f1uelos desechables.<\/p>\n\n\n\n<p>No tocarse los ojos, nariz y boca con las manos sucias.<\/p>\n\n\n\n<p>Mantener desinfectadas las superficies de las casas, escuelas y oficinas, as\u00ed como objetos de uso com\u00fan.<\/p>\n\n\n\n<p>Quedarse en casa si presenta infecci\u00f3n respiratoria, y si supera los 38\u00b0C de fiebre acudir a su unidad de salud.<\/p>\n\n\n\n<p>Mantener una distancia social de un metro con otras personas.<\/p>\n\n\n\n<p>Redes sociales:<\/p>\n\n\n\n<p>Twitter: @MaraLezama ll @AytoCancun<br>Facebook: Mara Lezama ll Ayuntamiento de Benito Ju\u00e1rez<\/p>\n\n\n\n<p>N\u00fameros para informaci\u00f3n:<\/p>\n\n\n\n<p>800 004 4800 Unidad de Inteligencia Epidemiol\u00f3gica, Secretar\u00eda de Salud Federal.<br>800 277 4780 Call Center, Secretar\u00eda de Turismo.<br>800 832 9198 Atenci\u00f3n de Secretar\u00eda de Salud en Quintana Roo 24 horas del d\u00eda.<\/p>\n\n\n\n<p>N\u00fameros de atenci\u00f3n dependencias municipales:<\/p>\n\n\n\n<p>99 83 38 23 80 atenci\u00f3n psicol\u00f3gica.<br>99 81 35 46 71 salud mental DIF Benito Ju\u00e1rez.<br>99 81 01 54 62 Instituto Municipal de la Mujer.<br>99 82 60 40 34 Instituto Municipal de la Juventud.<br>99 88 45 50 70 Instituto Municipal contra las Adicciones.<br>99 83 89 72 65 Reporte de violencia en turno diurno<br>99 83 55 25 30 Reporte de violencia en turno nocturno<\/p>\n\n\n\n<p>PROFECO<\/p>\n\n\n\n<p>800 468 4722 N\u00famero de PROFECO por abuso de precios.<br>99 88 84 27 01 tel\u00e9fono en Canc\u00fan.<\/p>\n","protected":false},"excerpt":{"rendered":"<p>(Antonio Rivera) Se lleva un avance de 82.72% en la entrega de ayuda alimentaria Canc\u00fan, Quintana Roo, a 21 de abril de 2020.- En el marco del anuncio de la Secretar\u00eda de Salud Federal de la entrada de M\u00e9xico a la Fase III de la pandemia por Covid-19, la Presidente Municipal, Mara Lezama, anunci\u00f3 que [&hellip;]<\/p>\n","protected":false},"author":1,"featured_media":154609,"comment_status":"open","ping_status":"open","sticky":false,"template":"","format":"standard","meta":{"footnotes":""},"categories":[3],"tags":[],"class_list":["post-154608","post","type-post","status-publish","format-standard","has-post-thumbnail","hentry","category-quintana-roo","entry","has-media"],"jetpack_featured_media_url":"http:\/\/vertienteglobal.com\/wp-content\/uploads\/2020\/04\/181eea1f-8afe-4992-b3ba-e54dd69109b6.jpg","_links":{"self":[{"href":"http:\/\/vertienteglobal.com\/index.php?rest_route=\/wp\/v2\/posts\/154608","targetHints":{"allow":["GET"]}}],"collection":[{"href":"http:\/\/vertienteglobal.com\/index.php?rest_route=\/wp\/v2\/posts"}],"about":[{"href":"http:\/\/vertienteglobal.com\/index.php?rest_route=\/wp\/v2\/types\/post"}],"author":[{"embeddable":true,"href":"http:\/\/vertienteglobal.com\/index.php?rest_route=\/wp\/v2\/users\/1"}],"replies":[{"embeddable":true,"href":"http:\/\/vertienteglobal.com\/index.php?rest_route=%2Fwp%2Fv2%2Fcomments&post=154608"}],"version-history":[{"count":0,"href":"http:\/\/vertienteglobal.com\/index.php?rest_route=\/wp\/v2\/posts\/154608\/revisions"}],"wp:featuredmedia":[{"embeddable":true,"href":"http:\/\/vertienteglobal.com\/index.php?rest_route=\/wp\/v2\/media\/154609"}],"wp:attachment":[{"href":"http:\/\/vertienteglobal.com\/index.php?rest_route=%2Fwp%2Fv2%2Fmedia&parent=154608"}],"wp:term":[{"taxonomy":"category","embeddable":true,"href":"http:\/\/vertienteglobal.com\/index.php?rest_route=%2Fwp%2Fv2%2Fcategories&post=154608"},{"taxonomy":"post_tag","embeddable":true,"href":"http:\/\/vertienteglobal.com\/index.php?rest_route=%2Fwp%2Fv2%2Ftags&post=154608"}],"curies":[{"name":"wp","href":"https:\/\/api.w.org\/{rel}","templated":true}]}}