{"id":154421,"date":"2020-04-20T07:49:00","date_gmt":"2020-04-20T12:49:00","guid":{"rendered":"http:\/\/vertienteglobal.com\/?p=154421"},"modified":"2020-04-20T16:31:04","modified_gmt":"2020-04-20T21:31:04","slug":"el-campo-no-se-detiene-abasto-de-alimentos-esta-garantizado","status":"publish","type":"post","link":"http:\/\/vertienteglobal.com\/?p=154421","title":{"rendered":"El Campo no se detiene, abasto de alimentos est\u00e1 garantizado"},"content":{"rendered":"\n<div class=\"twitterbutton\" style=\"float: right; padding-left: 5px;\"><a href=\"http:\/\/twitter.com\/share\" class=\"twitter-share-button\" data-count=\"horizontal\" data-text=\"El Campo no se detiene, abasto de alimentos est\u00e1 garantizado\" data-via=\"https:\/\/twitter.com\/VertienteGloba1\" data-url=\"http:\/\/vertienteglobal.com\/?p=154421\" data-lang=\"es\" data-related=\"Informaci\u00f3n general:S\u00edguenos para que est\u00e9ss informado\"><\/a><\/div>\n<figure class=\"wp-block-gallery columns-1 is-cropped wp-block-gallery-1 is-layout-flex wp-block-gallery-is-layout-flex\"><ul class=\"blocks-gallery-grid\"><li class=\"blocks-gallery-item\"><figure><img loading=\"lazy\" decoding=\"async\" width=\"331\" height=\"177\" src=\"http:\/\/vertienteglobal.com\/wp-content\/uploads\/2020\/04\/cover_centralAbasto1-1-1.jpg\" alt=\"\" data-id=\"154422\" data-full-url=\"http:\/\/vertienteglobal.com\/wp-content\/uploads\/2020\/04\/cover_centralAbasto1-1-1.jpg\" data-link=\"http:\/\/vertienteglobal.com\/?attachment_id=154422\" class=\"wp-image-154422\" srcset=\"http:\/\/vertienteglobal.com\/wp-content\/uploads\/2020\/04\/cover_centralAbasto1-1-1.jpg 331w, http:\/\/vertienteglobal.com\/wp-content\/uploads\/2020\/04\/cover_centralAbasto1-1-1-300x160.jpg 300w, http:\/\/vertienteglobal.com\/wp-content\/uploads\/2020\/04\/cover_centralAbasto1-1-1-150x80.jpg 150w\" sizes=\"auto, (max-width: 331px) 100vw, 331px\" \/><\/figure><\/li><\/ul><\/figure>\n\n\n\n<p>(Redacci\u00f3n)<\/p>\n\n\n\n<p>Para mitigar los efectos del COVID-19 en el sector primario, estamos trabajando para que la poblaci\u00f3n cuente con los alimentos necesarios en esta contingencia<\/p>\n\n\n\n<p>Ciudad de M\u00e9xico a 20 de abril de 2020.- La emergencia sanitaria que actualmente vivimos requiere de un esfuerzo extra por parte de todos para poder superarla.<\/p>\n\n\n\n<p>En el Sector primario estamos realizando acciones muy concretas para poder seguir operando sin poner en riesgo la producci\u00f3n de alimentos as\u00ed como la salud y bienestar de las y los productores del pa\u00eds.<\/p>\n\n\n\n<p>Te dejamos las 5 acciones que apoyamos para proteger la producci\u00f3n de alimentos:<\/p>\n\n\n\n<p>A trav\u00e9s de la operaci\u00f3n de los 300 almacenes de Segalmex-Diconsa, se cuenta con una reserva estrat\u00e9gica de alimentos de hasta 100 d\u00edas, lo que significa que las poblaciones rurales y urbanas contaran con un abastecimiento de alimentos de la Canasta B\u00e1sica.<\/p>\n\n\n\n<p>Se establecen planes estrat\u00e9gicos para la continuidad operativa de los sistemas de producci\u00f3n agropecuarios, pequeros, acu\u00edcolas y agroindustriales, a fin de garantizar el suministro de alimentos en el mercado nacional y seguir la din\u00e1mica de las exportaciones, con todas las medidas sanitarias que actualmente se requieren.<\/p>\n\n\n\n<p>Se est\u00e1n realizando alianzas con la iniciativa privada para trabajar en conjunto en las cadenas de producci\u00f3n y comercializaci\u00f3n, en funci\u00f3n de beneficiar a los productores y consumidores finales.<\/p>\n\n\n\n<p>Trabajo interinstitucional, es decir, que se colabora en equipo con diferentes dependencias del Gobierno de M\u00e9xico para que esta crisis de salud, no se convierta en una crisis alimentaria.<\/p>\n\n\n\n<p>Se est\u00e1 fortaleciendo todo el sistema de Inspecci\u00f3n y Vigilancia de Alimentos en el pa\u00eds.<\/p>\n\n\n\n<p>Gracias a los esfuerzos del Senasica, se reforzaron todos los protocolos de inspecci\u00f3n y vigilancia para el ingreso y salida del pa\u00eds de productos agroalimentario.<\/p>\n\n\n\n<p>Tip: Te pedimos evitar hacer compras de p\u00e1nico de alimentos, toda vez que hay una regularidad en su proveedur\u00eda y el comercio nacional e internacional se mantiene sin mayores alteraciones.<\/p>\n","protected":false},"excerpt":{"rendered":"<p>(Redacci\u00f3n) Para mitigar los efectos del COVID-19 en el sector primario, estamos trabajando para que la poblaci\u00f3n cuente con los alimentos necesarios en esta contingencia Ciudad de M\u00e9xico a 20 de abril de 2020.- La emergencia sanitaria que actualmente vivimos requiere de un esfuerzo extra por parte de todos para poder superarla. En el Sector [&hellip;]<\/p>\n","protected":false},"author":1,"featured_media":154422,"comment_status":"open","ping_status":"open","sticky":false,"template":"","format":"standard","meta":{"footnotes":""},"categories":[8],"tags":[],"class_list":["post-154421","post","type-post","status-publish","format-standard","has-post-thumbnail","hentry","category-pais","entry","has-media"],"jetpack_featured_media_url":"http:\/\/vertienteglobal.com\/wp-content\/uploads\/2020\/04\/cover_centralAbasto1-1-1.jpg","_links":{"self":[{"href":"http:\/\/vertienteglobal.com\/index.php?rest_route=\/wp\/v2\/posts\/154421","targetHints":{"allow":["GET"]}}],"collection":[{"href":"http:\/\/vertienteglobal.com\/index.php?rest_route=\/wp\/v2\/posts"}],"about":[{"href":"http:\/\/vertienteglobal.com\/index.php?rest_route=\/wp\/v2\/types\/post"}],"author":[{"embeddable":true,"href":"http:\/\/vertienteglobal.com\/index.php?rest_route=\/wp\/v2\/users\/1"}],"replies":[{"embeddable":true,"href":"http:\/\/vertienteglobal.com\/index.php?rest_route=%2Fwp%2Fv2%2Fcomments&post=154421"}],"version-history":[{"count":0,"href":"http:\/\/vertienteglobal.com\/index.php?rest_route=\/wp\/v2\/posts\/154421\/revisions"}],"wp:featuredmedia":[{"embeddable":true,"href":"http:\/\/vertienteglobal.com\/index.php?rest_route=\/wp\/v2\/media\/154422"}],"wp:attachment":[{"href":"http:\/\/vertienteglobal.com\/index.php?rest_route=%2Fwp%2Fv2%2Fmedia&parent=154421"}],"wp:term":[{"taxonomy":"category","embeddable":true,"href":"http:\/\/vertienteglobal.com\/index.php?rest_route=%2Fwp%2Fv2%2Fcategories&post=154421"},{"taxonomy":"post_tag","embeddable":true,"href":"http:\/\/vertienteglobal.com\/index.php?rest_route=%2Fwp%2Fv2%2Ftags&post=154421"}],"curies":[{"name":"wp","href":"https:\/\/api.w.org\/{rel}","templated":true}]}}