{"id":154291,"date":"2020-04-18T17:19:00","date_gmt":"2020-04-18T22:19:00","guid":{"rendered":"http:\/\/vertienteglobal.com\/?p=154291"},"modified":"2020-04-18T18:24:08","modified_gmt":"2020-04-18T23:24:08","slug":"muere-pedro-pueyo-dueno-de-grupo-hotelero-oasis-cancun","status":"publish","type":"post","link":"http:\/\/vertienteglobal.com\/?p=154291","title":{"rendered":"Muere Pedro Pueyo, due\u00f1o de grupo hotelero Oasis Canc\u00fan"},"content":{"rendered":"\n<div class=\"twitterbutton\" style=\"float: right; padding-left: 5px;\"><a href=\"http:\/\/twitter.com\/share\" class=\"twitter-share-button\" data-count=\"horizontal\" data-text=\"Muere Pedro Pueyo, due\u00f1o de grupo hotelero Oasis Canc\u00fan\" data-via=\"https:\/\/twitter.com\/VertienteGloba1\" data-url=\"http:\/\/vertienteglobal.com\/?p=154291\" data-lang=\"es\" data-related=\"Informaci\u00f3n general:S\u00edguenos para que est\u00e9ss informado\"><\/a><\/div>\n<figure class=\"wp-block-gallery columns-1 is-cropped wp-block-gallery-1 is-layout-flex wp-block-gallery-is-layout-flex\"><ul class=\"blocks-gallery-grid\"><li class=\"blocks-gallery-item\"><figure><img loading=\"lazy\" decoding=\"async\" width=\"733\" height=\"418\" src=\"http:\/\/vertienteglobal.com\/wp-content\/uploads\/2020\/04\/87d8a98f-1d2c-4c6f-b6b3-10a2a297ca36.jpg\" alt=\"\" data-id=\"154292\" data-full-url=\"http:\/\/vertienteglobal.com\/wp-content\/uploads\/2020\/04\/87d8a98f-1d2c-4c6f-b6b3-10a2a297ca36.jpg\" data-link=\"http:\/\/vertienteglobal.com\/?attachment_id=154292\" class=\"wp-image-154292\" srcset=\"http:\/\/vertienteglobal.com\/wp-content\/uploads\/2020\/04\/87d8a98f-1d2c-4c6f-b6b3-10a2a297ca36.jpg 733w, http:\/\/vertienteglobal.com\/wp-content\/uploads\/2020\/04\/87d8a98f-1d2c-4c6f-b6b3-10a2a297ca36-300x171.jpg 300w, http:\/\/vertienteglobal.com\/wp-content\/uploads\/2020\/04\/87d8a98f-1d2c-4c6f-b6b3-10a2a297ca36-150x86.jpg 150w\" sizes=\"auto, (max-width: 733px) 100vw, 733px\" \/><\/figure><\/li><\/ul><\/figure>\n\n\n\n<p>(Redacci\u00f3n)<\/p>\n\n\n\n<p>Muere Pedro Pueyo, due\u00f1o de la Cadena hotelera Oasis<\/p>\n\n\n\n<p>Muri\u00f3 en Madrid, Espa\u00f1a por problemas pulmonares<\/p>\n\n\n\n<p>Pueyo era due\u00f1o de diversos hoteles adem\u00e1s de promotor de conciertos de jazz<\/p>\n\n\n\n<p>Canc\u00fan, Quintana Roo a 18 de abril de 2020.- Pedro Pueyo, due\u00f1o de la cadena hotelera Oasis, muri\u00f3 entre la noche del s\u00e1bado y madrugada del domingo en Madrid Espa\u00f1a, debido a problemas pulmonares, supuestamente Covid-19, aunque el grupo empresarial o la familia no ha confirmado esta \u00faltima versi\u00f3n a trav\u00e9s de canales oficiales.<\/p>\n\n\n\n<p><br>Pueyo, quien naci\u00f3 en Palma de Mallorca, Espa\u00f1a en 1951, fue el l\u00edder de los Gran Oasis Canc\u00fan desde 1985 que lleg\u00f3 a conquistar el caribe mexicano, y aunque viv\u00eda la mayor del tiempo en esta ciudad hace un par de meses viaj\u00f3 a su patria donde se agrav\u00f3 la enfermedad pulmonar que padec\u00eda.<\/p>\n\n\n\n<p>Adem\u00e1s de ser uno de los primeros espa\u00f1oles en apostarle a la industria turistica en el norte de Quintana ROo, fue inventor de los llamados swaps, fue due\u00f1o de la agencia de viajes y receptivo Caribe Maya y la l\u00ednea a\u00e9rea Aerocanc\u00fan, promotor de box, festivales de jazz, y fue homenajeado como uno de los grandes de la industria tur\u00edstica en la Fitur de 2018.<\/p>\n\n\n\n<p>\u201cLamentamos el fallecimiento en Madrid, Espa\u00f1a, del Empresario y fundador de Grupo Oasis, Pedro Pueyo. Desde Canc\u00fan le enviamos nuestro p\u00e9same a su familia y le deseo pronta resignaci\u00f3n.<\/p>\n\n\n\n<p>Descanse en paz\u201d, escribi\u00f3 la alcaldesa Mara Lezama en sus redes sociales.<\/p>\n\n\n\n<p>De igual forma otros personajes lamentaron el<br>Fallecimiento del empresario hotelero como es el caso del titular de SECTUR, MIGUEL Torruco, el presidente de la comisi\u00f3n legislativa de Turisno, y el Consejo de Boxeo, por citar algunos.<\/p>\n\n\n\n<p>Una de sus \u00faltimas entrevistas<br>\u201cPor creatividad no paramos, hicimos todo para que esto funcionara, para detonar lo que hoy es este gran destino\u201d, asegur\u00f3 Pueyo a Reportur.mx en una entrevista en enero del 2019.<\/p>\n\n\n\n<p>Su grupo hotelero Oasis Hotels &amp; Resorts ha sido de los primeros en conceptualizar sus establecimientos diversificando y segmentando sus mercados potenciales.<\/p>\n\n\n\n<p>-De no ser Hotelero, \u00bfqu\u00e9 habr\u00edas sido? -Se le cuestion\u00f3 a Pueyo.<\/p>\n\n\n\n<p>Arquitecto. Siempre me han atra\u00eddo la configuraci\u00f3n de las construcciones y las distintas formas que es posible concebir para las necesidades de cada proyecto. Aqu\u00ed, en M\u00e9xico disfruto contemplando los distintos proyectos de los magn\u00edficos arquitectos mexicanos.<\/p>\n\n\n\n<p>\u00bfA qu\u00e9 sab\u00eda tu ni\u00f1ez?<\/p>\n\n\n\n<p>A f\u00fatbol. Se me daba muy bien y pod\u00eda haber llegado lejos con el f\u00fatbol. y tu Vejez a qu\u00e9 sabr\u00e1? A la vida en familia, pero en el mar, estoy cada vez m\u00e1s atra\u00eddo por el mar.<\/p>\n\n\n\n<p>\u00bfEn qu\u00e9 proyecto est\u00e1s ahora?<\/p>\n\n\n\n<p>En dotar a uno de los hoteles de Canc\u00fan de un aire \u201cpicante\u201d para atraer al p\u00fablico adulto. Resulta muy divertido.<\/p>\n\n\n\n<p>\u00bfUn Restaurante que recomiendes en la actualidad?<\/p>\n\n\n\n<p>El \u00abHispania\u00bb, en Caldetas, Barcelona.<\/p>\n\n\n\n<p>\u00bfY un Hotel?<\/p>\n\n\n\n<p>El Burj Al Arab, en Dubai.<\/p>\n\n\n\n<p>Un Empresario Hotelero de \u00e9xito como t\u00fa, \u00bfnace o se hace?<\/p>\n\n\n\n<p>Es una combinaci\u00f3n de ambos, empiezas con la ilusi\u00f3n y disfrutando por asumir riesgos, luego vienen las ca\u00eddas y los encontronazos, de los que siempre se aprende y empiezas a ver la vida de empresario en su cruda realidad.<\/p>\n\n\n\n<p>Eres uno de los Creadores del Destino Canc\u00fan desde que desembarc\u00f3 con Oasis Hotels &amp; resorts aqu\u00ed hace 25 a\u00f1os, \u00bfc\u00f3mo se crea un Destino Tur\u00edstico?<\/p>\n\n\n\n<p>Llegu\u00e9 a Canc\u00fan hace m\u00e1s de 25 a\u00f1os, me cautiv\u00f3 y compr\u00e9 tres lotes de terreno, en primera l\u00ednea, para nuestro Grupo y otros dos m\u00e1s, que ofrec\u00ed a Gabriel Escarrer de Grupo Sol. Hab\u00eda que dar a conocer el destino y se necesitaba contar con una masa cr\u00edtica suficiente. Creo que la idea fue buena, porque pudimos poner a Canc\u00fan en el mapa tur\u00edstico mundial.<\/p>\n\n\n\n<p>\u00bfQu\u00e9 te hizo invertir en Canc\u00fan entonces, cu\u00e1ndo ning\u00fan otro hotelero espa\u00f1ol lo hab\u00eda hecho?<\/p>\n\n\n\n<p>Me encontr\u00e9 con un esquema muy favorable de swap de deuda soberana, que como empresario era una oportunidad de financiaci\u00f3n irrepetible.<\/p>\n\n\n\n<p>Para crecer hay que reinventarse, \u00bfc\u00f3mo eres capaz de reinventarte tantas veces?<\/p>\n\n\n\n<p>Creo que soy creativo, que tengo una buena imaginaci\u00f3n y creo saber lo que le gusta a la clientela.<\/p>\n\n\n\n<p>\u00bfCu\u00e1l es el \u00faltimo libro que has le\u00eddo?<\/p>\n\n\n\n<p>Jacobo Alba, de Emilia Landaluce.<\/p>\n\n\n\n<p>\u00bfUna pel\u00edcula que recomiendes?<\/p>\n\n\n\n<p>El Padrino.<\/p>\n\n\n\n<p>\u00bfTu disco o canci\u00f3n favorita?<\/p>\n\n\n\n<p>Contigo Aprend\u00ed, de Armando Manzanero.<\/p>\n\n\n\n<p>\u00bfUn perfume\/colonia?<\/p>\n\n\n\n<p>Channel.<\/p>\n\n\n\n<p>\u00bfTu plato favorito?<\/p>\n\n\n\n<p>Erizos de Mar.<\/p>\n\n\n\n<p>\u00bfUn vino?<\/p>\n\n\n\n<p>Pago de Carraovejas.<\/p>\n\n\n\n<p>\u00bfUna an\u00e9cdota profesional?<\/p>\n\n\n\n<p>Me han pasado tantas cosas que me extender\u00eda demasiado.<\/p>\n\n\n\n<p>\u00bfY una personal?<\/p>\n\n\n\n<p>Lo personal es personal.<\/p>\n\n\n\n<p>\u00bfAlguien que te haya hecho ilusi\u00f3n conocer y porqu\u00e9?<\/p>\n\n\n\n<p>Fidel Castro.<\/p>\n\n\n\n<p>Un color.<\/p>\n\n\n\n<p>Azul marino.<\/p>\n\n\n\n<p>\u00bfMar o Monta\u00f1a?<\/p>\n\n\n\n<p>Sin duda, el mar.<\/p>\n\n\n\n<p>\u00bfCaf\u00e9 o T\u00e9?<\/p>\n\n\n\n<p>Sin duda, el caf\u00e9<\/p>\n\n\n\n<p>\u00bfQui\u00e9n es para ti el m\u00e1s grande creativo de los \u00faltimos a\u00f1os?<\/p>\n\n\n\n<p>Ferran Adri\u00e1 quien ha hecho de la cocina un espect\u00e1culo creativo.<\/p>\n\n\n\n<p>\u00bfQu\u00e9 es para ti la Creatividad?<\/p>\n\n\n\n<p>La creaci\u00f3n genial de algo novedoso y \u00fatil, que pueda pervivir en el tiempo.<\/p>\n\n\n\n<p>El peor enemigo de un empresario hotelero es\u2026<\/p>\n\n\n\n<p>\u00abEl mal tiempo\u00bb.<\/p>\n\n\n\n<p>\u00bfY el mejor aliado?<\/p>\n\n\n\n<p>El paisaje agradable, que se disfrute desde el hotel.<\/p>\n\n\n\n<p>\u00bfUn lugar para perderte unos d\u00edas y recargar pilas?<\/p>\n\n\n\n<p>El Mar de Cort\u00e9s, en Baja California, M\u00e9xico.<\/p>\n\n\n\n<p>Un Hobby.<\/p>\n\n\n\n<p>Soy un cocinitas y disfruto mucho compartiendo los platos preparados por m\u00ed, con mis amigos.<\/p>\n\n\n\n<p>\u00bfUn deporte?<\/p>\n\n\n\n<p>Vela.<\/p>\n\n\n\n<p>\u00bfAlg\u00fan \u00eddolo?<\/p>\n\n\n\n<p>Frank Sinatra.<\/p>\n\n\n\n<p>\u00bfTu plan perfecto para una noche?<\/p>\n\n\n\n<p>Cenar con amigos.<\/p>\n\n\n\n<p>\u00bfPor qu\u00e9 o de qu\u00e9 conoces Asesoramientos \u00danicos?<\/p>\n\n\n\n<p>Porque soy muy buen amigo de Alejandro Haurie, al que tambi\u00e9n tengo un gran respeto profesional.<\/p>\n\n\n\n<p>\u00bfQu\u00e9 consejo le dar\u00edas a un chico\/a que duda si dedicarse a la hosteler\u00eda?<\/p>\n\n\n\n<p>Que aprenda a sacrificarse, porque es una actividad muy sujeta, por la disciplina, los horarios, etc., pero de la que va a recibir muchas gratificaciones emocionales.<\/p>\n\n\n\n<p>\u00bfUn viaje inolvidable y porqu\u00e9?<\/p>\n\n\n\n<p>Nueva Zelanda, China y Jap\u00f3n.<\/p>\n\n\n\n<p>\u00bfTe manejas bien con las redes sociales?<\/p>\n\n\n\n<p>No, porque no tengo tiempo para ello.<\/p>\n\n\n\n<p>\u00bfT\u00fa Cuenta en Twitter y\/o Facebook?<\/p>\n\n\n\n<p>No tengo.<\/p>\n\n\n\n<p>\u00bfOasis Loves U?<\/p>\n\n\n\n<p>Ha sido una de nuestras recientes creaciones y creo que ha sido muy bien recibida en el sector tur\u00edstico. Pero, sin duda, Oasis Loves Me.<\/p>\n\n\n\n<p>Canc\u00fan sin Pueyo<br>El titular de la Asociaci\u00f3n de Hoteles de Canc\u00fan y Puerto Morelos (AHCyPM), Roberto Cintr\u00f3n, consider\u00f3 muy justo que Pedro Pueyo, l\u00edder de la cadena Oasis, haya ganado el Premio REPORTUR 2018 que el Grupo Preferente le entreg\u00f3 en la reciente Fitur de Madrid. \u201cNo puedo concebir, al igual que otros hoteleros de la zona, a Canc\u00fan o a Quintana Roo sin la presencia de Pedro Pueyo\u201d, quiso resaltar Cintr\u00f3n en di\u00e1logo con REPORTUR.mx.<\/p>\n\n\n\n<p>El v\u00ednculo entre Pueyo y Canc\u00fan se remonta a 1985. Su intenci\u00f3n inicial era invertir en Rep\u00fablica Dominicana, pero una cena con un empresario mexicano le hizo cambiar de opini\u00f3n a pesar de la crisis econ\u00f3mica que estaba atravesando el pa\u00eds.<\/p>\n\n\n\n<p>La trayectoria empresarial de Pueyo abarca otras aristas m\u00e1s all\u00e1 de la hotelera. Ha sido due\u00f1o de una l\u00ednea a\u00e9rea (Aerocanc\u00fan) y agente de viajes receptivo (Caribe Maya); entre 2007 y 2012 sufri\u00f3 un trago amargo por una fallida alianza con Globalia de la que supo recuperarse.<\/p>\n\n\n\n<p>En la actualidad, Oasis cuenta con 9 hoteles en Canc\u00fan y tres en Tulum. Siempre atento al desarrollo del Caribe mexicano, Pueyo expres\u00f3 el a\u00f1o pasado su preocupaci\u00f3n por los warnings que sufri\u00f3 el destino y por el recale del sargazo.<\/p>\n\n\n\n<p>\u201cPedro siempre pele\u00f3 por nuestros destinos desde nuestras trincheras promoviendo Canc\u00fan y promoviendo M\u00e9xico\u201d, consider\u00f3 Cintr\u00f3n, con lo que el l\u00edder de los hoteleros del mayor destino latino se sumaba a los elogios de Alex Zozaya, quien al frente del grupo tur\u00edstico m\u00e1s grande de Estados Unidos es considerado como la personalidad americana de m\u00e1s poder en la industria.<\/p>\n\n\n\n<p>El CEO de Apple Leisure Group consider\u00f3 muy merecido que Pedro Pueyo haya ganado el Premio REPORTUR 2018, y dijo que \u201cme dio mucho gusto verle y bien. Pedro es uno de los pioneros de Canc\u00fan. Entr\u00f3 con riesgo, con ganas y en grande\u201d. (Con informaci\u00f3n de Reportur).<\/p>\n\n\n\n<figure class=\"wp-block-gallery columns-1 is-cropped wp-block-gallery-2 is-layout-flex wp-block-gallery-is-layout-flex\"><ul class=\"blocks-gallery-grid\"><li class=\"blocks-gallery-item\"><figure><img loading=\"lazy\" decoding=\"async\" width=\"768\" height=\"512\" src=\"http:\/\/vertienteglobal.com\/wp-content\/uploads\/2020\/04\/4b6fc8cd-8259-4ea7-b1e2-0b5ef90bd1b8.jpg\" alt=\"\" data-id=\"154293\" data-full-url=\"http:\/\/vertienteglobal.com\/wp-content\/uploads\/2020\/04\/4b6fc8cd-8259-4ea7-b1e2-0b5ef90bd1b8.jpg\" data-link=\"http:\/\/vertienteglobal.com\/?attachment_id=154293\" class=\"wp-image-154293\" srcset=\"http:\/\/vertienteglobal.com\/wp-content\/uploads\/2020\/04\/4b6fc8cd-8259-4ea7-b1e2-0b5ef90bd1b8.jpg 768w, http:\/\/vertienteglobal.com\/wp-content\/uploads\/2020\/04\/4b6fc8cd-8259-4ea7-b1e2-0b5ef90bd1b8-300x200.jpg 300w, http:\/\/vertienteglobal.com\/wp-content\/uploads\/2020\/04\/4b6fc8cd-8259-4ea7-b1e2-0b5ef90bd1b8-150x100.jpg 150w\" sizes=\"auto, (max-width: 768px) 100vw, 768px\" \/><\/figure><\/li><\/ul><\/figure>\n\n\n\n<figure class=\"wp-block-gallery columns-1 is-cropped wp-block-gallery-3 is-layout-flex wp-block-gallery-is-layout-flex\"><ul class=\"blocks-gallery-grid\"><li class=\"blocks-gallery-item\"><figure><img loading=\"lazy\" decoding=\"async\" width=\"640\" height=\"466\" src=\"http:\/\/vertienteglobal.com\/wp-content\/uploads\/2020\/04\/9485228b-75e7-4668-be55-0d5c5041fdf5.jpg\" alt=\"\" data-id=\"154294\" data-full-url=\"http:\/\/vertienteglobal.com\/wp-content\/uploads\/2020\/04\/9485228b-75e7-4668-be55-0d5c5041fdf5.jpg\" data-link=\"http:\/\/vertienteglobal.com\/?attachment_id=154294\" class=\"wp-image-154294\" srcset=\"http:\/\/vertienteglobal.com\/wp-content\/uploads\/2020\/04\/9485228b-75e7-4668-be55-0d5c5041fdf5.jpg 640w, http:\/\/vertienteglobal.com\/wp-content\/uploads\/2020\/04\/9485228b-75e7-4668-be55-0d5c5041fdf5-300x218.jpg 300w, http:\/\/vertienteglobal.com\/wp-content\/uploads\/2020\/04\/9485228b-75e7-4668-be55-0d5c5041fdf5-150x109.jpg 150w\" sizes=\"auto, (max-width: 640px) 100vw, 640px\" \/><\/figure><\/li><\/ul><\/figure>\n","protected":false},"excerpt":{"rendered":"<p>(Redacci\u00f3n) Muere Pedro Pueyo, due\u00f1o de la Cadena hotelera Oasis Muri\u00f3 en Madrid, Espa\u00f1a por problemas pulmonares Pueyo era due\u00f1o de diversos hoteles adem\u00e1s de promotor de conciertos de jazz Canc\u00fan, Quintana Roo a 18 de abril de 2020.- Pedro Pueyo, due\u00f1o de la cadena hotelera Oasis, muri\u00f3 entre la noche del s\u00e1bado y madrugada [&hellip;]<\/p>\n","protected":false},"author":1,"featured_media":154292,"comment_status":"open","ping_status":"open","sticky":false,"template":"","format":"standard","meta":{"footnotes":""},"categories":[3],"tags":[],"class_list":["post-154291","post","type-post","status-publish","format-standard","has-post-thumbnail","hentry","category-quintana-roo","entry","has-media"],"jetpack_featured_media_url":"http:\/\/vertienteglobal.com\/wp-content\/uploads\/2020\/04\/87d8a98f-1d2c-4c6f-b6b3-10a2a297ca36.jpg","_links":{"self":[{"href":"http:\/\/vertienteglobal.com\/index.php?rest_route=\/wp\/v2\/posts\/154291","targetHints":{"allow":["GET"]}}],"collection":[{"href":"http:\/\/vertienteglobal.com\/index.php?rest_route=\/wp\/v2\/posts"}],"about":[{"href":"http:\/\/vertienteglobal.com\/index.php?rest_route=\/wp\/v2\/types\/post"}],"author":[{"embeddable":true,"href":"http:\/\/vertienteglobal.com\/index.php?rest_route=\/wp\/v2\/users\/1"}],"replies":[{"embeddable":true,"href":"http:\/\/vertienteglobal.com\/index.php?rest_route=%2Fwp%2Fv2%2Fcomments&post=154291"}],"version-history":[{"count":0,"href":"http:\/\/vertienteglobal.com\/index.php?rest_route=\/wp\/v2\/posts\/154291\/revisions"}],"wp:featuredmedia":[{"embeddable":true,"href":"http:\/\/vertienteglobal.com\/index.php?rest_route=\/wp\/v2\/media\/154292"}],"wp:attachment":[{"href":"http:\/\/vertienteglobal.com\/index.php?rest_route=%2Fwp%2Fv2%2Fmedia&parent=154291"}],"wp:term":[{"taxonomy":"category","embeddable":true,"href":"http:\/\/vertienteglobal.com\/index.php?rest_route=%2Fwp%2Fv2%2Fcategories&post=154291"},{"taxonomy":"post_tag","embeddable":true,"href":"http:\/\/vertienteglobal.com\/index.php?rest_route=%2Fwp%2Fv2%2Ftags&post=154291"}],"curies":[{"name":"wp","href":"https:\/\/api.w.org\/{rel}","templated":true}]}}