{"id":154116,"date":"2020-04-16T14:46:00","date_gmt":"2020-04-16T19:46:00","guid":{"rendered":"http:\/\/vertienteglobal.com\/?p=154116"},"modified":"2020-04-16T17:15:10","modified_gmt":"2020-04-16T22:15:10","slug":"cobatab-mantiene-suspension-de-actividades-hasta-el-30-de-mayo","status":"publish","type":"post","link":"http:\/\/vertienteglobal.com\/?p=154116","title":{"rendered":"COBATAB mantiene suspensi\u00f3n de actividades hasta el 30 de mayo"},"content":{"rendered":"\n<div class=\"twitterbutton\" style=\"float: right; padding-left: 5px;\"><a href=\"http:\/\/twitter.com\/share\" class=\"twitter-share-button\" data-count=\"horizontal\" data-text=\"COBATAB mantiene suspensi\u00f3n de actividades hasta el 30 de mayo\" data-via=\"https:\/\/twitter.com\/VertienteGloba1\" data-url=\"http:\/\/vertienteglobal.com\/?p=154116\" data-lang=\"es\" data-related=\"Informaci\u00f3n general:S\u00edguenos para que est\u00e9ss informado\"><\/a><\/div>\n<figure class=\"wp-block-gallery columns-1 is-cropped wp-block-gallery-1 is-layout-flex wp-block-gallery-is-layout-flex\"><ul class=\"blocks-gallery-grid\"><li class=\"blocks-gallery-item\"><figure><img loading=\"lazy\" decoding=\"async\" width=\"1024\" height=\"683\" src=\"http:\/\/vertienteglobal.com\/wp-content\/uploads\/2020\/04\/102812.jpg\" alt=\"\" data-id=\"154117\" data-full-url=\"http:\/\/vertienteglobal.com\/wp-content\/uploads\/2020\/04\/102812.jpg\" data-link=\"http:\/\/vertienteglobal.com\/?attachment_id=154117\" class=\"wp-image-154117\" srcset=\"http:\/\/vertienteglobal.com\/wp-content\/uploads\/2020\/04\/102812.jpg 1024w, http:\/\/vertienteglobal.com\/wp-content\/uploads\/2020\/04\/102812-300x200.jpg 300w, http:\/\/vertienteglobal.com\/wp-content\/uploads\/2020\/04\/102812-150x100.jpg 150w, http:\/\/vertienteglobal.com\/wp-content\/uploads\/2020\/04\/102812-768x512.jpg 768w\" sizes=\"auto, (max-width: 1024px) 100vw, 1024px\" \/><\/figure><\/li><\/ul><\/figure>\n\n\n\n<p>(Antonio Rivera\/Foto: Juan Ram\u00f3n P\u00e9rez)<\/p>\n\n\n\n<p>El director general del Cobatab, Erasmo Martinez Rodr\u00edguez, quien exhort\u00f3 a los estudiantes a que sigan avanzando con los programas de estudio de las asignaturas y que se mantengan en contacto con sus docentes por medios electr\u00f3nicos<\/p>\n\n\n\n<p>Villahermosa, Tabasco a 16 de abril de 2020.- El Colegio de Bachilleres de Tabasco (Cobatab) inform\u00f3 que la suspensi\u00f3n de actividades acad\u00e9micas y administrativas se mantiene hasta el 30 de mayo del presente a\u00f1o, ante la emergencia sanitaria por el Covid-19.<\/p>\n\n\n\n<p>Y es que lo anterior en concordancia con las disposiciones a las medidas presentadas con la Secretar\u00eda de Salud, la Secretar\u00eda de Educaci\u00f3n P\u00fablica y la Dependencia estatal.<\/p>\n\n\n\n<p>Por ello el director general del Cobatab, Erasmo Martinez Rodr\u00edguez, quien exhort\u00f3 a los estudiantes a que sigan avanzando con los programas de estudio de las asignaturas y que se mantengan en contacto con sus docentes por medios electr\u00f3nicos.<\/p>\n\n\n\n<figure class=\"wp-block-gallery columns-1 is-cropped wp-block-gallery-2 is-layout-flex wp-block-gallery-is-layout-flex\"><ul class=\"blocks-gallery-grid\"><li class=\"blocks-gallery-item\"><figure><img loading=\"lazy\" decoding=\"async\" width=\"800\" height=\"800\" src=\"http:\/\/vertienteglobal.com\/wp-content\/uploads\/2020\/04\/cobatab.jpg\" alt=\"\" data-id=\"154118\" data-full-url=\"http:\/\/vertienteglobal.com\/wp-content\/uploads\/2020\/04\/cobatab.jpg\" data-link=\"http:\/\/vertienteglobal.com\/?attachment_id=154118\" class=\"wp-image-154118\" srcset=\"http:\/\/vertienteglobal.com\/wp-content\/uploads\/2020\/04\/cobatab.jpg 800w, http:\/\/vertienteglobal.com\/wp-content\/uploads\/2020\/04\/cobatab-300x300.jpg 300w, http:\/\/vertienteglobal.com\/wp-content\/uploads\/2020\/04\/cobatab-150x150.jpg 150w, http:\/\/vertienteglobal.com\/wp-content\/uploads\/2020\/04\/cobatab-768x768.jpg 768w\" sizes=\"auto, (max-width: 800px) 100vw, 800px\" \/><\/figure><\/li><\/ul><\/figure>\n","protected":false},"excerpt":{"rendered":"<p>(Antonio Rivera\/Foto: Juan Ram\u00f3n P\u00e9rez) El director general del Cobatab, Erasmo Martinez Rodr\u00edguez, quien exhort\u00f3 a los estudiantes a que sigan avanzando con los programas de estudio de las asignaturas y que se mantengan en contacto con sus docentes por medios electr\u00f3nicos Villahermosa, Tabasco a 16 de abril de 2020.- El Colegio de Bachilleres de [&hellip;]<\/p>\n","protected":false},"author":1,"featured_media":154117,"comment_status":"open","ping_status":"open","sticky":false,"template":"","format":"standard","meta":{"footnotes":""},"categories":[9,5],"tags":[],"class_list":["post-154116","post","type-post","status-publish","format-standard","has-post-thumbnail","hentry","category-educacion","category-tabasco","entry","has-media"],"jetpack_featured_media_url":"http:\/\/vertienteglobal.com\/wp-content\/uploads\/2020\/04\/102812.jpg","_links":{"self":[{"href":"http:\/\/vertienteglobal.com\/index.php?rest_route=\/wp\/v2\/posts\/154116","targetHints":{"allow":["GET"]}}],"collection":[{"href":"http:\/\/vertienteglobal.com\/index.php?rest_route=\/wp\/v2\/posts"}],"about":[{"href":"http:\/\/vertienteglobal.com\/index.php?rest_route=\/wp\/v2\/types\/post"}],"author":[{"embeddable":true,"href":"http:\/\/vertienteglobal.com\/index.php?rest_route=\/wp\/v2\/users\/1"}],"replies":[{"embeddable":true,"href":"http:\/\/vertienteglobal.com\/index.php?rest_route=%2Fwp%2Fv2%2Fcomments&post=154116"}],"version-history":[{"count":0,"href":"http:\/\/vertienteglobal.com\/index.php?rest_route=\/wp\/v2\/posts\/154116\/revisions"}],"wp:featuredmedia":[{"embeddable":true,"href":"http:\/\/vertienteglobal.com\/index.php?rest_route=\/wp\/v2\/media\/154117"}],"wp:attachment":[{"href":"http:\/\/vertienteglobal.com\/index.php?rest_route=%2Fwp%2Fv2%2Fmedia&parent=154116"}],"wp:term":[{"taxonomy":"category","embeddable":true,"href":"http:\/\/vertienteglobal.com\/index.php?rest_route=%2Fwp%2Fv2%2Fcategories&post=154116"},{"taxonomy":"post_tag","embeddable":true,"href":"http:\/\/vertienteglobal.com\/index.php?rest_route=%2Fwp%2Fv2%2Ftags&post=154116"}],"curies":[{"name":"wp","href":"https:\/\/api.w.org\/{rel}","templated":true}]}}