{"id":154053,"date":"2020-04-15T20:41:00","date_gmt":"2020-04-16T01:41:00","guid":{"rendered":"http:\/\/vertienteglobal.com\/?p=154053"},"modified":"2020-04-15T23:35:09","modified_gmt":"2020-04-16T04:35:09","slug":"en-videoconferencia-el-gobernador-carlos-joaquin-dialoga-con-lideres-del-sector-turistico-de-quintana-roo","status":"publish","type":"post","link":"http:\/\/vertienteglobal.com\/?p=154053","title":{"rendered":"En videoconferencia, el gobernador Carlos Joaqu\u00edn dialoga con l\u00edderes del sector tur\u00edstico de Quintana Roo"},"content":{"rendered":"\n<div class=\"twitterbutton\" style=\"float: right; padding-left: 5px;\"><a href=\"http:\/\/twitter.com\/share\" class=\"twitter-share-button\" data-count=\"horizontal\" data-text=\"En videoconferencia, el gobernador Carlos Joaqu\u00edn dialoga con l\u00edderes del sect...\" data-via=\"https:\/\/twitter.com\/VertienteGloba1\" data-url=\"http:\/\/vertienteglobal.com\/?p=154053\" data-lang=\"es\" data-related=\"Informaci\u00f3n general:S\u00edguenos para que est\u00e9ss informado\"><\/a><\/div>\n<figure class=\"wp-block-gallery columns-1 is-cropped wp-block-gallery-1 is-layout-flex wp-block-gallery-is-layout-flex\"><ul class=\"blocks-gallery-grid\"><li class=\"blocks-gallery-item\"><figure><img loading=\"lazy\" decoding=\"async\" width=\"938\" height=\"995\" src=\"http:\/\/vertienteglobal.com\/wp-content\/uploads\/2020\/04\/turismo.jpg\" alt=\"\" data-id=\"154054\" data-full-url=\"http:\/\/vertienteglobal.com\/wp-content\/uploads\/2020\/04\/turismo.jpg\" data-link=\"http:\/\/vertienteglobal.com\/?attachment_id=154054\" class=\"wp-image-154054\" srcset=\"http:\/\/vertienteglobal.com\/wp-content\/uploads\/2020\/04\/turismo.jpg 938w, http:\/\/vertienteglobal.com\/wp-content\/uploads\/2020\/04\/turismo-283x300.jpg 283w, http:\/\/vertienteglobal.com\/wp-content\/uploads\/2020\/04\/turismo-141x150.jpg 141w, http:\/\/vertienteglobal.com\/wp-content\/uploads\/2020\/04\/turismo-768x815.jpg 768w\" sizes=\"auto, (max-width: 938px) 100vw, 938px\" \/><\/figure><\/li><\/ul><\/figure>\n\n\n\n<p>(Redacci\u00f3n)<\/p>\n\n\n\n<p>Presenta avances y resultados del Plan Juntos Saldremos Adelante ante la contingencia sanitaria por COVID-19 y salvar vidas<\/p>\n\n\n\n<p>Est\u00edmulos fiscales y programas de financiamiento para la etapa de recuperaci\u00f3n econ\u00f3mica<\/p>\n\n\n\n<p>Chetumal, Quintana Roo a 15 de abril de 2020.- El gobernador Carlos Joaqu\u00edn sostuvo una videoconferencia con l\u00edderes del sector tur\u00edstico de Quintana Roo, en la que present\u00f3 el paquete de est\u00edmulos fiscales y los resultados de las acciones del Plan Juntos Saldremos Adelante en la atenci\u00f3n de la contingencia sanitaria por el COVID-19.<\/p>\n\n\n\n<p>El gobernador de Quintana Roo explic\u00f3 que el Plan Juntos Saldremos Adelante contempla la estrategia \u00a1Qu\u00e9date en casa! para desacelerar el ritmo de contagio por coronavirus, salvar vidas y atender las necesidades de la gente con 5 apoyos para tu tranquilidad: Agua, Luz, Gas, Alimentos y Salud.<\/p>\n\n\n\n<p>Asimismo, est\u00e1n las acciones para la etapa de recuperaci\u00f3n econ\u00f3mica, los est\u00edmulos para las empresas y los programas de financiamiento.<\/p>\n\n\n\n<p>Participaron en la videoconferencia con el gobernador Carlos Joaqu\u00edn el director ejecutivo de la Asociaci\u00f3n de Hoteles de la Riviera Maya, Manuel Paredes Mendoza; el presidente de la Asociaci\u00f3n de Hoteleres de Canc\u00fan, Puerto Morelos e Isla Mujeres, Roberto Citr\u00f3n G\u00f3mez; el presidente de la Asociaci\u00f3n de Hoteles de Cozumel, Ulises Guzm\u00e1n Peregrina.<\/p>\n\n\n\n<p>La presidenta de la Asociaci\u00f3n de Hoteles y Moteles de la zona sur de Quintana Roo, Deborah Angulo Villanueva; el presidente de Inverotel, Ram\u00f3n Rosell\u00f3; el director corporativo de operaciones de Hotel Oasis, Jean Agarrista Marf\u00edn; el director general de RLH Propieties; el presidente de la AMAV Canc\u00fan, Sergio Gonz\u00e1lez Rubiera; el presidente de la Asociaci\u00f3n de Hoteles de Tulum, David Ortiz Mena.<\/p>\n\n\n\n<p>La directora general de Lomas Travel, Dolores L\u00f3pez Lira; el presidente de Amstar DMC, Eugene Rybicki; la directora general de Hotel B Cozumel, Beatriz Tinajero; por el Grupo Palace Resorts, Jos\u00e9 Chapur Zahoul; el vocal de la Asociaci\u00f3n de Hoteles de la Riviera Maya, N\u00e9stor Ospina; la vicepresidenta de Grupo Lomas Travel, Samantha Frachey; y el director general Mayakob\u00e1 Ciudad, Agust\u00edn Sarasola S\u00e1nchez Castillo.<\/p>\n\n\n\n<p>Los empresarios hoteleros coincidieron que en Quintana Roo somos una entidad en unidad, que el sector empresarial siente el apoyo del Gobierno del Estado, que encabeza Carlos Joaqu\u00edn, y que se trabaja de manera conjunta y coordinada.<\/p>\n\n\n\n<p>Durante la videoconferencia, el gobernador Carlos Joaqu\u00edn insisti\u00f3 en la restricci\u00f3n de la movilidad de la gente para desacelerar el ritmo del contagio y salvar vidas, por lo que es vital que los trabajadores y sus familias se queden en casa.<\/p>\n\n\n\n<p>Explic\u00f3 que los apoyos alimentarios se entregan casa por casa, por tanto los trabajadores de la industria tur\u00edstica lo van a recibir, para contribuir en la conservaci\u00f3n de los empleos y la planta laboral.<\/p>\n\n\n\n<p>Por el gobierno de Quintana Roo tuvieron intervenci\u00f3n la secretaria de Turismo, Marisol Vanegas P\u00e9rez; la secretaria de Finanzas y Planeaci\u00f3n, Yohanet Torres Mu\u00f1oz y la secretaria de Desarrollo Econ\u00f3mico, Rosa Elena Lozano V\u00e1zquez.<\/p>\n\n\n\n<p>Participaron el director general del Consejo de Promoci\u00f3n Tur\u00edstica del Estado de Quintana Roo, Dar\u00edo Flota Ocampo; el director general del Instituto de Innovaci\u00f3n y Tecnolog\u00eda del Estado de Quintana Roo, Marco Antonio Bravo Fabi\u00e1n; el representante del Gobernador en Cozumel, Jes\u00fas Alberto Zetina Tejero.<\/p>\n\n\n\n<figure class=\"wp-block-gallery columns-1 is-cropped wp-block-gallery-2 is-layout-flex wp-block-gallery-is-layout-flex\"><ul class=\"blocks-gallery-grid\"><li class=\"blocks-gallery-item\"><figure><img loading=\"lazy\" decoding=\"async\" width=\"900\" height=\"506\" src=\"http:\/\/vertienteglobal.com\/wp-content\/uploads\/2020\/04\/IMG_20200415_233006.jpg\" alt=\"\" data-id=\"154055\" data-full-url=\"http:\/\/vertienteglobal.com\/wp-content\/uploads\/2020\/04\/IMG_20200415_233006.jpg\" data-link=\"http:\/\/vertienteglobal.com\/?attachment_id=154055\" class=\"wp-image-154055\" srcset=\"http:\/\/vertienteglobal.com\/wp-content\/uploads\/2020\/04\/IMG_20200415_233006.jpg 900w, http:\/\/vertienteglobal.com\/wp-content\/uploads\/2020\/04\/IMG_20200415_233006-300x169.jpg 300w, http:\/\/vertienteglobal.com\/wp-content\/uploads\/2020\/04\/IMG_20200415_233006-150x84.jpg 150w, http:\/\/vertienteglobal.com\/wp-content\/uploads\/2020\/04\/IMG_20200415_233006-768x432.jpg 768w\" sizes=\"auto, (max-width: 900px) 100vw, 900px\" \/><\/figure><\/li><\/ul><\/figure>\n","protected":false},"excerpt":{"rendered":"<p>(Redacci\u00f3n) Presenta avances y resultados del Plan Juntos Saldremos Adelante ante la contingencia sanitaria por COVID-19 y salvar vidas Est\u00edmulos fiscales y programas de financiamiento para la etapa de recuperaci\u00f3n econ\u00f3mica Chetumal, Quintana Roo a 15 de abril de 2020.- El gobernador Carlos Joaqu\u00edn sostuvo una videoconferencia con l\u00edderes del sector tur\u00edstico de Quintana Roo, [&hellip;]<\/p>\n","protected":false},"author":1,"featured_media":154054,"comment_status":"open","ping_status":"open","sticky":false,"template":"","format":"standard","meta":{"footnotes":""},"categories":[3],"tags":[],"class_list":["post-154053","post","type-post","status-publish","format-standard","has-post-thumbnail","hentry","category-quintana-roo","entry","has-media"],"jetpack_featured_media_url":"http:\/\/vertienteglobal.com\/wp-content\/uploads\/2020\/04\/turismo.jpg","_links":{"self":[{"href":"http:\/\/vertienteglobal.com\/index.php?rest_route=\/wp\/v2\/posts\/154053","targetHints":{"allow":["GET"]}}],"collection":[{"href":"http:\/\/vertienteglobal.com\/index.php?rest_route=\/wp\/v2\/posts"}],"about":[{"href":"http:\/\/vertienteglobal.com\/index.php?rest_route=\/wp\/v2\/types\/post"}],"author":[{"embeddable":true,"href":"http:\/\/vertienteglobal.com\/index.php?rest_route=\/wp\/v2\/users\/1"}],"replies":[{"embeddable":true,"href":"http:\/\/vertienteglobal.com\/index.php?rest_route=%2Fwp%2Fv2%2Fcomments&post=154053"}],"version-history":[{"count":0,"href":"http:\/\/vertienteglobal.com\/index.php?rest_route=\/wp\/v2\/posts\/154053\/revisions"}],"wp:featuredmedia":[{"embeddable":true,"href":"http:\/\/vertienteglobal.com\/index.php?rest_route=\/wp\/v2\/media\/154054"}],"wp:attachment":[{"href":"http:\/\/vertienteglobal.com\/index.php?rest_route=%2Fwp%2Fv2%2Fmedia&parent=154053"}],"wp:term":[{"taxonomy":"category","embeddable":true,"href":"http:\/\/vertienteglobal.com\/index.php?rest_route=%2Fwp%2Fv2%2Fcategories&post=154053"},{"taxonomy":"post_tag","embeddable":true,"href":"http:\/\/vertienteglobal.com\/index.php?rest_route=%2Fwp%2Fv2%2Ftags&post=154053"}],"curies":[{"name":"wp","href":"https:\/\/api.w.org\/{rel}","templated":true}]}}