{"id":154046,"date":"2020-04-15T19:36:00","date_gmt":"2020-04-16T00:36:00","guid":{"rendered":"http:\/\/vertienteglobal.com\/?p=154046"},"modified":"2020-04-15T22:38:22","modified_gmt":"2020-04-16T03:38:22","slug":"encabeza-alcalde-victor-mas-tah-entrega-de-alimentos-en-colonias-cristal-y-yaaxtulum-en-tulum","status":"publish","type":"post","link":"http:\/\/vertienteglobal.com\/?p=154046","title":{"rendered":"Encabeza Alcalde V\u00edctor Mas Tah entrega de alimentos en colonias &#8216;Cristal&#8217; y &#8216;Yaaxtulum&#8217; en Tulum"},"content":{"rendered":"\n<div class=\"twitterbutton\" style=\"float: right; padding-left: 5px;\"><a href=\"http:\/\/twitter.com\/share\" class=\"twitter-share-button\" data-count=\"horizontal\" data-text=\"Encabeza Alcalde V\u00edctor Mas Tah entrega de alimentos en colonias &#8216;Cristal...\" data-via=\"https:\/\/twitter.com\/VertienteGloba1\" data-url=\"http:\/\/vertienteglobal.com\/?p=154046\" data-lang=\"es\" data-related=\"Informaci\u00f3n general:S\u00edguenos para que est\u00e9ss informado\"><\/a><\/div>\n<figure class=\"wp-block-gallery columns-1 is-cropped wp-block-gallery-1 is-layout-flex wp-block-gallery-is-layout-flex\"><ul class=\"blocks-gallery-grid\"><li class=\"blocks-gallery-item\"><figure><img loading=\"lazy\" decoding=\"async\" width=\"1024\" height=\"576\" src=\"http:\/\/vertienteglobal.com\/wp-content\/uploads\/2020\/04\/IMG_20200415_204716.jpg\" alt=\"\" data-id=\"154047\" data-full-url=\"http:\/\/vertienteglobal.com\/wp-content\/uploads\/2020\/04\/IMG_20200415_204716.jpg\" data-link=\"http:\/\/vertienteglobal.com\/?attachment_id=154047\" class=\"wp-image-154047\" srcset=\"http:\/\/vertienteglobal.com\/wp-content\/uploads\/2020\/04\/IMG_20200415_204716.jpg 1024w, http:\/\/vertienteglobal.com\/wp-content\/uploads\/2020\/04\/IMG_20200415_204716-300x169.jpg 300w, http:\/\/vertienteglobal.com\/wp-content\/uploads\/2020\/04\/IMG_20200415_204716-150x84.jpg 150w, http:\/\/vertienteglobal.com\/wp-content\/uploads\/2020\/04\/IMG_20200415_204716-768x432.jpg 768w\" sizes=\"auto, (max-width: 1024px) 100vw, 1024px\" \/><\/figure><\/li><\/ul><\/figure>\n\n\n\n<p>(Antonio Rivera)<\/p>\n\n\n\n<p>Inform\u00f3 que la entrega de despensas continuar\u00e1 en los pr\u00f3ximos d\u00edas en diferentes puntos de la geograf\u00eda municipal, por lo tanto, las familias necesitadas que no han recibido ayuda, es importante que permanezcan en sus hogares cuando las brigadas est\u00e9n realizando est\u00e1 actividad y sean atendidas de manera oportuna, en especial para que los menores de edad y adultos mayores cuenten con alimentos en sus mesas<\/p>\n\n\n\n<p>Tulum, Quintana Roo a 15 de abril de 2020.- Con el prop\u00f3sito de atender a las familias m\u00e1s necesitadas al quedarse sin empleo por la contingencia sanitaria, generada por la presencia del Coronavirus en M\u00e9xico, Quintana Roo y Tulum, el presidente municipal, V\u00edctor Mas Tah, encabez\u00f3 una brigada m\u00e1s de entrega de alimentos y despensas en las populosas colonias \u201cCristal\u201d y \u201cYaaxtulum\u201d.<\/p>\n\n\n\n<p>Y es que desde temprana hora, las brigadas se reunieron en las cercan\u00edas de la Casa de la Cultura y la Expofer Tulum, por lo que una vez que los veh\u00edculos estaban llenos de alimentos y las brigadas listas, se les dio el banderazo de salida para acudieran a visitar a las familias tulumnenses que est\u00e1n cumpliendo con las indicaciones de las autoridades sanitarias de mantenerse en sus hogares y sana distancia en tratos con terceros.<\/p>\n\n\n\n<p>\u201cEl Ayuntamiento de Tulum, con el apoyo de autoridades estatales, federales, empresarios, organizaciones sociales y civiles, estamos atendiendo de manera oportuna las peticiones de las familias m\u00e1s necesitadas de Tulum, por lo tanto, deber\u00e1n permanecer en casa y tener a la mano su credencial de elector para que reciban el apoyo\u201d, afirm\u00f3.<\/p>\n\n\n\n<p>Posteriormente, el presidente municipal, V\u00edctor Mas Tah, acompa\u00f1\u00f3 una cuadrilla que acudi\u00f3 a la colonia \u201cCristal\u201d en donde platic\u00f3 con los jefes de familia y les entreg\u00f3 el apoyo establecido para este d\u00eda en estos dos centros de poblaci\u00f3n de reciente creaci\u00f3n e insisti\u00f3 que deben tomar las medidas necesarias y acudir al m\u00e9dico cuando presenten temperatura alta, tos seca, dolor de cabeza, v\u00f3mitos y otros malestares severos.<\/p>\n\n\n\n<p>Inform\u00f3 que la entrega de despensas continuar\u00e1 en los pr\u00f3ximos d\u00edas en diferentes puntos de la geograf\u00eda municipal, por lo tanto, las familias necesitadas que no han recibido ayuda, es importante que permanezcan en sus hogares cuando las brigadas est\u00e9n realizando est\u00e1 actividad y sean atendidas de manera oportuna, en especial para que los menores de edad y adultos mayores cuenten con alimentos en sus mesas.<\/p>\n\n\n\n<p>Por su parte, los padres de familia beneficiados, manifestaron su agradecimiento a las autoridades que est\u00e1n realizando esta noble actividad, ya que algunos tienen un mes sin laborar, lo cual est\u00e1 afectando severamente su econom\u00eda, sobre todo, para la manutenci\u00f3n de esposas, hijos, abuelos y otras personas que viven con ellos.<\/p>\n","protected":false},"excerpt":{"rendered":"<p>(Antonio Rivera) Inform\u00f3 que la entrega de despensas continuar\u00e1 en los pr\u00f3ximos d\u00edas en diferentes puntos de la geograf\u00eda municipal, por lo tanto, las familias necesitadas que no han recibido ayuda, es importante que permanezcan en sus hogares cuando las brigadas est\u00e9n realizando est\u00e1 actividad y sean atendidas de manera oportuna, en especial para que [&hellip;]<\/p>\n","protected":false},"author":1,"featured_media":154047,"comment_status":"open","ping_status":"open","sticky":false,"template":"","format":"standard","meta":{"footnotes":""},"categories":[3],"tags":[],"class_list":["post-154046","post","type-post","status-publish","format-standard","has-post-thumbnail","hentry","category-quintana-roo","entry","has-media"],"jetpack_featured_media_url":"http:\/\/vertienteglobal.com\/wp-content\/uploads\/2020\/04\/IMG_20200415_204716.jpg","_links":{"self":[{"href":"http:\/\/vertienteglobal.com\/index.php?rest_route=\/wp\/v2\/posts\/154046","targetHints":{"allow":["GET"]}}],"collection":[{"href":"http:\/\/vertienteglobal.com\/index.php?rest_route=\/wp\/v2\/posts"}],"about":[{"href":"http:\/\/vertienteglobal.com\/index.php?rest_route=\/wp\/v2\/types\/post"}],"author":[{"embeddable":true,"href":"http:\/\/vertienteglobal.com\/index.php?rest_route=\/wp\/v2\/users\/1"}],"replies":[{"embeddable":true,"href":"http:\/\/vertienteglobal.com\/index.php?rest_route=%2Fwp%2Fv2%2Fcomments&post=154046"}],"version-history":[{"count":0,"href":"http:\/\/vertienteglobal.com\/index.php?rest_route=\/wp\/v2\/posts\/154046\/revisions"}],"wp:featuredmedia":[{"embeddable":true,"href":"http:\/\/vertienteglobal.com\/index.php?rest_route=\/wp\/v2\/media\/154047"}],"wp:attachment":[{"href":"http:\/\/vertienteglobal.com\/index.php?rest_route=%2Fwp%2Fv2%2Fmedia&parent=154046"}],"wp:term":[{"taxonomy":"category","embeddable":true,"href":"http:\/\/vertienteglobal.com\/index.php?rest_route=%2Fwp%2Fv2%2Fcategories&post=154046"},{"taxonomy":"post_tag","embeddable":true,"href":"http:\/\/vertienteglobal.com\/index.php?rest_route=%2Fwp%2Fv2%2Ftags&post=154046"}],"curies":[{"name":"wp","href":"https:\/\/api.w.org\/{rel}","templated":true}]}}