{"id":153992,"date":"2020-04-15T14:50:00","date_gmt":"2020-04-15T19:50:00","guid":{"rendered":"http:\/\/vertienteglobal.com\/?p=153992"},"modified":"2020-04-15T15:56:20","modified_gmt":"2020-04-15T20:56:20","slug":"recibira-quintana-roo-transferencia-por-200-mdp-para-produccion-agricola-y-siembra-de-granos-de-autoconsumo","status":"publish","type":"post","link":"http:\/\/vertienteglobal.com\/?p=153992","title":{"rendered":"Recibir\u00e1 Quintana Roo transferencia por 200 mdp para producci\u00f3n agr\u00edcola y siembra de granos de autoconsumo"},"content":{"rendered":"\n<div class=\"twitterbutton\" style=\"float: right; padding-left: 5px;\"><a href=\"http:\/\/twitter.com\/share\" class=\"twitter-share-button\" data-count=\"horizontal\" data-text=\"Recibir\u00e1 Quintana Roo transferencia por 200 mdp para producci\u00f3n agr\u00edcola y si...\" data-via=\"https:\/\/twitter.com\/VertienteGloba1\" data-url=\"http:\/\/vertienteglobal.com\/?p=153992\" data-lang=\"es\" data-related=\"Informaci\u00f3n general:S\u00edguenos para que est\u00e9ss informado\"><\/a><\/div>\n<figure class=\"wp-block-gallery columns-1 is-cropped wp-block-gallery-1 is-layout-flex wp-block-gallery-is-layout-flex\"><ul class=\"blocks-gallery-grid\"><li class=\"blocks-gallery-item\"><figure><img loading=\"lazy\" decoding=\"async\" width=\"575\" height=\"427\" src=\"http:\/\/vertienteglobal.com\/wp-content\/uploads\/2020\/04\/IMG_20200415_153346-1.jpg\" alt=\"\" data-id=\"153993\" data-full-url=\"http:\/\/vertienteglobal.com\/wp-content\/uploads\/2020\/04\/IMG_20200415_153346-1.jpg\" data-link=\"http:\/\/vertienteglobal.com\/?attachment_id=153993\" class=\"wp-image-153993\" srcset=\"http:\/\/vertienteglobal.com\/wp-content\/uploads\/2020\/04\/IMG_20200415_153346-1.jpg 575w, http:\/\/vertienteglobal.com\/wp-content\/uploads\/2020\/04\/IMG_20200415_153346-1-300x223.jpg 300w, http:\/\/vertienteglobal.com\/wp-content\/uploads\/2020\/04\/IMG_20200415_153346-1-150x111.jpg 150w\" sizes=\"auto, (max-width: 575px) 100vw, 575px\" \/><\/figure><\/li><\/ul><\/figure>\n\n\n\n<p>(Redaccion)<\/p>\n\n\n\n<p>Coment\u00f3 que esta iniciativa del Gobierno de M\u00e9xico dar\u00e1 emple\u00f3 a los trabajadores de turismo que regresan a sus pueblos originarios, ahora que por el coronavirus est\u00e1n detenidas las actividades tur\u00edsticas<\/p>\n\n\n\n<p>Felipe Carrillo Puerto, Quintana Roo a 15 de abril de 2020.- A partir de esta semana, Quintana Roo recibir\u00e1 una transferencia por parte del Gobierno de M\u00e9xico por 200 millones de pesos que se destinar\u00e1n para la producci\u00f3n agr\u00edcola en la zona maya y la siembra de ma\u00edz y frijol para autoconsumo, generando una importante cantidad de empleos.<\/p>\n\n\n\n<p>Lo anterior fue resultado de la gira que sostuvo por Felipe Carrillo Puerto, V\u00edctor Su\u00e1rez Carrera, subsecretario de Alimentaci\u00f3n y Competitividad de la Secretar\u00eda de Agricultura y Desarrollo Rural.<\/p>\n\n\n\n<p>Su\u00e1rez Carrera particip\u00f3 en una reuni\u00f3n con un grupo reducido de personas, guardando todos la Sana Distancia por el tema de la emergencia sanitaria.<\/p>\n\n\n\n<p>En el evento particip\u00f3 el Delegado en Quintana Roo de los Programas Integrales del Bienestar, Arturo Emiliano Abreu Mar\u00edn; el titular en Quintana Roo de la Secretar\u00eda de Desarrollo Rural, Luis Torres Llanes y la representante del Instituto Nacional de los Pueblos Ind\u00edgenas, Erika Poblano.<\/p>\n\n\n\n<p>\u00abSostuvimos una reuni\u00f3n en el INPI, en Felipe Carrillo Puerto, en el coraz\u00f3n de la Zona Maya, con el Subsecretario de la SADER, V\u00edctor Su\u00e1rez Carrera y algunas autoridades, entre ellas los representantes de los Pueblos Indigenas, Sader, Sedarpe y la Delegaci\u00f3n de Programas Integrales que represento\u00bb, explic\u00f3 Arturo Abreu Mar\u00edn.<\/p>\n\n\n\n<p>Destac\u00f3 que el Subsecretario inform\u00f3 que la pr\u00f3xima semana se van a transferir 120 millones de pesos que corresponden al Padr\u00f3n de Producci\u00f3n Para el Bienestar del a\u00f1o 2019 y se acord\u00f3 la din\u00e1mica de operatividad para la integraci\u00f3n de 16 mil nuevos beneficiarios, en la que se destinar\u00e1n 80 millones de pesos para la siembra de granos de autoconsumo, en espec\u00edfico de ma\u00edz blanco y frijol\u00bb, expuso.<\/p>\n\n\n\n<p>Coment\u00f3 que esta iniciativa del Gobierno de M\u00e9xico dar\u00e1 emple\u00f3 a los trabajadores de turismo que regresan a sus pueblos originarios, ahora que por el coronavirus est\u00e1n detenidas las actividades tur\u00edsticas.<\/p>\n\n\n\n<figure class=\"wp-block-gallery columns-1 is-cropped wp-block-gallery-2 is-layout-flex wp-block-gallery-is-layout-flex\"><ul class=\"blocks-gallery-grid\"><li class=\"blocks-gallery-item\"><figure><img loading=\"lazy\" decoding=\"async\" width=\"575\" height=\"1024\" src=\"http:\/\/vertienteglobal.com\/wp-content\/uploads\/2020\/04\/IMG_20200415_153346.jpg\" alt=\"\" data-id=\"153994\" data-full-url=\"http:\/\/vertienteglobal.com\/wp-content\/uploads\/2020\/04\/IMG_20200415_153346.jpg\" data-link=\"http:\/\/vertienteglobal.com\/?attachment_id=153994\" class=\"wp-image-153994\" srcset=\"http:\/\/vertienteglobal.com\/wp-content\/uploads\/2020\/04\/IMG_20200415_153346.jpg 575w, http:\/\/vertienteglobal.com\/wp-content\/uploads\/2020\/04\/IMG_20200415_153346-168x300.jpg 168w, http:\/\/vertienteglobal.com\/wp-content\/uploads\/2020\/04\/IMG_20200415_153346-84x150.jpg 84w\" sizes=\"auto, (max-width: 575px) 100vw, 575px\" \/><\/figure><\/li><\/ul><\/figure>\n\n\n\n<figure class=\"wp-block-gallery columns-1 is-cropped wp-block-gallery-3 is-layout-flex wp-block-gallery-is-layout-flex\"><ul class=\"blocks-gallery-grid\"><li class=\"blocks-gallery-item\"><figure><img loading=\"lazy\" decoding=\"async\" width=\"1024\" height=\"768\" src=\"http:\/\/vertienteglobal.com\/wp-content\/uploads\/2020\/04\/IMG_20200415_153441-1024x768.jpg\" alt=\"\" data-id=\"153995\" data-full-url=\"http:\/\/vertienteglobal.com\/wp-content\/uploads\/2020\/04\/IMG_20200415_153441.jpg\" data-link=\"http:\/\/vertienteglobal.com\/?attachment_id=153995\" class=\"wp-image-153995\" srcset=\"http:\/\/vertienteglobal.com\/wp-content\/uploads\/2020\/04\/IMG_20200415_153441-1024x768.jpg 1024w, http:\/\/vertienteglobal.com\/wp-content\/uploads\/2020\/04\/IMG_20200415_153441-300x225.jpg 300w, http:\/\/vertienteglobal.com\/wp-content\/uploads\/2020\/04\/IMG_20200415_153441-150x113.jpg 150w, http:\/\/vertienteglobal.com\/wp-content\/uploads\/2020\/04\/IMG_20200415_153441-768x576.jpg 768w, http:\/\/vertienteglobal.com\/wp-content\/uploads\/2020\/04\/IMG_20200415_153441.jpg 1032w\" sizes=\"auto, (max-width: 1024px) 100vw, 1024px\" \/><\/figure><\/li><\/ul><\/figure>\n","protected":false},"excerpt":{"rendered":"<p>(Redaccion) Coment\u00f3 que esta iniciativa del Gobierno de M\u00e9xico dar\u00e1 emple\u00f3 a los trabajadores de turismo que regresan a sus pueblos originarios, ahora que por el coronavirus est\u00e1n detenidas las actividades tur\u00edsticas Felipe Carrillo Puerto, Quintana Roo a 15 de abril de 2020.- A partir de esta semana, Quintana Roo recibir\u00e1 una transferencia por parte [&hellip;]<\/p>\n","protected":false},"author":1,"featured_media":153993,"comment_status":"open","ping_status":"open","sticky":false,"template":"","format":"standard","meta":{"footnotes":""},"categories":[3],"tags":[],"class_list":["post-153992","post","type-post","status-publish","format-standard","has-post-thumbnail","hentry","category-quintana-roo","entry","has-media"],"jetpack_featured_media_url":"http:\/\/vertienteglobal.com\/wp-content\/uploads\/2020\/04\/IMG_20200415_153346-1.jpg","_links":{"self":[{"href":"http:\/\/vertienteglobal.com\/index.php?rest_route=\/wp\/v2\/posts\/153992","targetHints":{"allow":["GET"]}}],"collection":[{"href":"http:\/\/vertienteglobal.com\/index.php?rest_route=\/wp\/v2\/posts"}],"about":[{"href":"http:\/\/vertienteglobal.com\/index.php?rest_route=\/wp\/v2\/types\/post"}],"author":[{"embeddable":true,"href":"http:\/\/vertienteglobal.com\/index.php?rest_route=\/wp\/v2\/users\/1"}],"replies":[{"embeddable":true,"href":"http:\/\/vertienteglobal.com\/index.php?rest_route=%2Fwp%2Fv2%2Fcomments&post=153992"}],"version-history":[{"count":0,"href":"http:\/\/vertienteglobal.com\/index.php?rest_route=\/wp\/v2\/posts\/153992\/revisions"}],"wp:featuredmedia":[{"embeddable":true,"href":"http:\/\/vertienteglobal.com\/index.php?rest_route=\/wp\/v2\/media\/153993"}],"wp:attachment":[{"href":"http:\/\/vertienteglobal.com\/index.php?rest_route=%2Fwp%2Fv2%2Fmedia&parent=153992"}],"wp:term":[{"taxonomy":"category","embeddable":true,"href":"http:\/\/vertienteglobal.com\/index.php?rest_route=%2Fwp%2Fv2%2Fcategories&post=153992"},{"taxonomy":"post_tag","embeddable":true,"href":"http:\/\/vertienteglobal.com\/index.php?rest_route=%2Fwp%2Fv2%2Ftags&post=153992"}],"curies":[{"name":"wp","href":"https:\/\/api.w.org\/{rel}","templated":true}]}}