{"id":153831,"date":"2020-04-14T08:19:00","date_gmt":"2020-04-14T13:19:00","guid":{"rendered":"http:\/\/vertienteglobal.com\/?p=153831"},"modified":"2020-04-14T13:17:34","modified_gmt":"2020-04-14T18:17:34","slug":"reactivacion-del-consumo-sera-en-tres-meses-amlo","status":"publish","type":"post","link":"http:\/\/vertienteglobal.com\/?p=153831","title":{"rendered":"Reactivaci\u00f3n del consumo ser\u00e1 en tres meses: AMLO"},"content":{"rendered":"\n<div class=\"twitterbutton\" style=\"float: right; padding-left: 5px;\"><a href=\"http:\/\/twitter.com\/share\" class=\"twitter-share-button\" data-count=\"horizontal\" data-text=\"Reactivaci\u00f3n del consumo ser\u00e1 en tres meses: AMLO\" data-via=\"https:\/\/twitter.com\/VertienteGloba1\" data-url=\"http:\/\/vertienteglobal.com\/?p=153831\" data-lang=\"es\" data-related=\"Informaci\u00f3n general:S\u00edguenos para que est\u00e9ss informado\"><\/a><\/div>\n<figure class=\"wp-block-gallery columns-1 is-cropped wp-block-gallery-1 is-layout-flex wp-block-gallery-is-layout-flex\"><ul class=\"blocks-gallery-grid\"><li class=\"blocks-gallery-item\"><figure><img loading=\"lazy\" decoding=\"async\" width=\"1024\" height=\"636\" src=\"http:\/\/vertienteglobal.com\/wp-content\/uploads\/2020\/04\/IMG_20200414_130226-1024x636.jpg\" alt=\"\" data-id=\"153832\" data-full-url=\"http:\/\/vertienteglobal.com\/wp-content\/uploads\/2020\/04\/IMG_20200414_130226.jpg\" data-link=\"http:\/\/vertienteglobal.com\/?attachment_id=153832\" class=\"wp-image-153832\" srcset=\"http:\/\/vertienteglobal.com\/wp-content\/uploads\/2020\/04\/IMG_20200414_130226-1024x636.jpg 1024w, http:\/\/vertienteglobal.com\/wp-content\/uploads\/2020\/04\/IMG_20200414_130226-300x186.jpg 300w, http:\/\/vertienteglobal.com\/wp-content\/uploads\/2020\/04\/IMG_20200414_130226-150x93.jpg 150w, http:\/\/vertienteglobal.com\/wp-content\/uploads\/2020\/04\/IMG_20200414_130226-768x477.jpg 768w, http:\/\/vertienteglobal.com\/wp-content\/uploads\/2020\/04\/IMG_20200414_130226.jpg 1039w\" sizes=\"auto, (max-width: 1024px) 100vw, 1024px\" \/><\/figure><\/li><\/ul><\/figure>\n\n\n\n<p>(Redacci\u00f3n)<\/p>\n\n\n\n<p>En mayo, junio, julio va haber una inyecci\u00f3n de dinero en la poblaci\u00f3n, sobre todo en los m\u00e1s pobres, para que tengan capacidad de consumo, se va a fortalecer la capacidad de consumo en tres meses<\/p>\n\n\n\n<p>Ciudad de M\u00e9xico a 14 de abril de 2020.- El presidente Andr\u00e9s Manuel L\u00f3pez Obrador anunci\u00f3 que al terminar la cuarentena por el Covid-19, iniciar\u00e1 la reactivaci\u00f3n econ\u00f3mica con la inyecci\u00f3n de recursos en la poblaci\u00f3n para reactivar el consumo.<\/p>\n\n\n\n<p>Y es que durante su conferencia de prensa matutina de este martes, indic\u00f3 que en los meses de mayo, junio y julio se inyectar\u00e1 dinero a los m\u00e1s pobres para que tengan la capacidad de consumo.<\/p>\n\n\n\n<p>\u2018Una vez que se resuelva lo de la epidemia vamos a iniciar con la recuperaci\u00f3n econom\u00eda, ya estamos trabajando en eso.<\/p>\n\n\n\n<p>En mayo, junio, julio va haber una inyecci\u00f3n de dinero en la poblaci\u00f3n, sobre todo en los m\u00e1s pobres, para que tengan capacidad de consumo, se va a fortalecer la capacidad de consumo en tres meses.<\/p>\n\n\n\n<p>Lo que se tenga y el resto para levantar pronto la econom\u00eda\u2019, coment\u00f3. (Fuente: Milenio)<\/p>\n","protected":false},"excerpt":{"rendered":"<p>(Redacci\u00f3n) En mayo, junio, julio va haber una inyecci\u00f3n de dinero en la poblaci\u00f3n, sobre todo en los m\u00e1s pobres, para que tengan capacidad de consumo, se va a fortalecer la capacidad de consumo en tres meses Ciudad de M\u00e9xico a 14 de abril de 2020.- El presidente Andr\u00e9s Manuel L\u00f3pez Obrador anunci\u00f3 que al [&hellip;]<\/p>\n","protected":false},"author":1,"featured_media":153832,"comment_status":"open","ping_status":"open","sticky":false,"template":"","format":"standard","meta":{"footnotes":""},"categories":[8],"tags":[],"class_list":["post-153831","post","type-post","status-publish","format-standard","has-post-thumbnail","hentry","category-pais","entry","has-media"],"jetpack_featured_media_url":"http:\/\/vertienteglobal.com\/wp-content\/uploads\/2020\/04\/IMG_20200414_130226.jpg","_links":{"self":[{"href":"http:\/\/vertienteglobal.com\/index.php?rest_route=\/wp\/v2\/posts\/153831","targetHints":{"allow":["GET"]}}],"collection":[{"href":"http:\/\/vertienteglobal.com\/index.php?rest_route=\/wp\/v2\/posts"}],"about":[{"href":"http:\/\/vertienteglobal.com\/index.php?rest_route=\/wp\/v2\/types\/post"}],"author":[{"embeddable":true,"href":"http:\/\/vertienteglobal.com\/index.php?rest_route=\/wp\/v2\/users\/1"}],"replies":[{"embeddable":true,"href":"http:\/\/vertienteglobal.com\/index.php?rest_route=%2Fwp%2Fv2%2Fcomments&post=153831"}],"version-history":[{"count":0,"href":"http:\/\/vertienteglobal.com\/index.php?rest_route=\/wp\/v2\/posts\/153831\/revisions"}],"wp:featuredmedia":[{"embeddable":true,"href":"http:\/\/vertienteglobal.com\/index.php?rest_route=\/wp\/v2\/media\/153832"}],"wp:attachment":[{"href":"http:\/\/vertienteglobal.com\/index.php?rest_route=%2Fwp%2Fv2%2Fmedia&parent=153831"}],"wp:term":[{"taxonomy":"category","embeddable":true,"href":"http:\/\/vertienteglobal.com\/index.php?rest_route=%2Fwp%2Fv2%2Fcategories&post=153831"},{"taxonomy":"post_tag","embeddable":true,"href":"http:\/\/vertienteglobal.com\/index.php?rest_route=%2Fwp%2Fv2%2Ftags&post=153831"}],"curies":[{"name":"wp","href":"https:\/\/api.w.org\/{rel}","templated":true}]}}