{"id":153556,"date":"2020-04-11T15:41:00","date_gmt":"2020-04-11T20:41:00","guid":{"rendered":"http:\/\/vertienteglobal.com\/?p=153556"},"modified":"2020-04-11T17:51:21","modified_gmt":"2020-04-11T22:51:21","slug":"grupo-plural-de-igualdad-sustantiva-foro-virtual-nacional-sobre-combate-al-feminicidio-15-y-22-de-abril-lorena-villavicencio","status":"publish","type":"post","link":"http:\/\/vertienteglobal.com\/?p=153556","title":{"rendered":"Grupo Plural de Igualdad Sustantiva, foro virtual nacional sobre combate al feminicidio 15 y 22 de abril: Lorena Villavicencio"},"content":{"rendered":"\n<div class=\"twitterbutton\" style=\"float: right; padding-left: 5px;\"><a href=\"http:\/\/twitter.com\/share\" class=\"twitter-share-button\" data-count=\"horizontal\" data-text=\"Grupo Plural de Igualdad Sustantiva, foro virtual nacional sobre combate al femi...\" data-via=\"https:\/\/twitter.com\/VertienteGloba1\" data-url=\"http:\/\/vertienteglobal.com\/?p=153556\" data-lang=\"es\" data-related=\"Informaci\u00f3n general:S\u00edguenos para que est\u00e9ss informado\"><\/a><\/div>\n<figure class=\"wp-block-gallery columns-1 is-cropped wp-block-gallery-1 is-layout-flex wp-block-gallery-is-layout-flex\"><ul class=\"blocks-gallery-grid\"><li class=\"blocks-gallery-item\"><figure><img loading=\"lazy\" decoding=\"async\" width=\"850\" height=\"565\" src=\"http:\/\/vertienteglobal.com\/wp-content\/uploads\/2020\/04\/2020_04_11__04_24_43pm.jpg\" alt=\"\" data-id=\"153557\" data-full-url=\"http:\/\/vertienteglobal.com\/wp-content\/uploads\/2020\/04\/2020_04_11__04_24_43pm.jpg\" data-link=\"http:\/\/vertienteglobal.com\/?attachment_id=153557\" class=\"wp-image-153557\" srcset=\"http:\/\/vertienteglobal.com\/wp-content\/uploads\/2020\/04\/2020_04_11__04_24_43pm.jpg 850w, http:\/\/vertienteglobal.com\/wp-content\/uploads\/2020\/04\/2020_04_11__04_24_43pm-300x199.jpg 300w, http:\/\/vertienteglobal.com\/wp-content\/uploads\/2020\/04\/2020_04_11__04_24_43pm-150x100.jpg 150w, http:\/\/vertienteglobal.com\/wp-content\/uploads\/2020\/04\/2020_04_11__04_24_43pm-768x510.jpg 768w\" sizes=\"auto, (max-width: 850px) 100vw, 850px\" \/><\/figure><\/li><\/ul><\/figure>\n\n\n\n<p>(Redacci\u00f3n)<\/p>\n\n\n\n<p>Se\u00f1ala Lorena Villavicencio que se llevar\u00e1 a cabo los mi\u00e9rcoles 15 y 22 de abril, a partir de las 10:00 horas, a trav\u00e9s de las redes sociales de la C\u00e1mara de Diputados<\/p>\n\n\n\n<p>Ciudad de M\u00e9xico a 11 de abril de 2020.- El Grupo Plural de Igualdad Sustantiva de la C\u00e1mara de Diputados invit\u00f3 al foro virtual nacional \u201cCombate al Feminicidio. A ocho a\u00f1os de su incorporaci\u00f3n en el sistema de justicia. Experiencias y desaf\u00edos\u201d.<\/p>\n\n\n\n<p>En un comunicado, la diputada Lorena Villavicencio Ayala (Morena), integrante del Grupo Plural, inform\u00f3 que \u00e9ste se llevar\u00e1 a cabo a trav\u00e9s de las redes sociales oficiales de la C\u00e1mara de Diputados: Facebook, Twitter y YouTube, el 15 y 22 de abril a partir de las 10:00 horas.<\/p>\n\n\n\n<p>\u201cDebido a la contingencia, las diputadas y los diputados contin\u00faan sus labores de manera virtual\u201d, subray\u00f3.<\/p>\n\n\n\n<p>Indic\u00f3 que participar\u00e1n representantes de fiscal\u00edas estatales y del Poder Judicial, as\u00ed como representantes de la sociedad civil y especialistas.<\/p>\n\n\n\n<p>Los comentarios y preguntas de las ciudadanas y ciudadanos que deseen intervenir se realizar\u00e1n desde el sitio diputados.gob.mx\/combatefeminicidio, inform\u00f3.<\/p>\n","protected":false},"excerpt":{"rendered":"<p>(Redacci\u00f3n) Se\u00f1ala Lorena Villavicencio que se llevar\u00e1 a cabo los mi\u00e9rcoles 15 y 22 de abril, a partir de las 10:00 horas, a trav\u00e9s de las redes sociales de la C\u00e1mara de Diputados Ciudad de M\u00e9xico a 11 de abril de 2020.- El Grupo Plural de Igualdad Sustantiva de la C\u00e1mara de Diputados invit\u00f3 al [&hellip;]<\/p>\n","protected":false},"author":1,"featured_media":153557,"comment_status":"open","ping_status":"open","sticky":false,"template":"","format":"standard","meta":{"footnotes":""},"categories":[8],"tags":[],"class_list":["post-153556","post","type-post","status-publish","format-standard","has-post-thumbnail","hentry","category-pais","entry","has-media"],"jetpack_featured_media_url":"http:\/\/vertienteglobal.com\/wp-content\/uploads\/2020\/04\/2020_04_11__04_24_43pm.jpg","_links":{"self":[{"href":"http:\/\/vertienteglobal.com\/index.php?rest_route=\/wp\/v2\/posts\/153556","targetHints":{"allow":["GET"]}}],"collection":[{"href":"http:\/\/vertienteglobal.com\/index.php?rest_route=\/wp\/v2\/posts"}],"about":[{"href":"http:\/\/vertienteglobal.com\/index.php?rest_route=\/wp\/v2\/types\/post"}],"author":[{"embeddable":true,"href":"http:\/\/vertienteglobal.com\/index.php?rest_route=\/wp\/v2\/users\/1"}],"replies":[{"embeddable":true,"href":"http:\/\/vertienteglobal.com\/index.php?rest_route=%2Fwp%2Fv2%2Fcomments&post=153556"}],"version-history":[{"count":0,"href":"http:\/\/vertienteglobal.com\/index.php?rest_route=\/wp\/v2\/posts\/153556\/revisions"}],"wp:featuredmedia":[{"embeddable":true,"href":"http:\/\/vertienteglobal.com\/index.php?rest_route=\/wp\/v2\/media\/153557"}],"wp:attachment":[{"href":"http:\/\/vertienteglobal.com\/index.php?rest_route=%2Fwp%2Fv2%2Fmedia&parent=153556"}],"wp:term":[{"taxonomy":"category","embeddable":true,"href":"http:\/\/vertienteglobal.com\/index.php?rest_route=%2Fwp%2Fv2%2Fcategories&post=153556"},{"taxonomy":"post_tag","embeddable":true,"href":"http:\/\/vertienteglobal.com\/index.php?rest_route=%2Fwp%2Fv2%2Ftags&post=153556"}],"curies":[{"name":"wp","href":"https:\/\/api.w.org\/{rel}","templated":true}]}}