{"id":153376,"date":"2020-04-09T21:50:00","date_gmt":"2020-04-10T02:50:00","guid":{"rendered":"http:\/\/vertienteglobal.com\/?p=153376"},"modified":"2020-04-09T22:12:22","modified_gmt":"2020-04-10T03:12:22","slug":"resteingen-venta-de-bebidas-alcoholicas-en-quintana-roo-por-covid-19","status":"publish","type":"post","link":"http:\/\/vertienteglobal.com\/?p=153376","title":{"rendered":"Resteingen venta de bebidas alcoh\u00f3licas en Quintana Roo por COVID-19"},"content":{"rendered":"\n<div class=\"twitterbutton\" style=\"float: right; padding-left: 5px;\"><a href=\"http:\/\/twitter.com\/share\" class=\"twitter-share-button\" data-count=\"horizontal\" data-text=\"Resteingen venta de bebidas alcoh\u00f3licas en Quintana Roo por COVID-19\" data-via=\"https:\/\/twitter.com\/VertienteGloba1\" data-url=\"http:\/\/vertienteglobal.com\/?p=153376\" data-lang=\"es\" data-related=\"Informaci\u00f3n general:S\u00edguenos para que est\u00e9ss informado\"><\/a><\/div>\n<figure class=\"wp-block-gallery columns-1 is-cropped wp-block-gallery-1 is-layout-flex wp-block-gallery-is-layout-flex\"><ul class=\"blocks-gallery-grid\"><li class=\"blocks-gallery-item\"><figure><img loading=\"lazy\" decoding=\"async\" width=\"567\" height=\"319\" src=\"http:\/\/vertienteglobal.com\/wp-content\/uploads\/2020\/04\/IMG_20200409_215939.jpg\" alt=\"\" data-id=\"153377\" data-full-url=\"http:\/\/vertienteglobal.com\/wp-content\/uploads\/2020\/04\/IMG_20200409_215939.jpg\" data-link=\"http:\/\/vertienteglobal.com\/?attachment_id=153377\" class=\"wp-image-153377\" srcset=\"http:\/\/vertienteglobal.com\/wp-content\/uploads\/2020\/04\/IMG_20200409_215939.jpg 567w, http:\/\/vertienteglobal.com\/wp-content\/uploads\/2020\/04\/IMG_20200409_215939-300x169.jpg 300w, http:\/\/vertienteglobal.com\/wp-content\/uploads\/2020\/04\/IMG_20200409_215939-150x84.jpg 150w\" sizes=\"auto, (max-width: 567px) 100vw, 567px\" \/><\/figure><\/li><\/ul><\/figure>\n\n\n\n<p>(Redacci\u00f3n)<\/p>\n\n\n\n<p>Esta nueva restricci\u00f3n aplica a todos los Municipios del Estado, y solo podr\u00e1 realizarse la venta de bebidas alcoh\u00f3licas al horario comprendido de las 10:00 horas a las 16:59 horas<\/p>\n\n\n\n<p>Chetumal, Quintana Roo a 09 de abril de 2020.- La Secretar\u00eda de Finanzas y Planeaci\u00f3n (SEFIPLAN) por indicaciones del Gobernador de Quintana Roo, Carlos Joaqu\u00edn Gonz\u00e1lez, anuncia que a partir del 11 de abril y hasta el 30 de abril del 2020, se suspende temporalmente la venta de bebidas alcoh\u00f3licas en el horario comprendido de las 17:00 horas y hasta las 9:59 horas del d\u00eda siguiente, de lunes a domingo en los once municipios del Estado.<\/p>\n\n\n\n<p>Al respecto, Yohanet Torres Mu\u00f1oz titular de la SEFIPLAN dijo que: \u201cEl Gobernador ha anunciado esta medida para garantizar la salud y bienestar de los quintanarroenses, para reforzar las acciones que se llevan a cabo con motivo de la situaci\u00f3n sanitaria del Covid19 y as\u00ed evitar su propagaci\u00f3n\u201d.<\/p>\n\n\n\n<p>Esta nueva restricci\u00f3n aplica a todos los Municipios del Estado, y solo podr\u00e1 realizarse la venta de bebidas alcoh\u00f3licas al horario comprendido de las 10:00 horas a las 16:59 horas.<\/p>\n\n\n\n<p>Luego de que el Gobierno de M\u00e9xico declar\u00f3 emergencia sanitaria debido a la pandemia del Coronavirus, el gobierno de Quintana Roo ha anunciado acciones para evitar los contagios, entre las que destacan en este rubro: la prohibici\u00f3n de funcionamiento de bares y casinos y la restricci\u00f3n de horario en la venta de bebidas alcoh\u00f3licas en envase cerrado.<\/p>\n\n\n\n<p>\u201cSe invita a la sociedad en general a seguir las indicaciones y medidas sanitarias para evitar una mayor propagaci\u00f3n. JUNTOS SALDREMOS ADELANTE\u201d, resalt\u00f3 la funcionaria estatal.<\/p>\n","protected":false},"excerpt":{"rendered":"<p>(Redacci\u00f3n) Esta nueva restricci\u00f3n aplica a todos los Municipios del Estado, y solo podr\u00e1 realizarse la venta de bebidas alcoh\u00f3licas al horario comprendido de las 10:00 horas a las 16:59 horas Chetumal, Quintana Roo a 09 de abril de 2020.- La Secretar\u00eda de Finanzas y Planeaci\u00f3n (SEFIPLAN) por indicaciones del Gobernador de Quintana Roo, Carlos [&hellip;]<\/p>\n","protected":false},"author":1,"featured_media":153377,"comment_status":"open","ping_status":"open","sticky":false,"template":"","format":"standard","meta":{"footnotes":""},"categories":[3],"tags":[],"class_list":["post-153376","post","type-post","status-publish","format-standard","has-post-thumbnail","hentry","category-quintana-roo","entry","has-media"],"jetpack_featured_media_url":"http:\/\/vertienteglobal.com\/wp-content\/uploads\/2020\/04\/IMG_20200409_215939.jpg","_links":{"self":[{"href":"http:\/\/vertienteglobal.com\/index.php?rest_route=\/wp\/v2\/posts\/153376","targetHints":{"allow":["GET"]}}],"collection":[{"href":"http:\/\/vertienteglobal.com\/index.php?rest_route=\/wp\/v2\/posts"}],"about":[{"href":"http:\/\/vertienteglobal.com\/index.php?rest_route=\/wp\/v2\/types\/post"}],"author":[{"embeddable":true,"href":"http:\/\/vertienteglobal.com\/index.php?rest_route=\/wp\/v2\/users\/1"}],"replies":[{"embeddable":true,"href":"http:\/\/vertienteglobal.com\/index.php?rest_route=%2Fwp%2Fv2%2Fcomments&post=153376"}],"version-history":[{"count":0,"href":"http:\/\/vertienteglobal.com\/index.php?rest_route=\/wp\/v2\/posts\/153376\/revisions"}],"wp:featuredmedia":[{"embeddable":true,"href":"http:\/\/vertienteglobal.com\/index.php?rest_route=\/wp\/v2\/media\/153377"}],"wp:attachment":[{"href":"http:\/\/vertienteglobal.com\/index.php?rest_route=%2Fwp%2Fv2%2Fmedia&parent=153376"}],"wp:term":[{"taxonomy":"category","embeddable":true,"href":"http:\/\/vertienteglobal.com\/index.php?rest_route=%2Fwp%2Fv2%2Fcategories&post=153376"},{"taxonomy":"post_tag","embeddable":true,"href":"http:\/\/vertienteglobal.com\/index.php?rest_route=%2Fwp%2Fv2%2Ftags&post=153376"}],"curies":[{"name":"wp","href":"https:\/\/api.w.org\/{rel}","templated":true}]}}