{"id":153330,"date":"2020-04-09T16:15:00","date_gmt":"2020-04-09T21:15:00","guid":{"rendered":"http:\/\/vertienteglobal.com\/?p=153330"},"modified":"2020-04-09T19:16:21","modified_gmt":"2020-04-10T00:16:21","slug":"declara-conagua-inicio-de-emergencia-por-ocurrencia-de-sequia-severa-extrema-o-excepcional","status":"publish","type":"post","link":"http:\/\/vertienteglobal.com\/?p=153330","title":{"rendered":"Declara Conagua inicio de emergencia por ocurrencia de sequ\u00eda severa, extrema o excepcional"},"content":{"rendered":"\n<div class=\"twitterbutton\" style=\"float: right; padding-left: 5px;\"><a href=\"http:\/\/twitter.com\/share\" class=\"twitter-share-button\" data-count=\"horizontal\" data-text=\"Declara Conagua inicio de emergencia por ocurrencia de sequ\u00eda severa, extrema o...\" data-via=\"https:\/\/twitter.com\/VertienteGloba1\" data-url=\"http:\/\/vertienteglobal.com\/?p=153330\" data-lang=\"es\" data-related=\"Informaci\u00f3n general:S\u00edguenos para que est\u00e9ss informado\"><\/a><\/div>\n<figure class=\"wp-block-gallery columns-1 is-cropped wp-block-gallery-1 is-layout-flex wp-block-gallery-is-layout-flex\"><ul class=\"blocks-gallery-grid\"><li class=\"blocks-gallery-item\"><figure><img loading=\"lazy\" decoding=\"async\" width=\"1024\" height=\"690\" src=\"http:\/\/vertienteglobal.com\/wp-content\/uploads\/2020\/04\/IMG_20200409_185715.jpg\" alt=\"\" data-id=\"153331\" data-full-url=\"http:\/\/vertienteglobal.com\/wp-content\/uploads\/2020\/04\/IMG_20200409_185715.jpg\" data-link=\"http:\/\/vertienteglobal.com\/?attachment_id=153331\" class=\"wp-image-153331\" srcset=\"http:\/\/vertienteglobal.com\/wp-content\/uploads\/2020\/04\/IMG_20200409_185715.jpg 1024w, http:\/\/vertienteglobal.com\/wp-content\/uploads\/2020\/04\/IMG_20200409_185715-300x202.jpg 300w, http:\/\/vertienteglobal.com\/wp-content\/uploads\/2020\/04\/IMG_20200409_185715-150x101.jpg 150w, http:\/\/vertienteglobal.com\/wp-content\/uploads\/2020\/04\/IMG_20200409_185715-768x518.jpg 768w\" sizes=\"auto, (max-width: 1024px) 100vw, 1024px\" \/><\/figure><\/li><\/ul><\/figure>\n\n\n\n<p>(Redacci\u00f3n)<\/p>\n\n\n\n<p>La Conagua exhorta a los usuarios de las aguas nacionales de los municipios que presenten alguna condici\u00f3n de sequ\u00eda, conforme al reporte quincenal del Monitor de Sequ\u00eda de M\u00e9xico, a implementar las medidas preventivas y de mitigaci\u00f3n contenidas en el Programa de Medidas Preventivas y de Mitigaci\u00f3n de Sequ\u00eda que corresponda al consejo de cuenca en que se ubiquen<\/p>\n\n\n\n<p>Ciudad de M\u00e9xico a 09 de abril de 2020.- La Comisi\u00f3n Nacional del Agua (Conagua) public\u00f3 hoy en el Diario Oficial de la Federaci\u00f3n un acuerdo de car\u00e1cter general de inicio de emergencia por ocurrencia de sequ\u00eda severa, extrema o excepcional en cuencas para el a\u00f1o 2020.<\/p>\n\n\n\n<p>Lo anterior, en virtud de que a la fecha se ha determinado en diversas cuencas del pa\u00eds, la condici\u00f3n de este fen\u00f3meno natural en sus modalidades de severa, extrema o excepcional, informaci\u00f3n que puede ser consultada en la p\u00e1gina electr\u00f3nica de la Comisi\u00f3n, en su apartado de Programa Nacional contra la Sequ\u00eda: Monitoreo de la Sequ\u00eda, se\u00f1ala la dependencia en un comunicado.<\/p>\n\n\n\n<p>Conforme al acuerdo publicado, a fin de contribuir con las acciones de mitigaci\u00f3n de los efectos de la sequ\u00eda, los titulares de concesiones para la explotaci\u00f3n, uso o aprovechamiento de aguas nacionales, adem\u00e1s de implementar las medidas preventivas y de mitigaci\u00f3n, previstas en el Programa del Consejo de Cuenca que les corresponda, podr\u00e1n ejecutar otras acciones.<\/p>\n\n\n\n<p>Esas medidas pueden ser dar aviso a la Autoridad del Agua para proporcionar a terceros, en forma provisional, el uso total o parcial de las aguas concesionadas.<\/p>\n\n\n\n<p>Tambi\u00e9n ceder o transmitir temporalmente a la Autoridad del Agua sus derechos y solicitar la interrupci\u00f3n de la caducidad de los vol\u00famenes concesionados que no utilicen, en tanto subsiste la emergencia.<\/p>\n\n\n\n<p>Medidas transitorias<\/p>\n\n\n\n<p>A su vez, la Conagua, conforme a los resultados de los an\u00e1lisis y dict\u00e1menes realizados por el Monitor de Sequ\u00eda de M\u00e9xico, a fin de garantizar el abasto de agua para uso dom\u00e9stico y p\u00fablico urbano, podr\u00e1 ejecutar medidas transitorias concertadas con los representantes de los usuarios en los consejos de cuenca que presenten condiciones de sequ\u00eda severa, extrema o excepcional.<\/p>\n\n\n\n<p>La Conagua exhorta a los usuarios de las aguas nacionales de los municipios que presenten alguna condici\u00f3n de sequ\u00eda, conforme al reporte quincenal del Monitor de Sequ\u00eda de M\u00e9xico, a implementar las medidas preventivas y de mitigaci\u00f3n contenidas en el Programa de Medidas Preventivas y de Mitigaci\u00f3n de Sequ\u00eda que corresponda al consejo de cuenca en que se ubiquen. (Fuente: El Heraldo de M\u00e9xico)<\/p>\n","protected":false},"excerpt":{"rendered":"<p>(Redacci\u00f3n) La Conagua exhorta a los usuarios de las aguas nacionales de los municipios que presenten alguna condici\u00f3n de sequ\u00eda, conforme al reporte quincenal del Monitor de Sequ\u00eda de M\u00e9xico, a implementar las medidas preventivas y de mitigaci\u00f3n contenidas en el Programa de Medidas Preventivas y de Mitigaci\u00f3n de Sequ\u00eda que corresponda al consejo de [&hellip;]<\/p>\n","protected":false},"author":1,"featured_media":153331,"comment_status":"open","ping_status":"open","sticky":false,"template":"","format":"standard","meta":{"footnotes":""},"categories":[8],"tags":[],"class_list":["post-153330","post","type-post","status-publish","format-standard","has-post-thumbnail","hentry","category-pais","entry","has-media"],"jetpack_featured_media_url":"http:\/\/vertienteglobal.com\/wp-content\/uploads\/2020\/04\/IMG_20200409_185715.jpg","_links":{"self":[{"href":"http:\/\/vertienteglobal.com\/index.php?rest_route=\/wp\/v2\/posts\/153330","targetHints":{"allow":["GET"]}}],"collection":[{"href":"http:\/\/vertienteglobal.com\/index.php?rest_route=\/wp\/v2\/posts"}],"about":[{"href":"http:\/\/vertienteglobal.com\/index.php?rest_route=\/wp\/v2\/types\/post"}],"author":[{"embeddable":true,"href":"http:\/\/vertienteglobal.com\/index.php?rest_route=\/wp\/v2\/users\/1"}],"replies":[{"embeddable":true,"href":"http:\/\/vertienteglobal.com\/index.php?rest_route=%2Fwp%2Fv2%2Fcomments&post=153330"}],"version-history":[{"count":0,"href":"http:\/\/vertienteglobal.com\/index.php?rest_route=\/wp\/v2\/posts\/153330\/revisions"}],"wp:featuredmedia":[{"embeddable":true,"href":"http:\/\/vertienteglobal.com\/index.php?rest_route=\/wp\/v2\/media\/153331"}],"wp:attachment":[{"href":"http:\/\/vertienteglobal.com\/index.php?rest_route=%2Fwp%2Fv2%2Fmedia&parent=153330"}],"wp:term":[{"taxonomy":"category","embeddable":true,"href":"http:\/\/vertienteglobal.com\/index.php?rest_route=%2Fwp%2Fv2%2Fcategories&post=153330"},{"taxonomy":"post_tag","embeddable":true,"href":"http:\/\/vertienteglobal.com\/index.php?rest_route=%2Fwp%2Fv2%2Ftags&post=153330"}],"curies":[{"name":"wp","href":"https:\/\/api.w.org\/{rel}","templated":true}]}}