{"id":152626,"date":"2020-04-02T21:49:54","date_gmt":"2020-04-03T03:49:54","guid":{"rendered":"http:\/\/vertienteglobal.com\/?p=152626"},"modified":"2020-04-03T00:43:57","modified_gmt":"2020-04-03T06:43:57","slug":"intensifica-gobierno-municipal-de-mara-lezama-control-de-espacios-publicos-e-cancun-drones-cierre-de-vialidades-y-playas","status":"publish","type":"post","link":"http:\/\/vertienteglobal.com\/?p=152626","title":{"rendered":"Intensifica gobierno municipal de Mara Lezama control de espacios p\u00fablicos de Canc\u00fan: drones, cierre de vialidades y playas"},"content":{"rendered":"\n<div class=\"twitterbutton\" style=\"float: right; padding-left: 5px;\"><a href=\"http:\/\/twitter.com\/share\" class=\"twitter-share-button\" data-count=\"horizontal\" data-text=\"Intensifica gobierno municipal de Mara Lezama control de espacios p\u00fablicos de C...\" data-via=\"https:\/\/twitter.com\/VertienteGloba1\" data-url=\"http:\/\/vertienteglobal.com\/?p=152626\" data-lang=\"es\" data-related=\"Informaci\u00f3n general:S\u00edguenos para que est\u00e9ss informado\"><\/a><\/div>\n<figure class=\"wp-block-gallery columns-1 is-cropped wp-block-gallery-1 is-layout-flex wp-block-gallery-is-layout-flex\"><ul class=\"blocks-gallery-grid\"><li class=\"blocks-gallery-item\"><figure><img loading=\"lazy\" decoding=\"async\" width=\"1024\" height=\"682\" src=\"http:\/\/vertienteglobal.com\/wp-content\/uploads\/2020\/04\/IMG_20200403_013707-1024x682.jpg\" alt=\"\" data-id=\"152627\" data-full-url=\"http:\/\/vertienteglobal.com\/wp-content\/uploads\/2020\/04\/IMG_20200403_013707.jpg\" data-link=\"http:\/\/vertienteglobal.com\/?attachment_id=152627\" class=\"wp-image-152627\" srcset=\"http:\/\/vertienteglobal.com\/wp-content\/uploads\/2020\/04\/IMG_20200403_013707-1024x682.jpg 1024w, http:\/\/vertienteglobal.com\/wp-content\/uploads\/2020\/04\/IMG_20200403_013707-300x200.jpg 300w, http:\/\/vertienteglobal.com\/wp-content\/uploads\/2020\/04\/IMG_20200403_013707-150x100.jpg 150w, http:\/\/vertienteglobal.com\/wp-content\/uploads\/2020\/04\/IMG_20200403_013707-768x512.jpg 768w, http:\/\/vertienteglobal.com\/wp-content\/uploads\/2020\/04\/IMG_20200403_013707.jpg 1280w\" sizes=\"auto, (max-width: 1024px) 100vw, 1024px\" \/><\/figure><\/li><\/ul><\/figure>\n\n\n\n<p>(Antonio Rivera)<\/p>\n\n\n\n<p>Intensifica gobierno municipal control de espacios p\u00fablicos: drones, cierre de vialidades y playas<\/p>\n\n\n\n<p>Canc\u00fan, Quintana Roo, a 2 de abril de 2020.- \u201cEs momento de quedarse en casa no de salir a las calles, salvo los que realicen actividades esenciales, no son vacaciones, el objetivo es salvar vidas y que pronto podamos superar esta situaci\u00f3n\u201d, expres\u00f3 Mara Lezama al dar a conocer las nuevas medidas de seguridad aplicadas en la ciudad, que incluyen cierre de vialidades, filtros en puntos estrat\u00e9gicos, vigilancia con drones y cierre de playas.<\/p>\n\n\n\n<p>La Primera Autoridad Municipal se\u00f1al\u00f3 que, a partir de este jueves 2 de abril inici\u00f3 el Operativo \u201cQu\u00e9date en Casa\u201d como medida preventiva para evitar la propagaci\u00f3n de coronavirus en la ciudadan\u00eda, que es encabezado por la Polic\u00eda de Quintana Roo en coordinaci\u00f3n con la Direcci\u00f3n de Tr\u00e1nsito de Benito Ju\u00e1rez.<\/p>\n\n\n\n<p>Este operativo consiste en el cierre parcial de vialidades en los tres filtros carreteros de la ciudad, ubicados sobre la Av. Colosio (entrada de Playa del Carmen), Av. L\u00f3pez Portillo (entrada M\u00e9rida) y Av. Huayac\u00e1n (libramiento). Tambi\u00e9n se instalaron puntos de control aleatorios, siendo los primeros en las siguientes ubicaciones: Supermanzana 23 (Av. Tulum y Av. Chich\u00e9n), Sm. 69 (Av. L\u00f3pez Portillo y Torcasitas) y en la Av. Kabah (entre Ruta 5 y Talleres).<\/p>\n\n\n\n<p>\u201cEsto nos permitir\u00e1 detectar oportunamente casos de riesgo, ya que se estar\u00e1n realizando pruebas de temperatura y cuestionarios a los automovilistas; seremos estrictos, seamos responsables y seamos solidarios\u201d, indic\u00f3 la Primera Edil.<\/p>\n\n\n\n<p>Las autoridades de seguridad aclararon que en los cierres de avenidas se dejar\u00e1 pasar a los transportes que lleven mercanc\u00eda, insumos b\u00e1sicos o cosas muy indispensables, mientras que al resto de conductores que no tengan alguna actividad esencial que realizar, se les exhortar\u00e1 a regresar a sus casas.<\/p>\n\n\n\n<p>Asimismo, se activ\u00f3 el escuadr\u00f3n \u201cAzor de Drones\u201d de la Polic\u00eda de Quintana Roo, en coordinaci\u00f3n con el Centro de Comando, Control, Comunicaci\u00f3n y C\u00f3mputo (C-2 y C-4), para la visualizaci\u00f3n de im\u00e1genes transmitidas en diferentes regiones, con la finalidad de coadyuvar con los operativos de prevenci\u00f3n ante la pandemia mundial.<\/p>\n\n\n\n<p>Cabe se\u00f1alar que desde la noche de este mi\u00e9rcoles, Mara Lezama emiti\u00f3 un mensaje en video a trav\u00e9s de sus redes sociales en donde confirm\u00f3 la medida federal de cerrar las playas del municipio hasta nuevo aviso, emitida por el Consejo de Salubridad General.<\/p>\n\n\n\n<p>\u201cNinguna persona, sin excepci\u00f3n, deber\u00e1 encontrarse en las playas, esta medida contribuye a la Estrategia Nacional para reducir de forma tajante la transmisi\u00f3n del virus en forma masiva\u201d, puntualiz\u00f3.<\/p>\n\n\n\n<p>CAJA DE DATOS:<\/p>\n\n\n\n<p>Recomendaciones para prevenir el contagio por COVID-19:<\/p>\n\n\n\n<p>Lavarse las manos frecuentemente con agua y jab\u00f3n.<\/p>\n\n\n\n<p>Cubrirse nariz y boca con el lado interno del brazo al toser y estornudar; usar pa\u00f1uelos desechables.<\/p>\n\n\n\n<p>No tocarse los ojos, nariz y boca con las manos sucias.<\/p>\n\n\n\n<p>Mantener desinfectadas las superficies de las casas, escuelas y oficinas, as\u00ed como objetos de uso com\u00fan.<\/p>\n\n\n\n<p>Quedarse en casa si presenta infecci\u00f3n respiratoria, y si supera los 38\u00b0C de fiebre acudir a su unidad de salud.<\/p>\n\n\n\n<p>Mantener una distancia social de un metro con otras personas.<\/p>\n\n\n\n<p>Redes sociales:<\/p>\n\n\n\n<p>Twitter: @MaraLezama ll @AytoCancun<br>Facebook: Mara Lezama ll Ayuntamiento de Benito Ju\u00e1rez<\/p>\n\n\n\n<p>N\u00fameros para informaci\u00f3n:<\/p>\n\n\n\n<p>800 004 4800 Unidad de Inteligencia Epidemiol\u00f3gica, Secretar\u00eda de Salud Federal.<\/p>\n\n\n\n<p>800 277 4780 Call Center, Secretar\u00eda de Turismo.<br>800 832 9198 Atenci\u00f3n de Secretar\u00eda de Salud en Quintana Roo 24 horas del d\u00eda.<\/p>\n\n\n\n<p>N\u00fameros de atenci\u00f3n dependencias municipales:<\/p>\n\n\n\n<p>99 83 38 23 80 atenci\u00f3n psicol\u00f3gica.<\/p>\n\n\n\n<p>99 81 35 46 71 salud mental DIF Benito Ju\u00e1rez.<\/p>\n\n\n\n<p>99 81 61 47 43 l\u00ednea directa denuncia sobrecupo Direcci\u00f3n de Transporte y Vialidad.<\/p>\n\n\n\n<p>99 81 01 54 62 Instituto Municipal de la Mujer.<\/p>\n\n\n\n<p>99 81 43 49 80 Instituto de la Cultura y las Artes.<\/p>\n\n\n\n<p>99 82 60 40 34 Instituto Municipal de la Juventud.<\/p>\n\n\n\n<p>99 88 45 50 70 Instituto Municipal contra las Adicciones.<\/p>\n\n\n\n<p>N\u00famero para denunciar transporte p\u00fablico:<\/p>\n\n\n\n<p>99 81 61 47 43 para denunciar sobrecupo en transporte p\u00fablico.<\/p>\n\n\n\n<p>PROFECO<\/p>\n\n\n\n<p>800 468 4722 N\u00famero de PROFECO por abuso de precios.<\/p>\n\n\n\n<p>99 88 84 27 01 tel\u00e9fono en Canc\u00fan.<\/p>\n\n\n\n<figure class=\"wp-block-gallery columns-1 is-cropped wp-block-gallery-2 is-layout-flex wp-block-gallery-is-layout-flex\"><ul class=\"blocks-gallery-grid\"><li class=\"blocks-gallery-item\"><figure><img loading=\"lazy\" decoding=\"async\" width=\"585\" height=\"391\" src=\"http:\/\/vertienteglobal.com\/wp-content\/uploads\/2020\/04\/cjcovid194-585x391-2.jpg\" alt=\"\" data-id=\"152628\" data-full-url=\"http:\/\/vertienteglobal.com\/wp-content\/uploads\/2020\/04\/cjcovid194-585x391-2.jpg\" data-link=\"http:\/\/vertienteglobal.com\/?attachment_id=152628\" class=\"wp-image-152628\" srcset=\"http:\/\/vertienteglobal.com\/wp-content\/uploads\/2020\/04\/cjcovid194-585x391-2.jpg 585w, http:\/\/vertienteglobal.com\/wp-content\/uploads\/2020\/04\/cjcovid194-585x391-2-300x201.jpg 300w, http:\/\/vertienteglobal.com\/wp-content\/uploads\/2020\/04\/cjcovid194-585x391-2-150x100.jpg 150w\" sizes=\"auto, (max-width: 585px) 100vw, 585px\" \/><\/figure><\/li><\/ul><\/figure>\n","protected":false},"excerpt":{"rendered":"<p>(Antonio Rivera) Intensifica gobierno municipal control de espacios p\u00fablicos: drones, cierre de vialidades y playas Canc\u00fan, Quintana Roo, a 2 de abril de 2020.- \u201cEs momento de quedarse en casa no de salir a las calles, salvo los que realicen actividades esenciales, no son vacaciones, el objetivo es salvar vidas y que pronto podamos superar [&hellip;]<\/p>\n","protected":false},"author":1,"featured_media":152627,"comment_status":"open","ping_status":"open","sticky":false,"template":"","format":"standard","meta":{"footnotes":""},"categories":[3],"tags":[],"class_list":["post-152626","post","type-post","status-publish","format-standard","has-post-thumbnail","hentry","category-quintana-roo","entry","has-media"],"jetpack_featured_media_url":"http:\/\/vertienteglobal.com\/wp-content\/uploads\/2020\/04\/IMG_20200403_013707.jpg","_links":{"self":[{"href":"http:\/\/vertienteglobal.com\/index.php?rest_route=\/wp\/v2\/posts\/152626","targetHints":{"allow":["GET"]}}],"collection":[{"href":"http:\/\/vertienteglobal.com\/index.php?rest_route=\/wp\/v2\/posts"}],"about":[{"href":"http:\/\/vertienteglobal.com\/index.php?rest_route=\/wp\/v2\/types\/post"}],"author":[{"embeddable":true,"href":"http:\/\/vertienteglobal.com\/index.php?rest_route=\/wp\/v2\/users\/1"}],"replies":[{"embeddable":true,"href":"http:\/\/vertienteglobal.com\/index.php?rest_route=%2Fwp%2Fv2%2Fcomments&post=152626"}],"version-history":[{"count":0,"href":"http:\/\/vertienteglobal.com\/index.php?rest_route=\/wp\/v2\/posts\/152626\/revisions"}],"wp:featuredmedia":[{"embeddable":true,"href":"http:\/\/vertienteglobal.com\/index.php?rest_route=\/wp\/v2\/media\/152627"}],"wp:attachment":[{"href":"http:\/\/vertienteglobal.com\/index.php?rest_route=%2Fwp%2Fv2%2Fmedia&parent=152626"}],"wp:term":[{"taxonomy":"category","embeddable":true,"href":"http:\/\/vertienteglobal.com\/index.php?rest_route=%2Fwp%2Fv2%2Fcategories&post=152626"},{"taxonomy":"post_tag","embeddable":true,"href":"http:\/\/vertienteglobal.com\/index.php?rest_route=%2Fwp%2Fv2%2Ftags&post=152626"}],"curies":[{"name":"wp","href":"https:\/\/api.w.org\/{rel}","templated":true}]}}