{"id":152459,"date":"2020-03-31T20:52:00","date_gmt":"2020-04-01T02:52:00","guid":{"rendered":"http:\/\/vertienteglobal.com\/?p=152459"},"modified":"2020-03-31T23:00:58","modified_gmt":"2020-04-01T05:00:58","slug":"secretaria-general-de-gobierno-de-yucatan-da-positivo-a-covid-19","status":"publish","type":"post","link":"http:\/\/vertienteglobal.com\/?p=152459","title":{"rendered":"Secretaria General de Gobierno de Yucat\u00e1n da positivo a Covid-19"},"content":{"rendered":"\n<div class=\"twitterbutton\" style=\"float: right; padding-left: 5px;\"><a href=\"http:\/\/twitter.com\/share\" class=\"twitter-share-button\" data-count=\"horizontal\" data-text=\"Secretaria General de Gobierno de Yucat\u00e1n da positivo a Covid-19\" data-via=\"https:\/\/twitter.com\/VertienteGloba1\" data-url=\"http:\/\/vertienteglobal.com\/?p=152459\" data-lang=\"es\" data-related=\"Informaci\u00f3n general:S\u00edguenos para que est\u00e9ss informado\"><\/a><\/div>\n<figure class=\"wp-block-image size-large\"><img loading=\"lazy\" decoding=\"async\" width=\"800\" height=\"497\" src=\"http:\/\/vertienteglobal.com\/wp-content\/uploads\/2020\/03\/IMG_20200331_233654.jpg\" alt=\"\" class=\"wp-image-152460\" srcset=\"http:\/\/vertienteglobal.com\/wp-content\/uploads\/2020\/03\/IMG_20200331_233654.jpg 800w, http:\/\/vertienteglobal.com\/wp-content\/uploads\/2020\/03\/IMG_20200331_233654-300x186.jpg 300w, http:\/\/vertienteglobal.com\/wp-content\/uploads\/2020\/03\/IMG_20200331_233654-150x93.jpg 150w, http:\/\/vertienteglobal.com\/wp-content\/uploads\/2020\/03\/IMG_20200331_233654-768x477.jpg 768w\" sizes=\"auto, (max-width: 800px) 100vw, 800px\" \/><\/figure>\n\n\n\n<p>(Redacci\u00f3n)<\/p>\n\n\n\n<p>Por lo que su caso tiene un monitoreo sobre su estado de salud como a todos los Ciudadanos que han dado positivo<\/p>\n\n\n\n<p>M\u00e9rida, Yucatan a 31 de marzo de 2020.- El Gobierno del Estado inform\u00f3 que la abogada Mar\u00eda Fritz Sierra, Secretaria General de Gobierno, dio positivo al COVID-19.<\/p>\n\n\n\n<p>La funcionaria se encuentra aislada en su domicilio toda vez que su sintomatolog\u00eda presentada es muy leve.<\/p>\n\n\n\n<p>Por lo que su caso tiene un monitoreo sobre su estado de salud como a todos los Ciudadanos que han dado positivo.<\/p>\n\n\n\n<p>Desde el inicio de la Contingencia se estableci\u00f3 un protocolo interno especial dada las altas responsabilidades constitucionales que desempe\u00f1an para que tanto la Secretaria de Gobierno como el Gobernador del Estado despacharan en edificios distintos, pero manteniendo en todo momento una estrecha colaboraci\u00f3n y comunicaci\u00f3n por medios electr\u00f3nicos y digitales.<\/p>\n","protected":false},"excerpt":{"rendered":"<p>(Redacci\u00f3n) Por lo que su caso tiene un monitoreo sobre su estado de salud como a todos los Ciudadanos que han dado positivo M\u00e9rida, Yucatan a 31 de marzo de 2020.- El Gobierno del Estado inform\u00f3 que la abogada Mar\u00eda Fritz Sierra, Secretaria General de Gobierno, dio positivo al COVID-19. La funcionaria se encuentra aislada [&hellip;]<\/p>\n","protected":false},"author":1,"featured_media":152460,"comment_status":"open","ping_status":"open","sticky":false,"template":"","format":"standard","meta":{"footnotes":""},"categories":[2],"tags":[],"class_list":["post-152459","post","type-post","status-publish","format-standard","has-post-thumbnail","hentry","category-yucatan","entry","has-media"],"jetpack_featured_media_url":"http:\/\/vertienteglobal.com\/wp-content\/uploads\/2020\/03\/IMG_20200331_233654.jpg","_links":{"self":[{"href":"http:\/\/vertienteglobal.com\/index.php?rest_route=\/wp\/v2\/posts\/152459","targetHints":{"allow":["GET"]}}],"collection":[{"href":"http:\/\/vertienteglobal.com\/index.php?rest_route=\/wp\/v2\/posts"}],"about":[{"href":"http:\/\/vertienteglobal.com\/index.php?rest_route=\/wp\/v2\/types\/post"}],"author":[{"embeddable":true,"href":"http:\/\/vertienteglobal.com\/index.php?rest_route=\/wp\/v2\/users\/1"}],"replies":[{"embeddable":true,"href":"http:\/\/vertienteglobal.com\/index.php?rest_route=%2Fwp%2Fv2%2Fcomments&post=152459"}],"version-history":[{"count":0,"href":"http:\/\/vertienteglobal.com\/index.php?rest_route=\/wp\/v2\/posts\/152459\/revisions"}],"wp:featuredmedia":[{"embeddable":true,"href":"http:\/\/vertienteglobal.com\/index.php?rest_route=\/wp\/v2\/media\/152460"}],"wp:attachment":[{"href":"http:\/\/vertienteglobal.com\/index.php?rest_route=%2Fwp%2Fv2%2Fmedia&parent=152459"}],"wp:term":[{"taxonomy":"category","embeddable":true,"href":"http:\/\/vertienteglobal.com\/index.php?rest_route=%2Fwp%2Fv2%2Fcategories&post=152459"},{"taxonomy":"post_tag","embeddable":true,"href":"http:\/\/vertienteglobal.com\/index.php?rest_route=%2Fwp%2Fv2%2Ftags&post=152459"}],"curies":[{"name":"wp","href":"https:\/\/api.w.org\/{rel}","templated":true}]}}