{"id":152447,"date":"2020-03-31T20:46:00","date_gmt":"2020-04-01T02:46:00","guid":{"rendered":"http:\/\/vertienteglobal.com\/?p=152447"},"modified":"2020-03-31T22:23:15","modified_gmt":"2020-04-01T04:23:15","slug":"ya-no-basta-con-el-distanciamiento-social-quedate-en-casa-y-no-salgas-carlos-joaquin","status":"publish","type":"post","link":"http:\/\/vertienteglobal.com\/?p=152447","title":{"rendered":"Ya no basta con el distanciamiento social, qu\u00e9date en casa y no salgas: Carlos Joaqu\u00edn"},"content":{"rendered":"\n<div class=\"twitterbutton\" style=\"float: right; padding-left: 5px;\"><a href=\"http:\/\/twitter.com\/share\" class=\"twitter-share-button\" data-count=\"horizontal\" data-text=\"Ya no basta con el distanciamiento social, qu\u00e9date en casa y no salgas: Carlos ...\" data-via=\"https:\/\/twitter.com\/VertienteGloba1\" data-url=\"http:\/\/vertienteglobal.com\/?p=152447\" data-lang=\"es\" data-related=\"Informaci\u00f3n general:S\u00edguenos para que est\u00e9ss informado\"><\/a><\/div>\n<figure class=\"wp-block-image size-large\"><img loading=\"lazy\" decoding=\"async\" width=\"891\" height=\"483\" src=\"http:\/\/vertienteglobal.com\/wp-content\/uploads\/2020\/03\/IMG_20200331_173332.jpg\" alt=\"\" class=\"wp-image-152448\" srcset=\"http:\/\/vertienteglobal.com\/wp-content\/uploads\/2020\/03\/IMG_20200331_173332.jpg 891w, http:\/\/vertienteglobal.com\/wp-content\/uploads\/2020\/03\/IMG_20200331_173332-300x163.jpg 300w, http:\/\/vertienteglobal.com\/wp-content\/uploads\/2020\/03\/IMG_20200331_173332-150x81.jpg 150w, http:\/\/vertienteglobal.com\/wp-content\/uploads\/2020\/03\/IMG_20200331_173332-768x416.jpg 768w\" sizes=\"auto, (max-width: 891px) 100vw, 891px\" \/><\/figure>\n\n\n\n<p>(Antonio Rivera)<\/p>\n\n\n\n<p>El gobernador de Quintana Roo hace m\u00e1s estrictas las medidas para disminuir contagios por COVID-19 y salvar la vida de la gente. Sanci\u00f3n a quien no obedezca<\/p>\n\n\n\n<p>Negocios de abasto de alimentos y servicios b\u00e1sicos mantienen horarios apropiados. Ante la CFE se insiste en que quien no pueda pagar se les difiera el cobro y no haya cortes<\/p>\n\n\n\n<p>Canc\u00fan, Quintana Roo a 31 de marzo de 2020.- El gobernador de Quintana Roo Carlos Joaqu\u00edn anunci\u00f3 hoy seis puntos con los que se incrementan de manera estricta las medidas preventivas para disminuir la velocidad de contagio por COVID-19 en toda la entidad, proteger a salud y salvar la vida de las personas.<\/p>\n\n\n\n<p>Ya no basta con el distanciamiento social, debemos de mantenernos en casa. \u00a1Qu\u00e9date en casa y no salgas! expres\u00f3 enf\u00e1tico Carlos Joaqu\u00edn en un mensaje dirigido al pueblo quintanarroenses.<\/p>\n\n\n\n<p>\u201cNo est\u00e1n solos. Que no quede duda: estamos trabajando con ustedes\u201d explic\u00f3 a los trabajadores para la defensa del empleo y sus derechos laborales, y a las familias que ser\u00e1n atendidas con el programa de apoyo alimentario.<\/p>\n\n\n\n<p>Este es el mensaje del gobernador Carlos Joaqu\u00edn.<\/p>\n\n\n\n<p>Amigas y amigos.<\/p>\n\n\n\n<p>Estamos en un momento clave. M\u00e9xico pasa por una situaci\u00f3n delicada de la epidemia.<\/p>\n\n\n\n<p>Por ello en Quintana Roo hemos mantenido los controles de b\u00fasqueda de cada uno de los posibles casos positivos y la localizaci\u00f3n y estudio de sus contactos. Por ello tom\u00e9 la decisi\u00f3n de incrementar de manera estricta las medidas de distanciamiento social.<\/p>\n\n\n\n<ol class=\"wp-block-list\"><li>Es indispensable incrementar las acciones para disminuir la velocidad del contagio. Que quede claro. Ya no basta la sana distancia, debemos de mantenernos en casa. \u00a1Qu\u00e9date en casa y no salgas!<\/li><\/ol>\n\n\n\n<p>He solicitado a la Secretar\u00eda de Seguridad P\u00fablica y a la Guardia Nacional nos apoyen a pedirle a la gente permanecer en su hogar.<\/p>\n\n\n\n<ol class=\"wp-block-list\"><li>Vamos a ser m\u00e1s vigilantes en qui\u00e9n entra y qui\u00e9n sale a nuestro estado, intensificar los cuestionarios de salud y la auto declaraci\u00f3n obligatoria en las estaciones de autobuses y en los aeropuertos. Y estamos instalando controles sanitarios en las siete entradas carreteras al estado, desde Yucat\u00e1n y Campeche.<\/li><li>Tambi\u00e9n vigilaremos la movilidad interna. En coordinaci\u00f3n con las autoridades municipales estamos poniendo filtros a lo largo de la carretera entre Chetumal Canc\u00fan cuidando las entradas y salidas a las ciudades, la intenci\u00f3n es detectar personas con s\u00edntomas de la enfermedad y disminuir la dispersi\u00f3n del contagio.<\/li><\/ol>\n\n\n\n<p>Les solicito su comprensi\u00f3n por las molestias que ello implique y su colaboraci\u00f3n para seguir las indicaciones sanitarias. Quien no obedezca ser\u00e1 acreedor a las sanciones que nuestras leyes establecen.<\/p>\n\n\n\n<ol class=\"wp-block-list\"><li>Aumentaremos la comunicaci\u00f3n oficial para insistir a todos de la necesidad de guardarse en casa. Es preciso no hacer caso de noticias falsas y alarmistas que s\u00f3lo buscan confundir y dividirnos. A trav\u00e9s del 911 y de todos los canales de comunicaci\u00f3n estatal y municipales podr\u00e1n expresar sus dudas y necesidades.<\/li><li>Todo el personal del Gobierno del Estado trabaja desde casa y mantenemos guardias donde es necesario hacerlo cuidando las medidas preventivas de higiene y distanciamiento. El personal de Salud, de Protecci\u00f3n Civil, de Agua Potable, de Seguridad P\u00fablica e impartici\u00f3n de justicia, de regulaci\u00f3n comercial y de transporte se mantienen trabajando en la primera l\u00ednea de acci\u00f3n. Los estamos cuidando con equipo de protecci\u00f3n adecuada.<\/li><li>Hemos acordado con supermercados, tiendas de conveniencia, farmacias, embotelladoras de agua, tortiller\u00edas, gasolineras y gaseras para mantener el abasto en horarios apropiados para el bienestar de la poblaci\u00f3n. Nos aseguraremos de que los servicios p\u00fablicos funcionen adecuadamente.<\/li><\/ol>\n\n\n\n<p>Quiero insistir en que ya no basta con la sana distancia. \u00a1Qu\u00e9date en casa! cuidemos de nuestros padres, abuelos y abuelas, a nuestras familias, cuid\u00e9monos todos. A ti quintanarroense, te pido \u00a1qu\u00e9date en casa!, esa es tu tarea.<\/p>\n\n\n\n<p>Nosotros para salvar vidas estamos aumentando el personal capacitado, hospitales, centros de salud, camas, ventiladores y monitores conforme al modelo de la Organizaci\u00f3n Mundial de la Salud.<\/p>\n\n\n\n<p>En coordinaci\u00f3n con el Ej\u00e9rcito Mexicano y el INSABI estamos, adem\u00e1s, activando el hospital oncol\u00f3gico en Chetumal y el nuevo centro de salud de Tulum para tener mayor capacidad de hospitalaria.<\/p>\n\n\n\n<p>En otra vertiente, para cuidar el ingreso de las familias hemos sumado a m\u00e1s de 1000 empresas en un pacto de solidaridad por Quintana Roo. <\/p>\n\n\n\n<p>Encontramos f\u00f3rmulas con ellos para mantener tu trabajo ofreciendo los est\u00edmulos fiscales de apoyos que han aceptado.<\/p>\n\n\n\n<p>Agradezco a todos los empresarios que han hecho caso a nuestro llamado de corresponder a las familias de Quintana Roo; sin embargo, no todos han sido solidarios, hay quienes han despedido a su planta laboral. <\/p>\n\n\n\n<p>Con la Secretar\u00eda del Trabajo y Previsi\u00f3n Social del Estado iniciamos un plan de defensa de los derechos de los trabajadores con atenci\u00f3n inmediata, especial y directa, que obligue a los patrones a cumplir con sus obligaciones. No est\u00e1n solos, aplicaremos la ley, aqu\u00ed los vamos a apoyar.<\/p>\n\n\n\n<p>Seguimos insistiendo ante la Comisi\u00f3n Federal de Electricidad para que quienes no puedan pagar se les difiera el cobro, estaremos atentos a que no corten el servicio. <\/p>\n\n\n\n<p>Con el IMSS, el Infonavit y el Fonacot estamos trabajando para diferir pagos y evitar sanciones.<\/p>\n\n\n\n<p>Los proveedores de internet, telefon\u00eda celular y televisi\u00f3n de paga han respondido a nuestra solicitud para ser flexibles durante esta contingencia y evitar cortes. Mi gratitud por ello.<\/p>\n\n\n\n<p>Sin duda dos acciones que son fundamentales para la tranquilidad de las familias son la alimentaci\u00f3n y la seguridad.<\/p>\n\n\n\n<p>Para la primera, en coordinaci\u00f3n con las presidentas y los presidentes municipales entregaremos alimentos casa por casa a los que m\u00e1s lo necesitan, especial atenci\u00f3n tendr\u00e1n quienes han perdido su trabajo o han visto disminuido sus ingresos. <\/p>\n\n\n\n<p>Estamos hablando de m\u00e1s de 400,000 hogares en todo el estado. Son parte sensible de la gran familia quintanarroense.<\/p>\n\n\n\n<p>Esta misma semana estaremos dando a conocer el programa y su forma de operaci\u00f3n. <\/p>\n\n\n\n<p>Que no haya duda: estamos con ustedes y mi prioridad es que t\u00fa y tu familia tengan que comer.<\/p>\n\n\n\n<p>En materia de seguridad, trabajamos en vigilancia cibern\u00e9tica para detectar e inhibir saqueos y actos vand\u00e1licos, fraudes o extorsiones. <\/p>\n\n\n\n<p>Tambi\u00e9n operamos a trav\u00e9s del monitoreo de las casi 2000 c\u00e1maras para detectar, prevenir o reaccionar ante la comisi\u00f3n de alg\u00fan delito. <\/p>\n\n\n\n<p>Realizamos continuos patrullajes con contingentes de elementos policiales en todas las ciudades con los operativos de m\u00e1xima presencia y de comercio seguro.<\/p>\n\n\n\n<p>Siempre he estado atento a sus preocupaciones, a los planteamientos que me hacen los quintanarroenses. <\/p>\n\n\n\n<p>Lo m\u00e1s importante para m\u00ed ha sido escucharles y estar cerca de ustedes, porque s\u00e9 que el que escucha no se equivoca. <\/p>\n\n\n\n<p>Me han manifestado la importancia de reaccionar con rapidez, contundencia y tomar medidas en contra de la epidemia, con la responsabilidad de trabajar con los expertos y sin ning\u00fan sesgo pol\u00edtico.<\/p>\n\n\n\n<p>Hoy vivimos tiempos muy complicados. Solo con nuestro trabajo en equipo Quintana Roo seguir\u00e1 siendo el lugar del que todos nos sentimos orgullosos, en el que decidimos vivir. <\/p>\n\n\n\n<p>No podemos fallar, las nuevas generaciones nos observan y conf\u00edan en nosotros. <\/p>\n\n\n\n<p>No hay espacio para dudas o titubear. <\/p>\n\n\n\n<p>Nadie debe excluirse ni se puede quedar atr\u00e1s.<\/p>\n\n\n\n<p>Es ahora y aqu\u00ed.<\/p>\n\n\n\n<p>Juntos saldremos adelante.<\/p>\n","protected":false},"excerpt":{"rendered":"<p>(Antonio Rivera) El gobernador de Quintana Roo hace m\u00e1s estrictas las medidas para disminuir contagios por COVID-19 y salvar la vida de la gente. Sanci\u00f3n a quien no obedezca Negocios de abasto de alimentos y servicios b\u00e1sicos mantienen horarios apropiados. Ante la CFE se insiste en que quien no pueda pagar se les difiera el [&hellip;]<\/p>\n","protected":false},"author":1,"featured_media":152448,"comment_status":"open","ping_status":"open","sticky":false,"template":"","format":"standard","meta":{"footnotes":""},"categories":[3],"tags":[],"class_list":["post-152447","post","type-post","status-publish","format-standard","has-post-thumbnail","hentry","category-quintana-roo","entry","has-media"],"jetpack_featured_media_url":"http:\/\/vertienteglobal.com\/wp-content\/uploads\/2020\/03\/IMG_20200331_173332.jpg","_links":{"self":[{"href":"http:\/\/vertienteglobal.com\/index.php?rest_route=\/wp\/v2\/posts\/152447","targetHints":{"allow":["GET"]}}],"collection":[{"href":"http:\/\/vertienteglobal.com\/index.php?rest_route=\/wp\/v2\/posts"}],"about":[{"href":"http:\/\/vertienteglobal.com\/index.php?rest_route=\/wp\/v2\/types\/post"}],"author":[{"embeddable":true,"href":"http:\/\/vertienteglobal.com\/index.php?rest_route=\/wp\/v2\/users\/1"}],"replies":[{"embeddable":true,"href":"http:\/\/vertienteglobal.com\/index.php?rest_route=%2Fwp%2Fv2%2Fcomments&post=152447"}],"version-history":[{"count":0,"href":"http:\/\/vertienteglobal.com\/index.php?rest_route=\/wp\/v2\/posts\/152447\/revisions"}],"wp:featuredmedia":[{"embeddable":true,"href":"http:\/\/vertienteglobal.com\/index.php?rest_route=\/wp\/v2\/media\/152448"}],"wp:attachment":[{"href":"http:\/\/vertienteglobal.com\/index.php?rest_route=%2Fwp%2Fv2%2Fmedia&parent=152447"}],"wp:term":[{"taxonomy":"category","embeddable":true,"href":"http:\/\/vertienteglobal.com\/index.php?rest_route=%2Fwp%2Fv2%2Fcategories&post=152447"},{"taxonomy":"post_tag","embeddable":true,"href":"http:\/\/vertienteglobal.com\/index.php?rest_route=%2Fwp%2Fv2%2Ftags&post=152447"}],"curies":[{"name":"wp","href":"https:\/\/api.w.org\/{rel}","templated":true}]}}