{"id":152362,"date":"2020-03-30T19:48:00","date_gmt":"2020-03-31T01:48:00","guid":{"rendered":"http:\/\/vertienteglobal.com\/?p=152362"},"modified":"2020-03-30T21:02:41","modified_gmt":"2020-03-31T03:02:41","slug":"declaran-emergencia-sanitaria-por-causa-de-fuerza-mayor-en-mexico-por-covid-19","status":"publish","type":"post","link":"http:\/\/vertienteglobal.com\/?p=152362","title":{"rendered":"Declaran emergencia sanitaria por causa de fuerza mayor en M\u00e9xico por Covid-19"},"content":{"rendered":"\n<div class=\"twitterbutton\" style=\"float: right; padding-left: 5px;\"><a href=\"http:\/\/twitter.com\/share\" class=\"twitter-share-button\" data-count=\"horizontal\" data-text=\"Declaran emergencia sanitaria por causa de fuerza mayor en M\u00e9xico por Covid-19\" data-via=\"https:\/\/twitter.com\/VertienteGloba1\" data-url=\"http:\/\/vertienteglobal.com\/?p=152362\" data-lang=\"es\" data-related=\"Informaci\u00f3n general:S\u00edguenos para que est\u00e9ss informado\"><\/a><\/div>\n<figure class=\"wp-block-image size-large\"><img loading=\"lazy\" decoding=\"async\" width=\"1024\" height=\"683\" src=\"http:\/\/vertienteglobal.com\/wp-content\/uploads\/2020\/03\/100975.jpg\" alt=\"\" class=\"wp-image-152363\" srcset=\"http:\/\/vertienteglobal.com\/wp-content\/uploads\/2020\/03\/100975.jpg 1024w, http:\/\/vertienteglobal.com\/wp-content\/uploads\/2020\/03\/100975-300x200.jpg 300w, http:\/\/vertienteglobal.com\/wp-content\/uploads\/2020\/03\/100975-150x100.jpg 150w, http:\/\/vertienteglobal.com\/wp-content\/uploads\/2020\/03\/100975-768x512.jpg 768w\" sizes=\"auto, (max-width: 1024px) 100vw, 1024px\" \/><\/figure>\n\n\n\n<p>(Redacci\u00f3n)<\/p>\n\n\n\n<p>La Secretar\u00eda de Gobernaci\u00f3n (Segob) debe mantener comunicaci\u00f3n constante con los Poderes de la Uni\u00f3n y las entidades federativas, as\u00ed como de las representaciones de la sociedad civil, y en conjunto con la coordinaci\u00f3n general de Comunicaci\u00f3n y Vocer\u00eda de la Presidencia, con los medios de comunicaci\u00f3n para promover el cumplimiento de las medidas descritas<\/p>\n\n\n\n<p>Ciudad de M\u00e9xico a 30 de marzo de 2020.- El secretario de Relaciones Exteriores, Marcelo Ebrard, inform\u00f3 que el Consejo de Salubridad General declar\u00f3 emergencia sanitaria por causa de fuerza mayor en M\u00e9xico, debido al virus Covid-19.<\/p>\n\n\n\n<p>Y es que dxplic\u00f3 que el acuerdo entrar\u00e1 en vigor el d\u00eda de su publicaci\u00f3n en el Diario Oficial de la Federaci\u00f3n (DOF) y estar\u00e1 vigente hasta el 30 de abril del 2020.<\/p>\n\n\n\n<p>Por su parte, el subsecretario de Salud, Hugo L\u00f3pez-Gatell puntualiz\u00f3 que la emergencia sanitaria no quiere decir que habr\u00e1 toque de queda o desabasto de productos.<\/p>\n\n\n\n<p>La Secretar\u00eda de Gobernaci\u00f3n (Segob) debe mantener comunicaci\u00f3n constante con los Poderes de la Uni\u00f3n y las entidades federativas, as\u00ed como de las representaciones de la sociedad civil, y en conjunto con la coordinaci\u00f3n general de Comunicaci\u00f3n y Vocer\u00eda de la Presidencia, con los medios de comunicaci\u00f3n para promover el cumplimiento de las medidas descritas.<\/p>\n\n\n\n<p>El Instituto Nacional de Migraci\u00f3n (INM) deber\u00e1 tomar las medidas sanitarias necesarias en puertos, aeropuertos y puntos terrestres de ingreso al territorio nacional.<\/p>\n\n\n\n<p>La secretar\u00eda de Hacienda, Econom\u00eda, Trabajo, IMSS, ISSSTE e Infonavit deber\u00e1n operar las medidas necesarias para proteger a empresas y trabajadores durante la vigencia de la declaratoria, estableciendo comunicaci\u00f3n permanente con sus representaciones.<\/p>\n","protected":false},"excerpt":{"rendered":"<p>(Redacci\u00f3n) La Secretar\u00eda de Gobernaci\u00f3n (Segob) debe mantener comunicaci\u00f3n constante con los Poderes de la Uni\u00f3n y las entidades federativas, as\u00ed como de las representaciones de la sociedad civil, y en conjunto con la coordinaci\u00f3n general de Comunicaci\u00f3n y Vocer\u00eda de la Presidencia, con los medios de comunicaci\u00f3n para promover el cumplimiento de las medidas [&hellip;]<\/p>\n","protected":false},"author":1,"featured_media":152363,"comment_status":"open","ping_status":"open","sticky":false,"template":"","format":"standard","meta":{"footnotes":""},"categories":[8],"tags":[],"class_list":["post-152362","post","type-post","status-publish","format-standard","has-post-thumbnail","hentry","category-pais","entry","has-media"],"jetpack_featured_media_url":"http:\/\/vertienteglobal.com\/wp-content\/uploads\/2020\/03\/100975.jpg","_links":{"self":[{"href":"http:\/\/vertienteglobal.com\/index.php?rest_route=\/wp\/v2\/posts\/152362","targetHints":{"allow":["GET"]}}],"collection":[{"href":"http:\/\/vertienteglobal.com\/index.php?rest_route=\/wp\/v2\/posts"}],"about":[{"href":"http:\/\/vertienteglobal.com\/index.php?rest_route=\/wp\/v2\/types\/post"}],"author":[{"embeddable":true,"href":"http:\/\/vertienteglobal.com\/index.php?rest_route=\/wp\/v2\/users\/1"}],"replies":[{"embeddable":true,"href":"http:\/\/vertienteglobal.com\/index.php?rest_route=%2Fwp%2Fv2%2Fcomments&post=152362"}],"version-history":[{"count":0,"href":"http:\/\/vertienteglobal.com\/index.php?rest_route=\/wp\/v2\/posts\/152362\/revisions"}],"wp:featuredmedia":[{"embeddable":true,"href":"http:\/\/vertienteglobal.com\/index.php?rest_route=\/wp\/v2\/media\/152363"}],"wp:attachment":[{"href":"http:\/\/vertienteglobal.com\/index.php?rest_route=%2Fwp%2Fv2%2Fmedia&parent=152362"}],"wp:term":[{"taxonomy":"category","embeddable":true,"href":"http:\/\/vertienteglobal.com\/index.php?rest_route=%2Fwp%2Fv2%2Fcategories&post=152362"},{"taxonomy":"post_tag","embeddable":true,"href":"http:\/\/vertienteglobal.com\/index.php?rest_route=%2Fwp%2Fv2%2Ftags&post=152362"}],"curies":[{"name":"wp","href":"https:\/\/api.w.org\/{rel}","templated":true}]}}