{"id":152252,"date":"2020-03-29T19:24:00","date_gmt":"2020-03-30T01:24:00","guid":{"rendered":"http:\/\/vertienteglobal.com\/?p=152252"},"modified":"2020-03-29T20:25:14","modified_gmt":"2020-03-30T02:25:14","slug":"fue-un-montaje-el-que-me-negara-a-tomarme-la-temperatura-acusa-amlo","status":"publish","type":"post","link":"http:\/\/vertienteglobal.com\/?p=152252","title":{"rendered":"Fue un montaje el que me negara a tomarme la temperatura, acusa AMLO"},"content":{"rendered":"\n<div class=\"twitterbutton\" style=\"float: right; padding-left: 5px;\"><a href=\"http:\/\/twitter.com\/share\" class=\"twitter-share-button\" data-count=\"horizontal\" data-text=\"Fue un montaje el que me negara a tomarme la temperatura, acusa AMLO\" data-via=\"https:\/\/twitter.com\/VertienteGloba1\" data-url=\"http:\/\/vertienteglobal.com\/?p=152252\" data-lang=\"es\" data-related=\"Informaci\u00f3n general:S\u00edguenos para que est\u00e9ss informado\"><\/a><\/div>\n<figure class=\"wp-block-image size-large\"><img loading=\"lazy\" decoding=\"async\" width=\"1024\" height=\"683\" src=\"http:\/\/vertienteglobal.com\/wp-content\/uploads\/2020\/03\/1092725.jpg\" alt=\"\" class=\"wp-image-152253\" srcset=\"http:\/\/vertienteglobal.com\/wp-content\/uploads\/2020\/03\/1092725.jpg 1024w, http:\/\/vertienteglobal.com\/wp-content\/uploads\/2020\/03\/1092725-300x200.jpg 300w, http:\/\/vertienteglobal.com\/wp-content\/uploads\/2020\/03\/1092725-150x100.jpg 150w, http:\/\/vertienteglobal.com\/wp-content\/uploads\/2020\/03\/1092725-768x512.jpg 768w\" sizes=\"auto, (max-width: 1024px) 100vw, 1024px\" \/><\/figure>\n\n\n\n<p>(Redacci\u00f3n)<\/p>\n\n\n\n<p>el mandatario federal subray\u00f3 que a su llegada a la terminal de Tijuana se le aplic\u00f3 el filtro sanitario por parte del equipo m\u00e9dico encargado, \u201ccomo cualquier pasajero me toman la temperatura\u201d<\/p>\n\n\n\n<p>Ciudad de M\u00e9xico a 29 de marzo de 2020.- El presidente Andr\u00e9s Manuel L\u00f3pez Obrador, aclar\u00f3 que la supuesta negatividad de su parte a que se le tomara la temperatura al salir del aeropuerto de Tijuana con rumbo a Culiac\u00e1n, fue un montaje.<\/p>\n\n\n\n<p>Y es que el titular del Ejecutivo, se\u00f1al\u00f3 que el montaje -replicado por varios medios- es resultado de que \u201cest\u00e1n muy molestos porque no aceptan la transformaci\u00f3n, pero yo soy perseverante, yo no voy a dar ni un paso atr\u00e1s, adem\u00e1s son millones los mexicanos que queremos que haya un verdadero cambio, de modo que vamos hacia adelante, estoy muy bien y de buenas\u201d.<\/p>\n\n\n\n<p>Afirm\u00f3 que previo a abordar su vuelo salieron dos personas, una de ellas un periodista de Reforma, a quienes les se\u00f1al\u00f3 que ya se hab\u00eda tomado la temperatura, a lo que el periodista le pregunt\u00f3 \u201c&#8217;\u00bfpor qu\u00e9 usted no se deja tomar la temperatura?&#8217; y sigui\u00f3 insistiendo, &#8216;\u00bfpor qu\u00e9 usted no hace caso a las recomendaciones?&#8217;, y le dije -con todo respeto- eres un provocador\u201d.<\/p>\n\n\n\n<p>Lo anterior lo se\u00f1al\u00f3 en un video en su cuenta de Twittter (@lopezobrador_); en este el mandatario federal subray\u00f3 que a su llegada a la terminal de Tijuana se le aplic\u00f3 el filtro sanitario por parte del equipo m\u00e9dico encargado, \u201ccomo cualquier pasajero me toman la temperatura\u201d.<\/p>\n","protected":false},"excerpt":{"rendered":"<p>(Redacci\u00f3n) el mandatario federal subray\u00f3 que a su llegada a la terminal de Tijuana se le aplic\u00f3 el filtro sanitario por parte del equipo m\u00e9dico encargado, \u201ccomo cualquier pasajero me toman la temperatura\u201d Ciudad de M\u00e9xico a 29 de marzo de 2020.- El presidente Andr\u00e9s Manuel L\u00f3pez Obrador, aclar\u00f3 que la supuesta negatividad de su [&hellip;]<\/p>\n","protected":false},"author":1,"featured_media":152253,"comment_status":"open","ping_status":"open","sticky":false,"template":"","format":"standard","meta":{"footnotes":""},"categories":[8],"tags":[],"class_list":["post-152252","post","type-post","status-publish","format-standard","has-post-thumbnail","hentry","category-pais","entry","has-media"],"jetpack_featured_media_url":"http:\/\/vertienteglobal.com\/wp-content\/uploads\/2020\/03\/1092725.jpg","_links":{"self":[{"href":"http:\/\/vertienteglobal.com\/index.php?rest_route=\/wp\/v2\/posts\/152252","targetHints":{"allow":["GET"]}}],"collection":[{"href":"http:\/\/vertienteglobal.com\/index.php?rest_route=\/wp\/v2\/posts"}],"about":[{"href":"http:\/\/vertienteglobal.com\/index.php?rest_route=\/wp\/v2\/types\/post"}],"author":[{"embeddable":true,"href":"http:\/\/vertienteglobal.com\/index.php?rest_route=\/wp\/v2\/users\/1"}],"replies":[{"embeddable":true,"href":"http:\/\/vertienteglobal.com\/index.php?rest_route=%2Fwp%2Fv2%2Fcomments&post=152252"}],"version-history":[{"count":0,"href":"http:\/\/vertienteglobal.com\/index.php?rest_route=\/wp\/v2\/posts\/152252\/revisions"}],"wp:featuredmedia":[{"embeddable":true,"href":"http:\/\/vertienteglobal.com\/index.php?rest_route=\/wp\/v2\/media\/152253"}],"wp:attachment":[{"href":"http:\/\/vertienteglobal.com\/index.php?rest_route=%2Fwp%2Fv2%2Fmedia&parent=152252"}],"wp:term":[{"taxonomy":"category","embeddable":true,"href":"http:\/\/vertienteglobal.com\/index.php?rest_route=%2Fwp%2Fv2%2Fcategories&post=152252"},{"taxonomy":"post_tag","embeddable":true,"href":"http:\/\/vertienteglobal.com\/index.php?rest_route=%2Fwp%2Fv2%2Ftags&post=152252"}],"curies":[{"name":"wp","href":"https:\/\/api.w.org\/{rel}","templated":true}]}}