{"id":152128,"date":"2020-03-28T10:50:00","date_gmt":"2020-03-28T16:50:00","guid":{"rendered":"http:\/\/vertienteglobal.com\/?p=152128"},"modified":"2020-03-28T14:34:25","modified_gmt":"2020-03-28T20:34:25","slug":"despiden-en-cancun-30-de-los-trabajadores-croc","status":"publish","type":"post","link":"http:\/\/vertienteglobal.com\/?p=152128","title":{"rendered":"Despiden en Canc\u00fan, 30% de los trabajadores: CROC"},"content":{"rendered":"\n<div class=\"twitterbutton\" style=\"float: right; padding-left: 5px;\"><a href=\"http:\/\/twitter.com\/share\" class=\"twitter-share-button\" data-count=\"horizontal\" data-text=\"Despiden en Canc\u00fan, 30% de los trabajadores: CROC\" data-via=\"https:\/\/twitter.com\/VertienteGloba1\" data-url=\"http:\/\/vertienteglobal.com\/?p=152128\" data-lang=\"es\" data-related=\"Informaci\u00f3n general:S\u00edguenos para que est\u00e9ss informado\"><\/a><\/div>\n<figure class=\"wp-block-image size-large\"><img loading=\"lazy\" decoding=\"async\" width=\"750\" height=\"450\" src=\"http:\/\/vertienteglobal.com\/wp-content\/uploads\/2020\/03\/IMG_20200328_135853.jpg\" alt=\"\" class=\"wp-image-152129\" srcset=\"http:\/\/vertienteglobal.com\/wp-content\/uploads\/2020\/03\/IMG_20200328_135853.jpg 750w, http:\/\/vertienteglobal.com\/wp-content\/uploads\/2020\/03\/IMG_20200328_135853-300x180.jpg 300w, http:\/\/vertienteglobal.com\/wp-content\/uploads\/2020\/03\/IMG_20200328_135853-150x90.jpg 150w\" sizes=\"auto, (max-width: 750px) 100vw, 750px\" \/><\/figure>\n\n\n\n<p>(Antonio Rivera)<\/p>\n\n\n\n<p>Afirm\u00f3 que han promovido movimientos laborales al interior de los centros de hospedaje, principalmente de cadenas espa\u00f1olas, para exigir que se respeten los derechos de las personas ante el cierre inminente, pero temporal, de los hoteles<\/p>\n\n\n\n<p>Canc\u00fan, Quintana Roo a 28 de marzo de 2020.- El dirigente de la CROC en Canc\u00fan, Mario MAfirm\u00f3 que han promovido movimientos laborales al interior de los centros de hospedaje, principalmente de cadenas espa\u00f1olas, para exigir que se respeten los derechos de las personas ante el cierre inminente, pero temporal, de los hoteles.achuca, dio a conocer que de los 80,000 trabajadores que representa la Confederaci\u00f3n Revolucionaria de Obreros y Campesinos (CROC) en Canc\u00fan, 70% entr\u00f3 a esquemas de descansos obligatorios con goce de al menos un salario m\u00ednimo durante la contingencia del Covid-19.<\/p>\n\n\n\n<p>Ante diversos medios de comunicaci\u00f3n, el l\u00edder de la CROC, se\u00f1al\u00f3 que el restante 30% fue despedido de manera inmediata sin ninguna consideraci\u00f3n para las familias que dependen de dichas fuentes de trabajo.<\/p>\n\n\n\n<p>Afirm\u00f3 que han promovido movimientos laborales al interior de los centros de hospedaje, principalmente de cadenas espa\u00f1olas, para exigir que se respeten los derechos de las personas ante el cierre inminente, pero temporal, de los hoteles.<\/p>\n\n\n\n<p>Dio como ejemplo a los hoteles Royal, donde a pesar de tener una plantilla de m\u00e1s de 1,800 trabajadores, decidieron no despedir a sus empleados, tanto fijos como eventuales.<\/p>\n\n\n\n<p>Coment\u00f3: \u00abEl hecho de mantener los sueldos \u00edntegros adem\u00e1s de las prestaciones de ley como Seguro Social e Infonavit en una crisis como la que estamos viviendo es de aplaudirse a algunos empresarios\u201d.<\/p>\n\n\n\n<p>Manifest\u00f3 que en cada una de las negociaciones entabladas desde el inicio del cierre de hoteles se solicit\u00f3 a los hoteleros mantener el mayor tiempo posible a sus empleados, de lo contrario se puede crear un conflicto social, ante la incertidumbre de quedarse sin empleo en una crisis de esta magnitud como la que se est\u00e1 viviendo a nivel internacional.<\/p>\n\n\n\n<p>Por \u00faltimo agreg\u00f3 que con cada empresa las negociaciones tuvieron distintos resultados: en algunos casos se logra el compromiso de mantener todos los empleos durante el tiempo que dure la contingencia con los ingresos \u00edntegros o se comprometen al pago de un salario m\u00ednimo como condici\u00f3n para no despedir a todo el personal; mientras otros aplican descansos solidarios sin goce de sueldo.<\/p>\n","protected":false},"excerpt":{"rendered":"<p>(Antonio Rivera) Afirm\u00f3 que han promovido movimientos laborales al interior de los centros de hospedaje, principalmente de cadenas espa\u00f1olas, para exigir que se respeten los derechos de las personas ante el cierre inminente, pero temporal, de los hoteles Canc\u00fan, Quintana Roo a 28 de marzo de 2020.- El dirigente de la CROC en Canc\u00fan, Mario [&hellip;]<\/p>\n","protected":false},"author":1,"featured_media":152129,"comment_status":"open","ping_status":"open","sticky":false,"template":"","format":"standard","meta":{"footnotes":""},"categories":[3],"tags":[],"class_list":["post-152128","post","type-post","status-publish","format-standard","has-post-thumbnail","hentry","category-quintana-roo","entry","has-media"],"jetpack_featured_media_url":"http:\/\/vertienteglobal.com\/wp-content\/uploads\/2020\/03\/IMG_20200328_135853.jpg","_links":{"self":[{"href":"http:\/\/vertienteglobal.com\/index.php?rest_route=\/wp\/v2\/posts\/152128","targetHints":{"allow":["GET"]}}],"collection":[{"href":"http:\/\/vertienteglobal.com\/index.php?rest_route=\/wp\/v2\/posts"}],"about":[{"href":"http:\/\/vertienteglobal.com\/index.php?rest_route=\/wp\/v2\/types\/post"}],"author":[{"embeddable":true,"href":"http:\/\/vertienteglobal.com\/index.php?rest_route=\/wp\/v2\/users\/1"}],"replies":[{"embeddable":true,"href":"http:\/\/vertienteglobal.com\/index.php?rest_route=%2Fwp%2Fv2%2Fcomments&post=152128"}],"version-history":[{"count":0,"href":"http:\/\/vertienteglobal.com\/index.php?rest_route=\/wp\/v2\/posts\/152128\/revisions"}],"wp:featuredmedia":[{"embeddable":true,"href":"http:\/\/vertienteglobal.com\/index.php?rest_route=\/wp\/v2\/media\/152129"}],"wp:attachment":[{"href":"http:\/\/vertienteglobal.com\/index.php?rest_route=%2Fwp%2Fv2%2Fmedia&parent=152128"}],"wp:term":[{"taxonomy":"category","embeddable":true,"href":"http:\/\/vertienteglobal.com\/index.php?rest_route=%2Fwp%2Fv2%2Fcategories&post=152128"},{"taxonomy":"post_tag","embeddable":true,"href":"http:\/\/vertienteglobal.com\/index.php?rest_route=%2Fwp%2Fv2%2Ftags&post=152128"}],"curies":[{"name":"wp","href":"https:\/\/api.w.org\/{rel}","templated":true}]}}