{"id":152002,"date":"2020-03-26T13:42:00","date_gmt":"2020-03-26T19:42:00","guid":{"rendered":"http:\/\/vertienteglobal.com\/?p=152002"},"modified":"2020-03-26T14:23:23","modified_gmt":"2020-03-26T20:23:23","slug":"fallece-primer-paciente-por-covid-19-en-cancun-confirma-la-secretaria-de-salud","status":"publish","type":"post","link":"http:\/\/vertienteglobal.com\/?p=152002","title":{"rendered":"Fallece primer paciente por Covid-19 en Canc\u00fan, confirma la Secretar\u00eda de Salud"},"content":{"rendered":"\n<div class=\"twitterbutton\" style=\"float: right; padding-left: 5px;\"><a href=\"http:\/\/twitter.com\/share\" class=\"twitter-share-button\" data-count=\"horizontal\" data-text=\"Fallece primer paciente por Covid-19 en Canc\u00fan, confirma la Secretar\u00eda de Salu...\" data-via=\"https:\/\/twitter.com\/VertienteGloba1\" data-url=\"http:\/\/vertienteglobal.com\/?p=152002\" data-lang=\"es\" data-related=\"Informaci\u00f3n general:S\u00edguenos para que est\u00e9ss informado\"><\/a><\/div>\n<figure class=\"wp-block-image size-large\"><img loading=\"lazy\" decoding=\"async\" width=\"817\" height=\"521\" src=\"http:\/\/vertienteglobal.com\/wp-content\/uploads\/2020\/03\/IMG_20200326_145239.jpg\" alt=\"\" class=\"wp-image-152003\" srcset=\"http:\/\/vertienteglobal.com\/wp-content\/uploads\/2020\/03\/IMG_20200326_145239.jpg 817w, http:\/\/vertienteglobal.com\/wp-content\/uploads\/2020\/03\/IMG_20200326_145239-300x191.jpg 300w, http:\/\/vertienteglobal.com\/wp-content\/uploads\/2020\/03\/IMG_20200326_145239-150x96.jpg 150w, http:\/\/vertienteglobal.com\/wp-content\/uploads\/2020\/03\/IMG_20200326_145239-768x490.jpg 768w\" sizes=\"auto, (max-width: 817px) 100vw, 817px\" \/><\/figure>\n\n\n\n<p>(Antonio Rivera)<\/p>\n\n\n\n<p>Informo que la mayor\u00eda est\u00e1n en Benito Ju\u00e1rez, cuatro en Solidaridad y uno en Oth\u00f3n P. Blanco (en realidad de Bacalar, pero trasladado a Chetumal)<\/p>\n\n\n\n<p>Canc\u00fan Quintana Roo a 26 de marzo de 2020.- Un hombre mexicano, de 74 a\u00f1os de edad, falleci\u00f3 esta ma\u00f1ana en el Hospital General \u201cJes\u00fas Kumate D\u00edaz\u201d de esta ciudad, producto de coronavirus COVID-19.<\/p>\n\n\n\n<p>Y es que la Secretar\u00eda de Salud confirm\u00f3 este deceso, que ya se hab\u00eda informado previamente.<\/p>\n\n\n\n<p>Explic\u00f3: \u201cIngres\u00f3 a terapia intensiva en estado grave y entre sus factores de riesgo presentaba evoluci\u00f3n de varios a\u00f1os de hipertensi\u00f3n, diabetes y tabaquismo\u201d.<\/p>\n\n\n\n<p>La autoridad estatal, se\u00f1al\u00f3 que esta persona se convirti\u00f3 as\u00ed en el primer fallecido por esta enfermedad en Quintana Roo y el octavo a nivel nacional.<\/p>\n\n\n\n<p>Afirm\u00f3 que sus contactos fueron oportunamente identificados. Est\u00e1n bajo vigilancia sanitaria y en aislamiento.<\/p>\n\n\n\n<p>Por ello, hasta el corte de ayer por la tarde, se ten\u00edan 138 casos sospechosos, de los que 92 fueron descartado, 19 est\u00e1n en estudio y 27 son positivos.<\/p>\n\n\n\n<p>De los positivos, la mayor\u00eda est\u00e1n en Benito Ju\u00e1rez, cuatro en Solidaridad y uno en Oth\u00f3n P. Blanco (en realidad de Bacalar, pero trasladado a Chetumal).<\/p>\n\n\n\n<p>Se sabe que hay tres casos sospechosos de coronavirus en Cozumel; adem\u00e1s, un taxista de Tulum que enferm\u00f3 desde el jueves pasado fue llevado a Yucat\u00e1n para su atenci\u00f3n, raz\u00f3n por la que no figura en el conteo oficial.<\/p>\n","protected":false},"excerpt":{"rendered":"<p>(Antonio Rivera) Informo que la mayor\u00eda est\u00e1n en Benito Ju\u00e1rez, cuatro en Solidaridad y uno en Oth\u00f3n P. Blanco (en realidad de Bacalar, pero trasladado a Chetumal) Canc\u00fan Quintana Roo a 26 de marzo de 2020.- Un hombre mexicano, de 74 a\u00f1os de edad, falleci\u00f3 esta ma\u00f1ana en el Hospital General \u201cJes\u00fas Kumate D\u00edaz\u201d de [&hellip;]<\/p>\n","protected":false},"author":1,"featured_media":152004,"comment_status":"open","ping_status":"open","sticky":false,"template":"","format":"standard","meta":{"footnotes":""},"categories":[3],"tags":[],"class_list":["post-152002","post","type-post","status-publish","format-standard","has-post-thumbnail","hentry","category-quintana-roo","entry","has-media"],"jetpack_featured_media_url":"http:\/\/vertienteglobal.com\/wp-content\/uploads\/2020\/03\/1092196.jpg","_links":{"self":[{"href":"http:\/\/vertienteglobal.com\/index.php?rest_route=\/wp\/v2\/posts\/152002","targetHints":{"allow":["GET"]}}],"collection":[{"href":"http:\/\/vertienteglobal.com\/index.php?rest_route=\/wp\/v2\/posts"}],"about":[{"href":"http:\/\/vertienteglobal.com\/index.php?rest_route=\/wp\/v2\/types\/post"}],"author":[{"embeddable":true,"href":"http:\/\/vertienteglobal.com\/index.php?rest_route=\/wp\/v2\/users\/1"}],"replies":[{"embeddable":true,"href":"http:\/\/vertienteglobal.com\/index.php?rest_route=%2Fwp%2Fv2%2Fcomments&post=152002"}],"version-history":[{"count":0,"href":"http:\/\/vertienteglobal.com\/index.php?rest_route=\/wp\/v2\/posts\/152002\/revisions"}],"wp:featuredmedia":[{"embeddable":true,"href":"http:\/\/vertienteglobal.com\/index.php?rest_route=\/wp\/v2\/media\/152004"}],"wp:attachment":[{"href":"http:\/\/vertienteglobal.com\/index.php?rest_route=%2Fwp%2Fv2%2Fmedia&parent=152002"}],"wp:term":[{"taxonomy":"category","embeddable":true,"href":"http:\/\/vertienteglobal.com\/index.php?rest_route=%2Fwp%2Fv2%2Fcategories&post=152002"},{"taxonomy":"post_tag","embeddable":true,"href":"http:\/\/vertienteglobal.com\/index.php?rest_route=%2Fwp%2Fv2%2Ftags&post=152002"}],"curies":[{"name":"wp","href":"https:\/\/api.w.org\/{rel}","templated":true}]}}