{"id":151888,"date":"2020-03-25T13:34:00","date_gmt":"2020-03-25T19:34:00","guid":{"rendered":"http:\/\/vertienteglobal.com\/?p=151888"},"modified":"2020-03-25T20:03:36","modified_gmt":"2020-03-26T02:03:36","slug":"anuncia-gobierno-de-mara-que-repartiran-medio-millon-de-despensas-en-cancun-puerta-por-puerta","status":"publish","type":"post","link":"http:\/\/vertienteglobal.com\/?p=151888","title":{"rendered":"Anuncia gobierno de Mara que repartir\u00e1n medio mill\u00f3n de despensas en Canc\u00fan, puerta por puerta"},"content":{"rendered":"\n<div class=\"twitterbutton\" style=\"float: right; padding-left: 5px;\"><a href=\"http:\/\/twitter.com\/share\" class=\"twitter-share-button\" data-count=\"horizontal\" data-text=\"Anuncia gobierno de Mara que repartir\u00e1n medio mill\u00f3n de despensas en Canc\u00fan, ...\" data-via=\"https:\/\/twitter.com\/VertienteGloba1\" data-url=\"http:\/\/vertienteglobal.com\/?p=151888\" data-lang=\"es\" data-related=\"Informaci\u00f3n general:S\u00edguenos para que est\u00e9ss informado\"><\/a><\/div>\n<figure class=\"wp-block-image size-large\"><img loading=\"lazy\" decoding=\"async\" width=\"768\" height=\"512\" src=\"http:\/\/vertienteglobal.com\/wp-content\/uploads\/2020\/03\/IMG_20200325_152146.jpg\" alt=\"\" class=\"wp-image-151889\" srcset=\"http:\/\/vertienteglobal.com\/wp-content\/uploads\/2020\/03\/IMG_20200325_152146.jpg 768w, http:\/\/vertienteglobal.com\/wp-content\/uploads\/2020\/03\/IMG_20200325_152146-300x200.jpg 300w, http:\/\/vertienteglobal.com\/wp-content\/uploads\/2020\/03\/IMG_20200325_152146-150x100.jpg 150w\" sizes=\"auto, (max-width: 768px) 100vw, 768px\" \/><\/figure>\n\n\n\n<p>(Redacci\u00f3n)<\/p>\n\n\n\n<p>Aguilar Osorio dijo agradecer la respuesta ciudadana ante la actual pandemia, pues el movimiento en las calles est\u00e1 muy reducido. Cerca del 90% de las cadenas de restaurantes han cerrado y el transporte funciona con muy pocos usuarios<\/p>\n\n\n\n<p>Canc\u00fan, Quintana Roo a 25 de marzo de 2020.- El Ayuntamiento de Benito Ju\u00e1rez y el Gobierno del Estado aportar\u00e1n cada uno 250 mil despensas, para ser repartidas casa por casa en la ciudad, en una fecha a definirse, coment\u00f3 el secretario general de la comuna, Jorge Aguilar Osorio, que enfatiz\u00f3 que no habr\u00e1 puntos de reparto.<\/p>\n\n\n\n<p>Y es que el funcionario municipal, se\u00f1al\u00f3 que al tratarse de una gasto considerable, adem\u00e1s de una log\u00edstica complicada, todav\u00eda se trabaja en los detalles de esta ayuda, para paliar la actual contingencia sanitaria, pero se espera que sea lo antes posible, pues hay mucha necesidad.<\/p>\n\n\n\n<p>Dijo: \u00abSabemos que lo m\u00e1s preocupante es la gente que vive al d\u00eda y debemos ver c\u00f3mo ayudarles, pues ya sienten la presi\u00f3n\u201d, explic\u00f3. \u201cLa verdad es que es nuestra preocupaci\u00f3n m\u00e1s grande y sobre ello estamos trabajando\u201d.<\/p>\n\n\n\n<p>Explic\u00f3 que se tendr\u00e1n que organizar brigadas, que acudir\u00e1n casa por casa, con base en las c\u00e9dulas catastrales. No habr\u00e1 puntos de reparto y en el Palacio Municipal no se entregar\u00e1n despensas, indic\u00f3, para que no se haga caso a supuestas convocatorias en redes, sino que se queden en casa en espera de la ayuda.<\/p>\n\n\n\n<p>Ciudad detenida<\/p>\n\n\n\n<p>Aguilar Osorio dijo agradecer la respuesta ciudadana ante la actual pandemia, pues el movimiento en las calles est\u00e1 muy reducido. Cerca del 90% de las cadenas de restaurantes han cerrado y el transporte funciona con muy pocos usuarios.<\/p>\n\n\n\n<p>\u201cYa tenemos el doble de casos que la semana pasada, si continuamos incrementando geom\u00e9tricamente, se complicar\u00e1 la situaci\u00f3n. Debemos mantener las medidas de higiene y distanciamiento social\u201d, enfatiz\u00f3. \u201cLa fase 2, de contagio entre nosotros, es m\u00e1s complicada y requiere el doble de esfuerzo\u201d.<\/p>\n\n\n\n<p>Sobre la baja en el transporte, opin\u00f3 que los concesionarios deber\u00e1n ajustarse y sacar menos unidades a la calle.<\/p>\n\n\n\n<p>Revel\u00f3 que estos empresarios les solicitaron un apoyo para el di\u00e9sel, lo que les fue negado, pues todos son igualmente afectados por la pandemia, incluido el Ayuntamiento.<\/p>\n\n\n\n<p>\u201cNo podemos absorber sus costos; baj\u00f3 la recaudaci\u00f3n y tambi\u00e9n tenemos gastos, como pago de basura, n\u00f3mina, gasolina para patrullas\u2026\u201d, declar\u00f3 el secretario general.<\/p>\n\n\n\n<p>De hecho, ya se toman medidas de austeridad, como disminuir gasolina, retirar a los trabajadores m\u00e1s temprano para reducir gasto energ\u00e9tico, menos papeler\u00eda. Eventualmente, deber\u00e1n quedarse con lo m\u00e1s b\u00e1sico, que es Protecci\u00f3n Civil, Bomberos, Seguridad P\u00fablica y Servicios P\u00fablicos.<\/p>\n\n\n\n<p>Reiter\u00f3 que los actos de fiscalizaci\u00f3n est\u00e1n suspendidos, por lo que no debe haber ning\u00fan tipo de presi\u00f3n para acudir a realizar tr\u00e1mites. La presidenta municipal, Mara Lezama Espinosa, pronto anunciar\u00e1 una pr\u00f3rroga en el plazo para diversos derechos y tr\u00e1mites.<\/p>\n\n\n\n<p>\u2018Mas grab\u00e9 que Wilma\u2019<\/p>\n\n\n\n<p>El funcionario municipal opin\u00f3 que la situaci\u00f3n actual es m\u00e1s grave que con el hurac\u00e1n Wilma, pues al menos con un cicl\u00f3n se tiene una certeza en su tiempo de duraci\u00f3n.<\/p>\n\n\n\n<p>\u201cAqu\u00ed no tenemos una fecha exacta. Estamos en una fase 2, que es lo m\u00e1s complicado. Debo decirlo tambi\u00e9n, el sistema nacional de salud es sumamente fr\u00e1gil ante una situaci\u00f3n de contagio\u201d, coment\u00f3.<\/p>\n\n\n\n<p>Por ello, toca apoyarnos entre todos, lo que incluye mantener en n\u00f3mina a todos los colaboradores, pues aunque sabe que es dif\u00edcil, poner gente en la calle puede crear un desorden.<\/p>\n\n\n\n<p>Agreg\u00f3: \u201cEllos (las empresas) viven de nuestras playas, de nuestras riqueza, de nuestra gente. Ahora es cuando tienen que ser solidario. La presidenta ya lo dijo: quien no sea solidario con la gente no recibir\u00e1 solidaridad del Ayuntamiento\u00bb.<\/p>\n","protected":false},"excerpt":{"rendered":"<p>(Redacci\u00f3n) Aguilar Osorio dijo agradecer la respuesta ciudadana ante la actual pandemia, pues el movimiento en las calles est\u00e1 muy reducido. Cerca del 90% de las cadenas de restaurantes han cerrado y el transporte funciona con muy pocos usuarios Canc\u00fan, Quintana Roo a 25 de marzo de 2020.- El Ayuntamiento de Benito Ju\u00e1rez y el [&hellip;]<\/p>\n","protected":false},"author":1,"featured_media":151889,"comment_status":"open","ping_status":"open","sticky":false,"template":"","format":"standard","meta":{"footnotes":""},"categories":[3],"tags":[],"class_list":["post-151888","post","type-post","status-publish","format-standard","has-post-thumbnail","hentry","category-quintana-roo","entry","has-media"],"jetpack_featured_media_url":"http:\/\/vertienteglobal.com\/wp-content\/uploads\/2020\/03\/IMG_20200325_152146.jpg","_links":{"self":[{"href":"http:\/\/vertienteglobal.com\/index.php?rest_route=\/wp\/v2\/posts\/151888","targetHints":{"allow":["GET"]}}],"collection":[{"href":"http:\/\/vertienteglobal.com\/index.php?rest_route=\/wp\/v2\/posts"}],"about":[{"href":"http:\/\/vertienteglobal.com\/index.php?rest_route=\/wp\/v2\/types\/post"}],"author":[{"embeddable":true,"href":"http:\/\/vertienteglobal.com\/index.php?rest_route=\/wp\/v2\/users\/1"}],"replies":[{"embeddable":true,"href":"http:\/\/vertienteglobal.com\/index.php?rest_route=%2Fwp%2Fv2%2Fcomments&post=151888"}],"version-history":[{"count":0,"href":"http:\/\/vertienteglobal.com\/index.php?rest_route=\/wp\/v2\/posts\/151888\/revisions"}],"wp:featuredmedia":[{"embeddable":true,"href":"http:\/\/vertienteglobal.com\/index.php?rest_route=\/wp\/v2\/media\/151889"}],"wp:attachment":[{"href":"http:\/\/vertienteglobal.com\/index.php?rest_route=%2Fwp%2Fv2%2Fmedia&parent=151888"}],"wp:term":[{"taxonomy":"category","embeddable":true,"href":"http:\/\/vertienteglobal.com\/index.php?rest_route=%2Fwp%2Fv2%2Fcategories&post=151888"},{"taxonomy":"post_tag","embeddable":true,"href":"http:\/\/vertienteglobal.com\/index.php?rest_route=%2Fwp%2Fv2%2Ftags&post=151888"}],"curies":[{"name":"wp","href":"https:\/\/api.w.org\/{rel}","templated":true}]}}