{"id":151851,"date":"2020-03-24T21:50:00","date_gmt":"2020-03-25T03:50:00","guid":{"rendered":"http:\/\/vertienteglobal.com\/?p=151851"},"modified":"2020-03-24T23:19:50","modified_gmt":"2020-03-25T05:19:50","slug":"van-cinco-muertes-por-covid-19-en-mexico","status":"publish","type":"post","link":"http:\/\/vertienteglobal.com\/?p=151851","title":{"rendered":"Van cinco muertes por Covid-19 en M\u00e9xico"},"content":{"rendered":"\n<div class=\"twitterbutton\" style=\"float: right; padding-left: 5px;\"><a href=\"http:\/\/twitter.com\/share\" class=\"twitter-share-button\" data-count=\"horizontal\" data-text=\"Van cinco muertes por Covid-19 en M\u00e9xico\" data-via=\"https:\/\/twitter.com\/VertienteGloba1\" data-url=\"http:\/\/vertienteglobal.com\/?p=151851\" data-lang=\"es\" data-related=\"Informaci\u00f3n general:S\u00edguenos para que est\u00e9ss informado\"><\/a><\/div>\n<figure class=\"wp-block-image size-large\"><img loading=\"lazy\" decoding=\"async\" width=\"1024\" height=\"683\" src=\"http:\/\/vertienteglobal.com\/wp-content\/uploads\/2020\/03\/100367.jpg\" alt=\"\" class=\"wp-image-151852\" srcset=\"http:\/\/vertienteglobal.com\/wp-content\/uploads\/2020\/03\/100367.jpg 1024w, http:\/\/vertienteglobal.com\/wp-content\/uploads\/2020\/03\/100367-300x200.jpg 300w, http:\/\/vertienteglobal.com\/wp-content\/uploads\/2020\/03\/100367-150x100.jpg 150w, http:\/\/vertienteglobal.com\/wp-content\/uploads\/2020\/03\/100367-768x512.jpg 768w\" sizes=\"auto, (max-width: 1024px) 100vw, 1024px\" \/><\/figure>\n\n\n\n<p>(Redacci\u00f3n)<\/p>\n\n\n\n<p>Todas las personas con s\u00edntomas ser\u00e1n consideras con Covid-19: Salud<\/p>\n\n\n\n<p>Inform\u00f3 que es imposible hacer todas las muestras a las personas con la enfermedad, por lo que podr\u00eda existir un subregistro de cifras por Covid-19 en M\u00e9xico<\/p>\n\n\n\n<p>Ciudad de M\u00e9xico a 24 de marzo de 2020.- A partir de ahora todas las personas con s\u00edntomas deben ser consideradas como portadoras del Covid-19, se\u00f1al\u00f3 el subsecretario de Promoci\u00f3n y Prevenci\u00f3n de la Salud, Hugo L\u00f3pez-Gatell.<\/p>\n\n\n\n<p>Y es que en conferencia de prensa, el funcionario se\u00f1al\u00f3 que es imposible hacer todas las muestras a las personas con la enfermedad, por lo que podr\u00eda existir un subregistro de cifras por Covid-19 en M\u00e9xico.<\/p>\n\n\n\n<p>Agreg\u00f3 que no se necesitan las pruebas para hacer las medidas de contenci\u00f3n, ya que las personas que entran en aislamiento tan solo con presentar s\u00edntomas y se clasifican como casos sospechosos de la enfermedad. <\/p>\n\n\n\n<p>Asimismo, la Secretar\u00eda de Salud federal inform\u00f3 que hasta el momento van cinco muertos por el Covid-19 en el pa\u00eds.<\/p>\n\n\n\n<p>Explicaron que en cuanto al total de casos confirmados van 405 y sospechosos son mil 219.<\/p>\n\n\n\n<p>Se\u00f1alaron que la \u00faltima defunci\u00f3n que se sum\u00f3 este martes, es una persona del sexo femenino.<\/p>\n\n\n\n<p>En una nueva tabla explicaron que entre los padecimientos que ten\u00edan las personas est\u00e1n: obesidad, diabetes, hipertensi\u00f3n, insuficiencia renal cr\u00f3nica y EPOC.<\/p>\n\n\n\n<p>Agregaron que hasta el momento los fallecimientos se han registrado en Ciudad de M\u00e9xico (3), Durango (1) y Jalisco (1). (Fuente: milenio)<\/p>\n","protected":false},"excerpt":{"rendered":"<p>(Redacci\u00f3n) Todas las personas con s\u00edntomas ser\u00e1n consideras con Covid-19: Salud Inform\u00f3 que es imposible hacer todas las muestras a las personas con la enfermedad, por lo que podr\u00eda existir un subregistro de cifras por Covid-19 en M\u00e9xico Ciudad de M\u00e9xico a 24 de marzo de 2020.- A partir de ahora todas las personas con [&hellip;]<\/p>\n","protected":false},"author":1,"featured_media":151852,"comment_status":"open","ping_status":"open","sticky":false,"template":"","format":"standard","meta":{"footnotes":""},"categories":[8],"tags":[],"class_list":["post-151851","post","type-post","status-publish","format-standard","has-post-thumbnail","hentry","category-pais","entry","has-media"],"jetpack_featured_media_url":"http:\/\/vertienteglobal.com\/wp-content\/uploads\/2020\/03\/100367.jpg","_links":{"self":[{"href":"http:\/\/vertienteglobal.com\/index.php?rest_route=\/wp\/v2\/posts\/151851","targetHints":{"allow":["GET"]}}],"collection":[{"href":"http:\/\/vertienteglobal.com\/index.php?rest_route=\/wp\/v2\/posts"}],"about":[{"href":"http:\/\/vertienteglobal.com\/index.php?rest_route=\/wp\/v2\/types\/post"}],"author":[{"embeddable":true,"href":"http:\/\/vertienteglobal.com\/index.php?rest_route=\/wp\/v2\/users\/1"}],"replies":[{"embeddable":true,"href":"http:\/\/vertienteglobal.com\/index.php?rest_route=%2Fwp%2Fv2%2Fcomments&post=151851"}],"version-history":[{"count":0,"href":"http:\/\/vertienteglobal.com\/index.php?rest_route=\/wp\/v2\/posts\/151851\/revisions"}],"wp:featuredmedia":[{"embeddable":true,"href":"http:\/\/vertienteglobal.com\/index.php?rest_route=\/wp\/v2\/media\/151852"}],"wp:attachment":[{"href":"http:\/\/vertienteglobal.com\/index.php?rest_route=%2Fwp%2Fv2%2Fmedia&parent=151851"}],"wp:term":[{"taxonomy":"category","embeddable":true,"href":"http:\/\/vertienteglobal.com\/index.php?rest_route=%2Fwp%2Fv2%2Fcategories&post=151851"},{"taxonomy":"post_tag","embeddable":true,"href":"http:\/\/vertienteglobal.com\/index.php?rest_route=%2Fwp%2Fv2%2Ftags&post=151851"}],"curies":[{"name":"wp","href":"https:\/\/api.w.org\/{rel}","templated":true}]}}